{"id":8830,"date":"2009-05-05T11:00:28","date_gmt":"2009-05-05T08:00:28","guid":{"rendered":"http:\/\/www.korhanyilmaz.com\/?p=8830"},"modified":"2009-05-05T11:00:28","modified_gmt":"2009-05-05T08:00:28","slug":"dugunde-katliam-44-olu","status":"publish","type":"post","link":"http:\/\/www.korhanyilmaz.com\/?p=8830","title":{"rendered":"D\u00fc\u011f\u00fcnde katliam: 44 \u00f6l\u00fc"},"content":{"rendered":"<p style=\"text-align: center;\"><img loading=\"lazy\" decoding=\"async\" class=\"aligncenter size-full wp-image-8831\" src=\"http:\/\/www.korhanyilmaz.com\/wp-content\/uploads\/2009\/05\/050520091146060078899.jpg\" alt=\"\" width=\"329\" height=\"210\" \/><\/p>\n<p style=\"text-align: justify;\"><strong><span style=\"font-family: Arial;\">Mardin&#8217;in Maz\u0131da\u011f\u0131 \u0130l\u00e7esi&#8217;ne ba\u011fl\u0131 Bilge K\u00f6y\u00fc&#8217;nde d\u00fc\u011f\u00fcn yerine maskeli ki\u015filerin 4 de\u011fi\u015fik koldan otomatik silahlarla yapt\u0131\u011f\u0131 sald\u0131r\u0131da ortal\u0131k kan g\u00f6l\u00fcne d\u00f6nd\u00fc.<\/span><\/strong><\/p>\n<p style=\"text-align: justify;\">MARD\u0130N&#8217;\u0131n Maz\u0131da\u011f \u0130l\u00e7esi&#8217;ne ba\u011fl\u0131 Bilge K\u00f6y\u00fc&#8217;nde eski muhtar Cemil \u00c7elebi&#8217;nin k\u0131z\u0131 Sevgi ile Hatip Ar\u0131&#8217;n\u0131n d\u00fcn gece ni\u015fan t\u00f6renini basan y\u00fczleri maskeli sald\u0131rganlar Kala\u015fnikof silahla evdekileri taray\u0131p katliam yapt\u0131. Y\u00fczleri maskeli ve 5- 6 ki\u015fi olduklar\u0131 belirlenen sald\u0131rganlar, ni\u015fan e\u011flencesi ba\u015flamadan yap\u0131lacak dini nikah \u00f6ncesi iki odada namaz k\u0131lan, aralar\u0131nda kad\u0131n ve \u00e7ocuklar\u0131n da bulundu\u011fu insanlar\u0131n \u00fczerine yayl\u0131m ate\u015f a\u00e7t\u0131. Kan g\u00f6l\u00fcne d\u00f6nen evde aralar\u0131nda ni\u015fanl\u0131 \u00e7iftin de bulundu\u011fu 44 ki\u015fi ya\u015fam\u0131n\u0131 yitirirken, 3 ki\u015fi de yaraland\u0131. Sald\u0131r\u0131yla ilgili 8 ki\u015fi silahlar\u0131yla birlikte yakaland\u0131.<\/p>\n<p style=\"text-align: justify;\"><span style=\"font-family: Arial,Verdana,Helvetica,sans-serif; font-size: x-small;\"><!--more--><\/span><\/p>\n<p style=\"text-align: justify;\">Maz\u0131da\u011f\u0131 \u0130l\u00e7esi&#8217;ne ba\u011fl\u0131 32 haneli ve yakla\u015f\u0131k 300 n\u00fcfuslu ve b\u00fcy\u00fck b\u00f6l\u00fcm\u00fc ge\u00e7ici k\u00f6y korucusu olan Bilge K\u00f6y\u00fc d\u00fcn gece katliama sahne oldu. K\u00f6yde koruculuk yapan \u00c7elebi Ailesi&#8217;nin baz\u0131 fertlerinin ak\u015fam g\u00f6reve gitmesinin ard\u0131ndan eski muhtar Cemil \u00c7elebi&#8217;nin k\u0131z\u0131 Sevgi ile yak\u0131ndaki Sultan K\u00f6y\u00fc&#8217;nden olan ancak Diyarbak\u0131r&#8217;da oturan Ar\u0131 Ailesi&#8217;nin o\u011flu Habip&#8217;in ni\u015fan ve dini nikah\u0131 i\u00e7in \u00c7elebi Ailesi&#8217;nin evinde toplan\u0131ld\u0131.<\/p>\n<p style=\"text-align: justify;\">Ni\u015fan \u00f6ncesi dini hikah k\u0131ymak \u00fczere \u00e7a\u011fr\u0131lan k\u00f6y imam\u0131 Kaz\u0131m Ozan, evde bulunanlar\u0131 yats\u0131 namaz\u0131na davet etti. Kad\u0131n ve erkeklerin ayr\u0131 odalarda namaza durdu\u011fu saat 21.00 s\u0131ralar\u0131nda ellerinde Kala\u015fnikof t\u00fcfeklerle eve giren y\u00fczleri maskeli 5- 6 ki\u015fi, i\u00e7erdekileritaramaya ba\u015flad\u0131.<\/p>\n<p style=\"text-align: justify;\"><strong>SALDIRI 15 DAK\u0130KA S\u00dcRD\u00dc<\/strong><\/p>\n<p style=\"text-align: justify;\">Korucular\u0131n b\u00fcy\u00fck b\u00f6l\u00fcm\u00fcn\u00fcn k\u00f6y d\u0131\u015f\u0131nda g\u00f6revde olmalar\u0131ndan yararlanan sald\u0131rganlar yakla\u015f\u0131k 15 dakika s\u00fcreyle evdekilere ate\u015f etmeyi s\u00fcrd\u00fcrd\u00fc. K\u00f6yde yank\u0131lanan silah seslerini, di\u011fer aileler ni\u015fan kutlamas\u0131 yap\u0131ld\u0131\u011f\u0131n\u0131 d\u00fc\u015f\u00fcnerek sald\u0131r\u0131y\u0131 ge\u00e7 fark etti. Ak\u015fam saatlerinden itibaren Suriye \u00fczerinden gelen kum f\u0131rt\u0131nas\u0131n\u0131n etkisiyle k\u00f6yde g\u00f6r\u00fc\u015f mesafesinin 10 metreye kadar d\u00fc\u015fmesinden de yararlanan sald\u0131rganlar, takip edilmelerini \u00f6nlemek i\u00e7in ara\u00e7lar\u0131n lastiklerini de kestikten sonra ka\u00e7t\u0131.<\/p>\n<p style=\"text-align: justify;\">K\u00f6y \u00e7evresindeki mevzilerde bulunan korucular ka\u00e7an ki\u015filer oldu\u011funu g\u00f6r\u00fcnce olay\u0131 fark eden korucula\u00fcr, sald\u0131rganlar\u0131n pe\u015finden ate\u015f a\u00e7t\u0131. Korucularla da 20 dakika kadar \u00e7at\u0131\u015fan sald\u0131rganlar izlerini kaybettirdi.<br \/>\n<strong><br \/>\nB\u00d6YLE VAH\u015eET G\u00d6RMED\u0130M<\/strong>\n<\/p>\n<p style=\"text-align: justify;\">Katliama sahne olan \u00c7elebi AEilesi&#8217;nin evine olaydan sonra ilk girenler aras\u0131nda bulunan k\u00f6yl\u00fclerden Abdullah Akan, i\u015flenen vah\u015feti g\u00f6r\u00fcnce \u015foke oldu\u011funu s\u00f6yledi.<\/p>\n<p style=\"text-align: justify;\">Katilam\u0131n evde bulunanlar\u0131n namaz k\u0131larken yap\u0131ld\u0131\u011f\u0131n\u0131 belirten Akan, &#8220;Eve girdi\u011fimde her taraf ceset doluydu. \u00d6nde imam arkas\u0131nda erkekler, hepsi \u00f6lm\u00fc\u015ft\u00fc. Di\u011fer odada kad\u0131n ve \u00e7ocuklar vard\u0131. \u0130\u00e7erisi kan g\u00f6l\u00fcyd\u00fc. Ben hayat\u0131mda b\u00f6yle vah\u015fet g\u00f6rmedim&#8221; dedi.<\/p>\n<p style=\"text-align: justify;\"><strong>\u00d6LENLERDEN 22&#8217;S\u0130 KADIN VE \u00c7OCUK<\/strong><\/p>\n<p style=\"text-align: justify;\">Sald\u0131r\u0131n\u0131n \u00f6\u011frenilmesinin ard\u0131ndan Bilge K\u00f6y\u00fc&#8217;ne, Maz\u0131da\u011f\u0131 ve Mardin&#8217;den \u00e7ok say\u0131da ambulans ve g\u00fcvenlik g\u00f6revlisi sevk edildi. \u00d6len ve yaral\u0131lar ambulans ve bulunan ara\u00e7larla Mardin Devlet Hastanesi&#8217;ne kald\u0131r\u0131ld\u0131.<\/p>\n<p style=\"text-align: justify;\">Katliamda, 6&#8217;s\u0131 \u00e7ocuk, 16&#8217;s\u0131 kad\u0131n olmak \u00fczere toplam 44 ki\u015fi ya\u015fam\u0131n\u0131 yitirdi\u011fi, 3 ki\u015fi de yaraland\u0131\u011f\u0131 saptand\u0131. Yaral\u0131lardan 3 ya\u015f\u0131ndaki Medine \u00c7elebi ile 18 ya\u015f\u0131ndaki Hediye \u00c7elebi Diyarbak\u0131r Dicle \u00dcniversitesi T\u0131p Fak\u00fcltesi Hastanesi&#8217;ne g\u00f6t\u00fcr\u00fclerek tedavi alt\u0131na al\u0131nd\u0131.<\/p>\n<p style=\"text-align: justify;\"><strong>34 K\u0130\u015e\u0130 \u00c7ELEB\u0130 A\u0130LES\u0130NDEN<\/strong><\/p>\n<p style=\"text-align: justify;\">Sald\u0131r\u0131da \u00c7elebi ailesinden k\u00f6y muhtar\u0131 Mehmet \u00c7elebi, gelinin babas\u0131 eski muhtar Cemil \u00c7elebi, ni\u015fan\u0131 yap\u0131lan k\u0131z\u0131 Sevgi ile Salih, Y\u0131ld\u0131z, Ali, \u015e\u00fckran, Arife, Mehtiye, Veysi, Emine, Abdulkadir, Abdulvahap, Vahap, Abdulvahap, Fesih, Mehdi, \u015eehmuz, Mehmet, Vedat, Kerim ve Salih \u00c7elebi olmak \u00fczere 34 ki\u015fi ya\u015fam\u0131n\u0131 yitirdi. Damat Hatip Ar\u0131, karde\u015fi 4 ya\u015f\u0131ndaki Ruken, babas\u0131 Mithat ve annesi Kafi Ar\u0131 da ya\u015fam\u0131n\u0131 yitirenler aras\u0131nda bulundu. \u00d6len di\u011fer ki\u015filerle birlikte sald\u0131r\u0131da 44 ki\u015fi ya\u015fam\u0131n\u0131 yitirdi.<\/p>\n<p style=\"text-align: justify;\">Sald\u0131r\u0131 nedeniyle kentteki t\u00fcm doktorlar g\u00f6reve \u00e7a\u011f\u0131r\u0131larak Mardin Devlet Hastanesi&#8217;ne getirildi. Hastane \u00e7evresinde g\u00fcvenlik g\u00fc\u00e7leri geni\u015f \u00f6nlemler al\u0131rken, sald\u0131r\u0131da hayat\u0131n\u0131 kaybedenlerin yak\u0131nlar\u0131 hastane \u00f6n\u00fcne ak\u0131n ederek g\u00f6zya\u015flar\u0131 d\u00f6k\u00fcp a\u011f\u0131tlar yakt\u0131. Cumhuriyet savc\u0131lar\u0131 bir yandan cesetlere otopsi yaparken, bir yandanda kimlikleri tespit etmeye \u00e7al\u0131\u015ft\u0131. Hastane \u00f6n\u00fcnde sabah\u0131n ilk \u0131\u015f\u0131klar\u0131na kadar feryatlar hi\u00e7 susmad\u0131.<\/p>\n<p style=\"text-align: justify;\"><strong>8 K\u0130\u015e\u0130 S\u0130LAHLARIYLA YAKALANDI<\/strong><\/p>\n<p style=\"text-align: justify;\">Katliam\u0131n ard\u0131ndan g\u00fcvenlik g\u00fc\u00e7leri b\u00f6lgede yapt\u0131klar\u0131 operasyonda sald\u0131r\u0131y\u0131 ger\u00e7ekle\u015ftirdikleri gerek\u00e7esiyle 8 ki\u015fiyi silahlar\u0131yla birlikte yakalad\u0131.<\/p>\n<p style=\"text-align: justify;\">Bu ki\u015filerin soru\u015fturmas\u0131 jandarmada s\u00fcrd\u00fcr\u00fcl\u00fcrken, katiamda hayatlar\u0131n\u0131 kaybeden \u00c7elebi ailesi ile ayn\u0131 soyad\u0131 ta\u015f\u0131d\u0131klar\u0131 \u00f6\u011frenildi. \u00c7elebi soyadl\u0131 8 ki\u015finin sorgusu devam ederken, \u00fczerlerinde ele ge\u00e7en silahlar da balistik incelemeye al\u0131nd\u0131.<\/p>\n<p style=\"text-align: justify;\"><strong>KEP\u00c7ELERLE MEZARLAR KAZILIYOR<\/strong><\/p>\n<p style=\"text-align: justify;\">Katliamda hayat\u0131n\u0131 kaybedenlerin hastanede otopsi i\u015flemleri s\u00fcrerken, sabah\u0131n ilk \u0131\u015f\u0131klar\u0131yla k\u00f6yde kep\u00e7elerle mezarlarda kaz\u0131lmaya ba\u015fland\u0131.<\/p>\n<p style=\"text-align: justify;\">Sald\u0131r\u0131da hayat\u0131n\u0131 kaybedenlein yak\u0131nlar\u0131 k\u00f6ye ak\u0131n ederken, g\u00fcvenlik g\u00fc\u00e7leri, k\u00f6ye giri\u015f \u00e7\u0131k\u0131\u015flar\u0131 kontrol alt\u0131na al\u0131p, gazetecilerin girmesine izin vermedi. K\u00f6y\u00fcn hemen d\u0131\u015f\u0131nda bulunan mezarl\u0131kta kep\u00e7elerle kabirler kaz\u0131lmaya ba\u015fland\u0131.<\/p>\n<p style=\"text-align: justify;\"><strong>KIZ BA\u015eKASINA VER\u0130LD\u0130 D\u0130YE<\/strong><\/p>\n<p style=\"text-align: justify;\">T\u00fcrkiye&#8217;de bug\u00fcne kadar i\u015flenen en b\u00fcy\u00fck katliamlar\u0131n en b\u00fcy\u00fc\u011f\u00fcne sahne olan Bilge K\u00f6y\u00fc&#8217;nde, 10 y\u0131l \u00f6nce yine silahl\u0131 sald\u0131r\u0131da \u00c7elebi ailesinden 10 ki\u015finin ya\u015fam\u0131n\u0131 yitirdi\u011fi belirtildi.<\/p>\n<p style=\"text-align: justify;\">Akraba olan \u00c7elebi Ailesi fertleri aras\u0131nda arazi anla\u015fmazl\u0131\u011f\u0131 bulundu\u011fu, olay\u0131n bu nedenden kaynaklanm\u0131\u015f olabilece\u011fi ileri s\u00fcr\u00fcld\u00fc. Ancak, ya\u015fanan kan davalar\u0131 ve arazi anla\u015fmazl\u0131klar\u0131nda bug\u00fcne kadar G\u00fcneydo\u011fu&#8217;da kad\u0131n ve \u00e7ocuklara kar\u015f\u0131 silah kullan\u0131lmamas\u0131, bu olayda k\u0131z meselesenin rol oynayabilece\u011fi ihtimali a\u011f\u0131rl\u0131k kazand\u0131.<\/p>\n<p style=\"text-align: justify;\">Sald\u0131rganlar\u0131n eski muhtar Cemil \u00c7elebi&#8217;nin k\u0131z\u0131 Sevgi&#8217;n\u0131n, k\u00f6ydeki bir yak\u0131nlar\u0131yla evlenmesini istedikleri, ancak bu istekleri kabul edilmeyince katliam yapt\u0131klar\u0131 \u00f6ne s\u00fcr\u00fcld\u00fc. \u00c7elebi Ailesi ile damad\u0131n mensubu oldu\u011fu Ar\u0131 Ailesi aras\u0131nda husumet bulundu\u011fu, buna ra\u011fmen k\u0131z verilmesi nedeniyle 10 g\u00fcn \u00f6nce de taraflar aras\u0131nda tart\u0131\u015fma oldu\u011fu iddia edildi.<\/p>\n<p style=\"text-align: justify;\">Katliam nedeniyle Mardin&#8217;e Diyarbak\u0131r, Gaziantep ve \u0130stanbul&#8217;dan Adli T\u0131p Uzmanlar\u0131 g\u00f6nderildi.<\/p>\n<p style=\"text-align: justify;\"><strong>BAKANLAR MARD\u0130N&#8217;DE<\/strong><\/p>\n<p style=\"text-align: justify;\">\u0130\u00e7i\u015fleri Bakan\u0131 Be\u015fir Atalay, Adalet Bakan\u0131 Sadullah Ergin, Tar\u0131m ve K\u00f6yi\u015fleri bakan\u0131 Mehdi Eker bu sabah Mardin&#8217;e geldi. Bakanlar olayla ilgili yetkililerden bilgi ald\u0131ktan sonra Mardin Devlet Hastanesi&#8217;ne gitti.<\/p>\n<p style=\"text-align: justify;\">\u0130\u00e7i\u015fleri Bakan\u0131 Be\u015fir Atalay, hastane \u00e7\u0131k\u0131\u015f\u0131nda cenazelerini almak i\u00e7in bekleyenlere ba\u015fsa\u011fl\u0131\u011f\u0131 dile\u011finde bulunup, &#8220;\u00c7ok \u00fcz\u00fcc\u00fc bir olay ba\u015f\u0131n\u0131z sa\u011folsun&#8221; dedi. Bakan gazetecilerin g\u00f6zalt\u0131ndakilerin korucu olup olmad\u0131\u011f\u0131 sorusuna &#8220;\u015eu anda soru\u015fturma s\u00fcr\u00fcyor. A\u00e7\u0131klama yapmam\u0131z i\u00e7in erken, yanl\u0131\u015f anla\u015f\u0131lmalara sebep verebilir. Soru\u015fturma tamamland\u0131ktan sonra gerekli a\u00e7\u0131klamalar\u0131 yapaca\u011f\u0131z&#8221; dedi.<\/p>\n<p style=\"text-align: justify;\">Tar\u0131m Bakan\u0131 Mehdi Eker de sald\u0131r\u0131da \u00f6lenlerin yak\u0131nlar\u0131n\u0131n yan\u0131na giderek k\u00fcrt\u00e7e ba\u015fsa\u011fl\u0131\u011f\u0131 diledi. \u00dc\u00e7 bakan ve yan\u0131ndakiler, bir minib\u00fcsle katliam yap\u0131lan Bilge K\u00f6y\u00fc&#8217;ne gitti.<\/p>\n<p style=\"text-align: justify;\"><span style=\"color: #888888;\">Kaynak : Vatan<\/span><\/p>\n","protected":false},"excerpt":{"rendered":"<p style=\"text-align: center;\">\n<p style=\"text-align: justify;\">Mardin&#8217;in Maz\u0131da\u011f\u0131 \u0130l\u00e7esi&#8217;ne ba\u011fl\u0131 Bilge K\u00f6y\u00fc&#8217;nde d\u00fc\u011f\u00fcn yerine maskeli ki\u015filerin 4 de\u011fi\u015fik koldan otomatik silahlarla yapt\u0131\u011f\u0131 sald\u0131r\u0131da ortal\u0131k kan g\u00f6l\u00fcne d\u00f6nd\u00fc.<\/p>\n<p style=\"text-align: justify;\">MARD\u0130N&#8217;\u0131n Maz\u0131da\u011f \u0130l\u00e7esi&#8217;ne ba\u011fl\u0131 Bilge K\u00f6y\u00fc&#8217;nde eski muhtar Cemil \u00c7elebi&#8217;nin k\u0131z\u0131 Sevgi ile Hatip Ar\u0131&#8217;n\u0131n d\u00fcn gece ni\u015fan t\u00f6renini basan y\u00fczleri maskeli sald\u0131rganlar Kala\u015fnikof silahla evdekileri taray\u0131p <\/p>\n","protected":false},"author":1,"featured_media":0,"comment_status":"open","ping_status":"closed","sticky":false,"template":"","format":"standard","meta":{"footnotes":""},"categories":[105],"tags":[],"class_list":["post-8830","post","type-post","status-publish","format-standard","hentry","category-gundem","odd"],"_links":{"self":[{"href":"http:\/\/www.korhanyilmaz.com\/index.php?rest_route=\/wp\/v2\/posts\/8830","targetHints":{"allow":["GET"]}}],"collection":[{"href":"http:\/\/www.korhanyilmaz.com\/index.php?rest_route=\/wp\/v2\/posts"}],"about":[{"href":"http:\/\/www.korhanyilmaz.com\/index.php?rest_route=\/wp\/v2\/types\/post"}],"author":[{"embeddable":true,"href":"http:\/\/www.korhanyilmaz.com\/index.php?rest_route=\/wp\/v2\/users\/1"}],"replies":[{"embeddable":true,"href":"http:\/\/www.korhanyilmaz.com\/index.php?rest_route=%2Fwp%2Fv2%2Fcomments&post=8830"}],"version-history":[{"count":0,"href":"http:\/\/www.korhanyilmaz.com\/index.php?rest_route=\/wp\/v2\/posts\/8830\/revisions"}],"wp:attachment":[{"href":"http:\/\/www.korhanyilmaz.com\/index.php?rest_route=%2Fwp%2Fv2%2Fmedia&parent=8830"}],"wp:term":[{"taxonomy":"category","embeddable":true,"href":"http:\/\/www.korhanyilmaz.com\/index.php?rest_route=%2Fwp%2Fv2%2Fcategories&post=8830"},{"taxonomy":"post_tag","embeddable":true,"href":"http:\/\/www.korhanyilmaz.com\/index.php?rest_route=%2Fwp%2Fv2%2Ftags&post=8830"}],"curies":[{"name":"wp","href":"https:\/\/api.w.org\/{rel}","templated":true}]}}