{"id":8801,"date":"2009-05-02T15:00:08","date_gmt":"2009-05-02T12:00:08","guid":{"rendered":"http:\/\/www.korhanyilmaz.com\/?p=8801"},"modified":"2009-05-02T15:00:08","modified_gmt":"2009-05-02T12:00:08","slug":"oglunu-silah-tuccariyla-gorusmemesi-icin-uyarmis","status":"publish","type":"post","link":"http:\/\/www.korhanyilmaz.com\/?p=8801","title":{"rendered":"O\u011flunu silah t\u00fcccar\u0131yla g\u00f6r\u00fc\u015fmemesi i\u00e7in uyarm\u0131\u015f"},"content":{"rendered":"<p style=\"text-align: center;\"><img loading=\"lazy\" decoding=\"async\" class=\"aligncenter size-full wp-image-8802\" title=\"O\u011flunu silah t\u00fcccar\u0131yla g\u00f6r\u00fc\u015fmemesi i\u00e7in uyarm\u0131\u015f \" src=\"http:\/\/www.korhanyilmaz.com\/wp-content\/uploads\/2009\/05\/030520090312087619427-jpg.gif\" alt=\"O\u011flunu silah t\u00fcccar\u0131yla g\u00f6r\u00fc\u015fmemesi i\u00e7in uyarm\u0131\u015f \" width=\"329\" height=\"210\" \/><strong><\/strong><\/p>\n<p style=\"text-align: justify;\"><strong><span style=\"font-family: Arial;\">\u00d6rnek&#8217;in g\u00fcnl\u00fcklerinden \u00e7\u0131kan ilgin\u00e7 ili\u015fkiler.<\/span><\/strong><\/p>\n<p style=\"text-align: justify;\"><strong><\/strong>\u00d6zden \u00d6rnek\u2019in, Ergenekon \u0130ddianamesi\u2019nin ek delil klas\u00f6rleri aras\u0131nda yer alan \u201cG\u00fcnl\u00fckleri\u201dnde, o\u011flu Burak\u2019\u0131n ilgin\u00e7 baz\u0131 isimlerle kurdu\u011fu i\u015f ve arkada\u015fl\u0131k ili\u015fkileri de yer ald\u0131. \u00d6rnek, k\u00fc\u00e7\u00fck o\u011flu Burak \u00d6rnek\u2019i, \u015eaziye Bar\u2019\u0131n sahibi Ziya Aycan, i\u015fadam\u0131 Ahmet \u00c7al\u0131k, silah t\u00fcccar\u0131 Mehmet Durmaz ve eroin ka\u00e7ak\u00e7\u0131s\u0131 eski bir binba\u015f\u0131 ile bir daha g\u00f6r\u00fc\u015fmemesi konusunda uyar\u0131yor.<\/p>\n<p style=\"text-align: justify;\"><strong><\/strong><\/p>\n<p style=\"text-align: justify;\"><span style=\"font-family: Arial,Verdana,Helvetica,sans-serif; font-size: x-small;\"><!--more--><\/span><\/p>\n<p style=\"text-align: justify;\"><strong>28 Temmuz 2003<\/strong><\/p>\n<p style=\"text-align: justify;\">Sabah 08:30\u2019da Sadun (\u00d6zden\u2019in kay\u0131nbiraderi) geldi ve kendisi ile konu\u015ftum. Konu Burak. Anlatt\u0131klar\u0131na \u00e7ok \u00fcz\u00fcld\u00fcm. \u00d6\u011fleden sonra Burak Ankara\u2019ya gelmi\u015fti onu \u00e7a\u011f\u0131rd\u0131m ve m\u00fcmk\u00fcn oldu\u011fu kadar onu k\u0131rmadan konu\u015ftum. Burak \u00d6zel Kuvvetlerden bir albay ile arkada\u015fl\u0131k yap\u0131yordu. Ayr\u0131ca bu albay\u0131n karde\u015fi de doktor lakapl\u0131 olarak onunla arkada\u015fl\u0131k yap\u0131yordu. Birinci \u015fahs\u0131n kod ad\u0131 \u201dPala\u201c (Kur. Alb. Sait A\u011fa), ikincisi ise \u201ddoktor\u201c (Seyit a\u011fa). Ayr\u0131ca bir de binba\u015f\u0131 vard\u0131. Onlar\u0131n d\u00fckkanlar\u0131na yap\u0131lan bask\u0131nda ihbar Ankara i\u00e7i\u015fleri bakanl\u0131\u011f\u0131na yap\u0131lm\u0131\u015f ve esrar ve eroin ka\u00e7ak\u00e7\u0131l\u0131\u011f\u0131 yapt\u0131klar\u0131 ihbar edilmi\u015fti. Adamlar \u00e7ok ciddi olarak gelmi\u015flerdi ama bir \u015fey bulamadan ayr\u0131lm\u0131\u015flar ve temiz raporlar\u0131n\u0131 vermi\u015flerdi. Burak\u2019a bir daha bu adamlar ile g\u00f6r\u00fc\u015fmemesini, \u015eaziye Bar\u0131n sahibi Ziya Aycan ile arkada\u015fl\u0131k yapmamas\u0131n\u0131, day\u0131s\u0131 ile ortak oldu\u011fu \u015firketin ortakl\u0131\u011f\u0131ndan ayr\u0131lmas\u0131n\u0131, Ahmet \u00c7al\u0131k ile i\u015f yapmamas\u0131n\u0131 ve Mehmet Durmaz ile bir daha g\u00f6r\u00fc\u015fmemesini istedim. B\u00fct\u00fcn bu s\u0131k\u0131nt\u0131l\u0131 anlar\u0131m i\u00e7erisinde bir de ba\u015f\u0131ma bunlar geliyor.\u201d<\/p>\n<p style=\"text-align: justify;\"><strong>VATAN\u2019IN NOTLARI<\/strong><\/p>\n<p style=\"text-align: justify;\">1) Mehmet Durmaz: Burada ad\u0131 ge\u00e7eni Mehmet Durmaz, silah t\u00fcccar\u0131 olarak biliniyor. Daha sonra suikaste kurban giden Necip Hablemito\u011flu\u2019na yap\u0131lan bir ihbar mailinde Durmaz\u2019\u0131n, \u0130srail\u2019in silah \u015firketi IMI\u2019n\u0131n T\u00fcrkiye temsilcisi olarak ad\u0131 ge\u00e7iyor. IMI, 2000 y\u0131l\u0131nda TSK\u2019n\u0131n envanterinde bulunan M-60 tanklar\u0131n modernazisyon projesini ihaleye \u00e7\u0131k\u0131lmaks\u0131z\u0131n alm\u0131\u015ft\u0131. Durmaz, son olarak Bodrum G\u00fcm\u00fc\u015fl\u00fck\u2019te S\u0130T alan\u0131 olan bir araziye l\u00fcks tatil merkezi in\u015fa etmek ii\u00e7in yerel se\u00e7imde bir belediye ba\u015fkan aday\u0131n\u0131 a\u00e7\u0131ktan desteklemekle g\u00fcndeme geldi.<\/p>\n<p style=\"text-align: justify;\">2) Burak\u2019\u0131n i\u015f ser\u00fcveni: \u00d6rnek\u2019in, o\u011flu Burak\u2019la ilgili yorumlar\u0131 ilgin\u00e7. Deniz Kuvvetleri Komutan\u0131 olmadan bir ay \u00f6nce (28 Temmuz 2003) o\u011flunun Ahmet \u00c7al\u0131k\u2019la irtibat\u0131n\u0131 kesmesini istiyor. Fakat bundan iki y\u0131l sonra 28 May\u0131s 2005\u2019te g\u00fcnl\u00fc\u011f\u00fcne \u2018Burak gaz i\u015finde \u00e7al\u0131\u015faca\u011f\u0131n\u0131 s\u00f6yledi\u2019 diye not d\u00fc\u015f\u00fcyor. Nitekim Burak \u00d6rnek ayn\u0131 y\u0131l \u00c7al\u0131k Grubu\u2019nun Bursa-Gaz \u015firketinde y\u00f6neticili\u011fe ba\u015fl\u0131yor. \u00d6zden \u00d6rnek, 1 A\u011fustos 2004 tarihli g\u00fcnl\u00fckte ise \u2019Bu adam (\u00c7al\u0131k) ben emekliye ayr\u0131l\u0131ncaya kadar pe\u015fimi b\u0131rakmayacak ve bana enerji ile ilgili bir nevi dan\u0131\u015fmanl\u0131k yapt\u0131racak. Tabii kabul edersem\u201d diye not d\u00fc\u015f\u00fcyor.<\/p>\n<p style=\"text-align: justify;\"><strong>M\u0130T her iki darbe giri\u015fimini de biliyor<\/strong><\/p>\n<p style=\"text-align: justify;\"><strong>1 \u015eubat 2004<\/strong><\/p>\n<p style=\"text-align: justify;\">Bug\u00fcn kurban bayram\u0131. Medyada yer alan haberlere g\u00f6re askere kar\u015f\u0131 yayg\u0131n bir davran\u0131\u015f ba\u015flad\u0131. Ama\u00e7 her f\u0131rsatta askeri k\u00fc\u00e7\u00fck d\u00fc\u015f\u00fcrmek. Ayta\u00e7 pa\u015falara (Kara Kuvvetleri Komutan\u0131 Ayta\u00e7 Yalman) ziyarete gittik ve hemen konu \u00fclke meselelerine d\u00f6nd\u00fc. Bana \u201cSeninle \u00f6zel konu\u015fmam\u0131z laz\u0131m. Ben \u015eener (Jandarma Genel Komutan\u0131 \u015eener Eruygur) ile \u0130brahim\u2019in (Hava Kuvvetleri Komutan\u0131 \u0130brahim F\u0131rt\u0131na) davran\u0131\u015flar\u0131n\u0131 tasvip etmiyorum. \u00c7ok ifrata ka\u00e7\u0131yorlar. Ge\u00e7en g\u00fcn gelen M\u0130T\u2019ten habere g\u00f6re \u015eenkal (M\u0130T M\u00fcste\u015far\u0131 \u015eenkal Atasagun) iki haber verdi. Birincisi, JGKK\u2019n\u0131n b\u00fct\u00fcn hareketleri biliniyor ve yasa d\u015f\u0131na \u00e7\u0131kt\u0131\u011f\u0131 de\u011ferlendiriliyor. \u0130kincisi ise Genelkurmay Ba\u015fkan\u0131 (Hilmi \u00d6zk\u00f6k) ile kuvvet komutanlar\u0131 aras\u0131 a\u00e7\u0131k ve bu herkes taraf\u0131ndan ve kesinlikle biliniyor. Art\u0131k kendimize bir \u00e7eki d\u00fczen verip \u00fclkeyi bir maceraya g\u00f6t\u00fcrmek yerine devaml\u0131 ve kararl\u0131 bir tutum sergilemeyi ama a\u00e7\u0131k konu\u015fmay\u0131 tercih ederim, zannederim sen de benim gibi d\u00fc\u015f\u00fcn\u00fcyorsun. Ben de kendisine iki g\u00fcn \u00f6nce Burak\u2019\u0131n s\u00f6yledi\u011fini anlatt\u0131m \u201dkuvvet komutanlar\u0131 benim memurlar\u0131m istediklerimi yaparlar. Yapmazlarsa de\u011fi\u015ftiririm olur biter. Denizciyi bir t\u00fcrl\u00fc \u00e7\u00f6zemedik en sinsi hareket edeni o\u201c gibi&#8230;<\/p>\n<p style=\"text-align: justify;\"><strong>General e\u015flerinin ast-\u00fcst \u00e7eki\u015fmesi<\/strong><\/p>\n<p style=\"text-align: justify;\"><strong>23-29 Aral\u0131k 2002<\/strong><\/p>\n<p style=\"text-align: justify;\">\u201cAnkara ge\u00e7irdi\u011fimiz bir haftaya yak\u0131n s\u00fcrede ceryan eden iki olay bizim toplumsal yap\u0131m\u0131z\u0131 ortaya koydu\u011fu i\u00e7in de\u011finmeden edemedim. Birinci olay Sevil (E\u015fi Sevil \u00d6rnek) ile Deniz Kuvvetleri Komutan\u0131 (Oramiral B\u00fclent Alpkaya) E\u015fi Keriman han\u0131m aras\u0131nda ge\u00e7en olay. Pazertesi g\u00fcn\u00fc t\u00fcm han\u0131mlar bir yerde yemek yerken Altac\u2019\u0131n han\u0131m\u0131 \u00dclk\u00fc yeme\u011fe ge\u00e7 kalm\u0131\u015f ve \u00e7ekine \u00e7ekine gelirken Sevil \u201d\u00dclk\u00fc gel \u00e7ekinme otur\u201c demi\u015f. Bunu \u00fczerine Keriman han\u0131m burada k\u0131demli benim m\u00fchim olan benim affetmem demi\u015f ve a\u011f\u0131z dala\u015f\u0131 ba\u015flam\u0131\u015f. Sevil tabii olarak hi\u00e7bir laf\u0131n alt\u0131nda kalmayaca\u011f\u0131 i\u00e7in o da her\u015feye cevap vermi\u015f. Napoli\u2019de Aziz\u2019in kar\u0131s\u0131 ile kald\u0131\u011f\u0131 ve bunun laf oldu\u011fu ve Keriman han\u0131m\u0131n onu m\u00fcdafaa etti\u011fi, Bennur\u2019un Amerika\u2019ya gidi\u015fi, nas\u0131l gidermi\u015f, onun kocas\u0131 ihaleleri durdurmu\u015f ama ondan sonra gelenler a\u00e7arm\u0131\u015f, ne kadar g\u00fczel bir kad\u0131n oldu\u011fu ve herkesin onu hayranl\u0131kla seyretti\u011fini, kocas\u0131n\u0131n onu \u00e7ok be\u011fendi\u011fini ve her yerde g\u00fczelli\u011fini meth etti\u011fi gibi konular konu\u015fulmu\u015f ve herkese zorla \u015fiirlerini dinletip, bestelerini s\u00f6ylettirip, \u015fiir kitab\u0131n\u0131n nas\u0131l haz\u0131land\u0131\u011fm\u0131 anlatm\u0131\u015f. Bunlar\u0131 anlatan ve olay\u0131 yapan insan bir kuvvet komutan\u0131n\u0131n han\u0131m\u0131, kendisini tanr\u0131 gibi g\u00f6r\u00fcyor herhalde ve etraf\u0131ndaki han\u0131mlar\u0131 da esirleri. Kendisine verilen hediyeyi a\u00e7may\u0131p \u2019Kurmay ba\u015fkan\u0131 sen a\u00e7\u2019 diyerek bir koramiralin e\u015fine uzatabiliyor.\u201d<\/p>\n<p style=\"text-align: justify;\"><strong>Erdo\u011fan, Aziz Y\u0131ld\u0131r\u0131m\u2019la askere mesaj yollam\u0131\u015f<\/strong><\/p>\n<p style=\"text-align: justify;\"><strong>5 May\u0131s 2004<\/strong><\/p>\n<p style=\"text-align: justify;\">Ak\u015fama do\u011fru Fenerbah\u00e7e ba\u015fkan\u0131 Aziz Y\u0131ld\u0131r\u0131m ziyarete geldi. Bana gelmeden \u00f6nce Ba\u015fbakan Erdo\u011fan\u2019a u\u011fram\u0131\u015f. Biz askerlere bir mesaj getirmi\u015fti. BA\u015eBAKAN RECEP TAYY\u0130P ERDO\u011eAN, Aziz\u2019e \u201cBen onlar ile g\u00f6r\u00fc\u015fmek i\u015fiyorum ama beni yanl\u0131\u015f anl\u0131yorlar. Ben Refah Partisi gibi de\u011filim. O zamanlar ge\u00e7ti e\u011fer \u00f6yle olsayd\u0131 neden Refah Partisi\u2019nden ayr\u0131l\u0131rd\u0131k. Ben e\u015fimi alarak komutanlar\u0131n evine gitmek ve onlar ile g\u00f6r\u00fc\u015ferek kendimi onlara anlatmak istiyorum\u201d demi\u015f ve anlad\u0131\u011f\u0131m kadar\u0131yla da bizden cevap bekliyor. Bu geli\u015fmeler bilhassa Y\u00d6K tasar\u0131s\u0131 ile meydana gelen gerginlikden sonra olmas\u0131 dikkat \u00e7ekici.<\/p>\n<p style=\"text-align: justify;\"><strong>50 milyon dolar\u0131 kim ald\u0131?<\/strong><\/p>\n<p style=\"text-align: justify;\"><strong>15 May\u0131s 2001<\/strong><\/p>\n<p style=\"text-align: justify;\">Ald\u0131\u011f\u0131m bilgiye g\u00f6re \u0130SRA\u0130L\u2019den al\u0131naca\u011f\u0131n\u0131 \u00f6\u011frendi\u011fim g\u00fcd\u00fcml\u00fc mermiler projesinde 150 milyon dolar bir fazlal\u0131k varm\u0131\u015f. Reysa\u015f Yal\u00e7\u0131n, Tu\u011fa. Nadir K\u0131nay, \u0130lhami (\u0130lhami Erdil kastediliyor), MTU Muammer \u0130yi bu paray\u0131 payla\u015facaklarm\u0131\u015f. Durumu Yener\u2019e bildirdim ve projenin hi\u00e7 de\u011filse Eyl\u00fcl 2001\u2019e ertelenmesini sa\u011flanmas\u0131n\u0131 istedim.<\/p>\n<p><span style=\"color: #888888;\">Kaynak : Vatan<\/span><\/p>\n","protected":false},"excerpt":{"rendered":"<p style=\"text-align: center;\">\n<p style=\"text-align: justify;\">\u00d6rnek&#8217;in g\u00fcnl\u00fcklerinden \u00e7\u0131kan ilgin\u00e7 ili\u015fkiler.<\/p>\n<p style=\"text-align: justify;\">\u00d6zden \u00d6rnek\u2019in, Ergenekon \u0130ddianamesi\u2019nin ek delil klas\u00f6rleri aras\u0131nda yer alan \u201cG\u00fcnl\u00fckleri\u201dnde, o\u011flu Burak\u2019\u0131n ilgin\u00e7 baz\u0131 isimlerle kurdu\u011fu i\u015f ve arkada\u015fl\u0131k ili\u015fkileri de yer ald\u0131. \u00d6rnek, k\u00fc\u00e7\u00fck o\u011flu Burak \u00d6rnek\u2019i, \u015eaziye Bar\u2019\u0131n sahibi Ziya Aycan, i\u015fadam\u0131 Ahmet \u00c7al\u0131k, silah t\u00fcccar\u0131 Mehmet Durmaz ve eroin <\/p>\n","protected":false},"author":1,"featured_media":0,"comment_status":"open","ping_status":"closed","sticky":false,"template":"","format":"standard","meta":{"footnotes":""},"categories":[105],"tags":[],"class_list":["post-8801","post","type-post","status-publish","format-standard","hentry","category-gundem","odd"],"_links":{"self":[{"href":"http:\/\/www.korhanyilmaz.com\/index.php?rest_route=\/wp\/v2\/posts\/8801","targetHints":{"allow":["GET"]}}],"collection":[{"href":"http:\/\/www.korhanyilmaz.com\/index.php?rest_route=\/wp\/v2\/posts"}],"about":[{"href":"http:\/\/www.korhanyilmaz.com\/index.php?rest_route=\/wp\/v2\/types\/post"}],"author":[{"embeddable":true,"href":"http:\/\/www.korhanyilmaz.com\/index.php?rest_route=\/wp\/v2\/users\/1"}],"replies":[{"embeddable":true,"href":"http:\/\/www.korhanyilmaz.com\/index.php?rest_route=%2Fwp%2Fv2%2Fcomments&post=8801"}],"version-history":[{"count":0,"href":"http:\/\/www.korhanyilmaz.com\/index.php?rest_route=\/wp\/v2\/posts\/8801\/revisions"}],"wp:attachment":[{"href":"http:\/\/www.korhanyilmaz.com\/index.php?rest_route=%2Fwp%2Fv2%2Fmedia&parent=8801"}],"wp:term":[{"taxonomy":"category","embeddable":true,"href":"http:\/\/www.korhanyilmaz.com\/index.php?rest_route=%2Fwp%2Fv2%2Fcategories&post=8801"},{"taxonomy":"post_tag","embeddable":true,"href":"http:\/\/www.korhanyilmaz.com\/index.php?rest_route=%2Fwp%2Fv2%2Ftags&post=8801"}],"curies":[{"name":"wp","href":"https:\/\/api.w.org\/{rel}","templated":true}]}}