{"id":8795,"date":"2009-05-02T15:41:24","date_gmt":"2009-05-02T12:41:24","guid":{"rendered":"http:\/\/www.korhanyilmaz.com\/?p=8795"},"modified":"2009-05-02T15:41:24","modified_gmt":"2009-05-02T12:41:24","slug":"erdogan-hisarciklioglu-duellosu","status":"publish","type":"post","link":"http:\/\/www.korhanyilmaz.com\/?p=8795","title":{"rendered":"Erdo\u011fan-Hisarc\u0131kl\u0131o\u011flu d\u00fcellosu!"},"content":{"rendered":"<p style=\"text-align: center;\"><img loading=\"lazy\" decoding=\"async\" class=\"aligncenter size-full wp-image-8796\" title=\"Erdo\u011fan-Hisarc\u0131kl\u0131o\u011flu d\u00fcellosu! \" src=\"http:\/\/www.korhanyilmaz.com\/wp-content\/uploads\/2009\/05\/030520090320579451105-jpg.gif\" alt=\"Erdo\u011fan-Hisarc\u0131kl\u0131o\u011flu d\u00fcellosu! \" width=\"329\" height=\"210\" \/><strong><\/strong><\/p>\n<p style=\"text-align: justify;\"><strong><span style=\"font-family: Arial;\">Hisarc\u0131kl\u0131o\u011flu sert konu\u015ftu siyasi rakip gibi cevap ald\u0131<\/span><\/strong>.<\/p>\n<p>TOBB Ba\u015fkan\u0131 Rifat Hisarc\u0131kl\u0131o\u011flu genel kurulda, daha \u00f6nceki konu\u015fmalar\u0131n\u0131n aksine H\u00fck\u00fcmet\u2019e sert ele\u015ftirilerde bulundu ve a\u00e7\u0131ktan y\u00fcklendi. Ba\u015fbakan Erdo\u011fan, k\u00fcrs\u00fcye \u00e7\u0131k\u0131p sanki Hisarc\u0131kl\u0131o\u011flu siyasi rakibiymi\u015f gibi t\u00fcm ele\u015ftirilere tek tek restle yan\u0131t verdi<\/p>\n<p style=\"text-align: justify;\"><strong>H\u0130SARCIKLIO\u011eLU<\/strong><\/p>\n<p style=\"text-align: justify;\">*Krize kar\u015f\u0131 art\u0131k ciddi tedbirler al\u0131nmas\u0131n\u0131 istiyoruz. Ekonomide beklentilerin iyi y\u00f6netilememesi, \u00e7al\u0131\u015fmak yerine konu\u015fman\u0131n tercih edilmesi vakit kaybettirdi. Ekonomide yeni bir yol haritas\u0131na ihtiya\u00e7 var.<!--more--><\/p>\n<p style=\"text-align: justify;\">*Milletin kendi vekilini belirlemesi, vekilin de kendini se\u00e7en as\u0131l makam olan milletin sesi olmas\u0131 sa\u011flanmal\u0131. Se\u00e7im Kanunu de\u011fi\u015ftirilmeli.<\/p>\n<p style=\"text-align: justify;\">*Son 1 y\u0131ll\u0131k d\u00f6nemde i\u015fsiz say\u0131s\u0131 1.1 milyon ki\u015fi artt\u0131. Her 3 gen\u00e7ten biri i\u015fsiz art\u0131k.<\/p>\n<p style=\"text-align: justify;\"><strong>ERDO\u011eAN<\/strong><\/p>\n<p style=\"text-align: justify;\">*Kriz s\u00fcrecinde h\u00fck\u00fcmet yap\u0131lmas\u0131 gereken neyse yapm\u0131\u015ft\u0131r, yapmaya da devam ediyor. H\u00fck\u00fcmetin gecikti\u011fini s\u00f6ylemek insafs\u0131zca ithamlard\u0131r.<\/p>\n<p style=\"text-align: justify;\">*TOBB Ba\u015fkan\u0131\u2019n\u0131n, milletvekillerinin se\u00e7imi, takibi konusunda s\u00f6ylediklerine kat\u0131lmamak m\u00fcmk\u00fcn de\u011fil. Ama bunu birlik ve odalar\u0131n y\u00f6neticileri i\u00e7in de ayn\u0131 \u015fekilde d\u00fc\u015f\u00fcnmek laz\u0131m.<\/p>\n<p style=\"text-align: justify;\">*\u0130\u015fsizlik deniliyor. Her TOBB \u00fcyesi 1 i\u015fsizi i\u015fe alsa, i\u015fsizlik<\/p>\n<p style=\"text-align: justify;\"><strong>1 milyon 300 bin ki\u015fi azal\u0131r <\/strong><\/p>\n<p style=\"text-align: justify;\">TOBB\u2019un 64\u2019\u00fcnc\u00fc se\u00e7imli Genel Kurulu, Ba\u015fkan Rifat Hisarc\u0131kl\u0131o\u011flu\u2019nun h\u00fck\u00fcmete y\u00f6nelik sert ele\u015ftirilerine ve Ba\u015fbakan\u2019\u0131n bu ele\u015ftirilere ayn\u0131 sertlikle yan\u0131t vermesine sahne oldu.<\/p>\n<p style=\"text-align: justify;\">Bug\u00fcne kadar h\u00fck\u00fcmete d\u00f6n\u00fck sert ele\u015ftirilerden ka\u00e7\u0131nan Hisarc\u0131kl\u0131o\u011flu\u2019nun TOBB Ba\u015fkanl\u0131\u011f\u0131\u2019na son kez se\u00e7ildi\u011fi Genel Kurul konu\u015fmas\u0131nda h\u00fck\u00fcmete a\u00e7\u0131ktan y\u00fcklenmesi, buna kar\u015f\u0131 Ba\u015fbakan\u2019\u0131n yapt\u0131\u011f\u0131 sert \u00e7\u0131k\u0131\u015flar \u201ciki siyasi rakip gibi konu\u015ftular\u201d yorumlar\u0131na neden oldu.<\/p>\n<p style=\"text-align: justify;\"><strong>Ele\u015ftiriye an\u0131nda cevap<\/strong><\/p>\n<p style=\"text-align: justify;\">Ba\u015fbakan Erdo\u011fan TOBB Genel Kurulu\u2019na, yeni kabine \u00fcyeleriyle birlikte kat\u0131ld\u0131. \u0130lk konu\u015fmay\u0131 yapan Ba\u015fkan Hisarc\u0131kl\u0131o\u011flu, ge\u00e7mi\u015f y\u0131llar\u0131n aksine bu kez h\u00fck\u00fcmete a\u00e7\u0131ktan y\u00fcklendi. Hisarc\u0131kl\u0131o\u011flu\u2019nun her ele\u015ftirisine ayr\u0131 ayr\u0131 ayn\u0131 sertlikle yan\u0131t veren Ba\u015fbakan, TOBB \u00fcyelerine de y\u00fcklendi. Erdo\u011fan ve Hisarc\u0131kl\u0131o\u011flu\u2019nun konu\u015fmalar\u0131nda birbirlerine yan\u0131t niteli\u011findeki sert \u00e7\u0131k\u0131\u015flar \u015f\u00f6yle:<\/p>\n<p style=\"text-align: justify;\"><strong>H\u0130SARCIKLIO\u011eLU<\/strong>&#8211; 2007 y\u0131l\u0131ndan itibaren uzla\u015fmaya ve \u00fclkemizin ortak \u00e7\u0131karlar\u0131na odaklanamad\u0131k. Ekonomide beklentilerin iyi y\u00f6netilememesi, \u00e7al\u0131\u015fmak yerine konu\u015fman\u0131n tercih edilmesi, ekonomide bir yol haritas\u0131ndan yoksun kal\u0131nmas\u0131 ve bunlar\u0131n \u00fczerine gelen k\u00fcresel kriz, ard\u0131ndan tedbirlerin zaman\u0131nda al\u0131namay\u0131\u015f\u0131 sonucunda bug\u00fcn T\u00fcrkiye\u2019de her 4 makineden biri sustu&#8230; T\u00fcrkiye\u2019nin ger\u00e7ek g\u00fcndemi olan ekonomiye d\u00f6nmesini istiyoruz. K\u00fcresel finans krizine kar\u015f\u0131 art\u0131k ciddi tedbirler al\u0131nmas\u0131n\u0131 istiyoruz. Yeni bir iktisadi programa ihtiya\u00e7 var.<\/p>\n<p style=\"text-align: justify;\"><strong>ERDO\u011eAN<\/strong>&#8211; Kriz s\u00fcrecinde h\u00fck\u00fcmet yap\u0131lmas\u0131 gereken neyse yapm\u0131\u015ft\u0131r, yapmaya da devam ediyor. Her t\u00fcrl\u00fc tedbiri ald\u0131k. H\u00fck\u00fcmetin gecikti\u011fi y\u00f6n\u00fcndeki s\u00f6zler insafs\u0131zca ithamlard\u0131r.<\/p>\n<p style=\"text-align: justify;\"><strong>H\u0130SARCIKLIO\u011eLU<\/strong>&#8211; Milletin kendi vekilini belirlemesi, vekilin de kendini se\u00e7en as\u0131l makam olan milletin sesi olmas\u0131 sa\u011flanmal\u0131. Se\u00e7im Kanunu de\u011fi\u015ftirilmeli. Bunu hep s\u00f6yledik. s\u00f6ylemeye devam edece\u011fiz.<\/p>\n<p style=\"text-align: justify;\"><strong>ERDO\u011eAN<\/strong>&#8211; TOBB Ba\u015fkan\u0131, milletvekillerinin se\u00e7imi, takibi konusunu dile getirdi. Buna kat\u0131lmamak m\u00fcmk\u00fcn de\u011fil. Ama bunu tabii birliklerin, odalar\u0131n y\u00f6neticilerine kadar ayn\u0131 \u015fekilde d\u00fc\u015f\u00fcnmek laz\u0131m. B\u00f6yle olmazsa o zaman \u2019Fanilerin baki olmas\u0131\u2019 gibi bir durumla kar\u015f\u0131 kar\u015f\u0131ya kal\u0131n\u0131r.<\/p>\n<p style=\"text-align: justify;\"><strong>H\u0130SARCIKLIO\u011eLU<\/strong>&#8211; Son 1 y\u0131ll\u0131k d\u00f6nemde sanayi sekt\u00f6r\u00fcnde 316 bin ki\u015fi i\u015fini kaybetti, ancak daha vahimi ayn\u0131 d\u00f6nemde i\u015fsiz say\u0131s\u0131 1.1 milyon ki\u015fi artt\u0131. Her 3 gen\u00e7ten biri i\u015fsiz art\u0131k.<\/p>\n<p style=\"text-align: justify;\"><strong>ERDO\u011eAN<\/strong>&#8211; Ba\u015fkan i\u015fsizlik diyor. Daha \u00f6nce de s\u00f6yledim. Ba\u015fkan\u2019a yine s\u00f6yl\u00fcyorum. Her TOBB \u00fcyesi 1 i\u015fsizi i\u015fe alsa, i\u015fsizlik 1 milyon 300 bin ki\u015fi azal\u0131r.<\/p>\n<p style=\"text-align: justify;\"><strong>\u2018Nejat Abi sen \u00fczerine al\u0131nma\u2019<\/strong><\/p>\n<p style=\"text-align: justify;\">Ba\u015fbakan\u2019In TOBB\u2019u ele\u015ftirirken \u201cFanilerin baki olmas\u0131 gibi bir durumla kar\u015f\u0131 kar\u015f\u0131ya kal\u0131n\u0131r\u201d s\u00f6zlerine Ba\u015fkan Hisarc\u0131kl\u0131o\u011flu\u2019nun oturdu\u011fu yerden itiraz etti\u011fi, elleriyle ele\u015ftiriyi reddetti\u011fi g\u00f6r\u00fcl\u00fcrken, Ba\u015fbakan Erdo\u011fan, 52 y\u0131ld\u0131r \u00e7e\u015fitli kademelerde g\u00f6rev yapan TOBB\u2019un en ya\u015fl\u0131 \u00fcyesi ve \u0130stanbul Ticaret Borsas\u0131 Ba\u015fkan\u0131 Nejat Ekrem Basmac\u0131\u2019ya d\u00f6nerek \u2019Nejat abi sen \u00fczerine al\u0131nma&#8230;\u2019 diyerek g\u00fclmesi, salonda da g\u00fcl\u00fc\u015fmelere yola\u00e7t\u0131.<\/p>\n<p style=\"text-align: justify;\">\u0130stanbul Ticaret Borsas\u0131\u2019nda son se\u00e7imi de kazanan ve tam 51 y\u0131ld\u0131r Ba\u015fkan olan 90 ya\u015f\u0131ndaki Nejat Basmac\u0131, saltanatta Kanuni Sultan S\u00fcleyman\u2019\u0131 bile sollad\u0131\u011f\u0131n\u0131 kaydederek \u201cEmr-i hak vaki olana kadar ba\u015fkan\u0131m\u201d demi\u015fti.<\/p>\n<p style=\"text-align: justify;\"><strong><br \/>\nBankalar\u0131n faiz tavr\u0131 anla\u015f\u0131l\u0131r gibi de\u011fil<\/strong>\n<\/p>\n<p style=\"text-align: justify;\">Hisarc\u0131kl\u0131o\u011flu\u2019nun kredi faizlerinin y\u00fcksekli\u011finden \u015fikayet etti\u011fi konu\u015fmas\u0131na at\u0131fta bulunan Ba\u015fbakan Erdo\u011fan konu\u015fmas\u0131nda kredi faizlerini d\u00fc\u015f\u00fcrmeyen bankalara \u00e7att\u0131.<\/p>\n<p style=\"text-align: justify;\">Faiz oranlar\u0131n\u0131, y\u00fczde 62.7\u2019den devrald\u0131klar\u0131n\u0131, \u015fu anda 12 ile 17 aral\u0131\u011f\u0131na \u00e7ekilmi\u015f durumda oldu\u011funu kaydeden Erdo\u011fan, \u015f\u00f6yle konu\u015ftu:<\/p>\n<p style=\"text-align: justify;\">\u201cDevletin bor\u00e7lanma faizini s\u00f6yl\u00fcyorum. Ama bankalar\u0131n yapt\u0131\u011f\u0131 uygulama noktas\u0131nda, Say\u0131n Hisarc\u0131kl\u0131o\u011flu\u2019nun s\u00f6ylediklerini aynen payla\u015f\u0131yorum, bu hassasiyeti ben de payla\u015f\u0131yorum. \u015eu anda Merkez Bankas\u0131, tek haneli rakama d\u00fc\u015ft\u00fc\u011f\u00fcn\u00fc a\u00e7\u0131klad\u0131, ama baz\u0131 bankalar\u0131n \u2019biz ayn\u0131 faiz oranlar\u0131n\u0131 kabul etmeyiz veya bunu payla\u015fmak durumunda de\u011filiz\u2019 gibi yakla\u015f\u0131mlar\u0131 anla\u015f\u0131l\u0131r de\u011fil. Bunlar birer \u00f6l\u00e7\u00fcd\u00fcr. Bu \u00f6l\u00e7\u00fcy\u00fc onlar\u0131n da payla\u015fmas\u0131 gerekir.<\/p>\n<p style=\"text-align: justify;\">Zira bu topluluk, yar\u0131n onlar\u0131n kap\u0131n\u0131za m\u00fc\u015fteri olaca\u011f\u0131 topluluktur. M\u00fc\u015fteri oldu\u011fu zaman da sizler de o zaman bu g\u00fcnleri de\u011ferlendireceksiniz. Ben bunu kendilerine de s\u00f6yledi\u011fim i\u00e7in burada rahat s\u00f6yl\u00fcyorum. Bu ve buna benzer bir \u00e7ok tablolarla kar\u015f\u0131 kar\u015f\u0131yay\u0131z. Ama bir ba\u015far\u0131 var ki, \u00f6zel sekt\u00f6r\u00fcn g\u00fcc\u00fc, dinamizmi, hayalleri ve umutlar\u0131 sayesinde buralara geldik.\u201d<\/p>\n<p style=\"text-align: justify;\"><strong><br \/>\n\u2018Kimse vazge\u00e7ilmez de\u011fil, de\u011fi\u015fimi yakalayamayan\u0131 de\u011fi\u015fim yakalar\u2019<\/strong>\n<\/p>\n<p style=\"text-align: justify;\">Ba\u015fbakan \u00fcst\u00fc kapal\u0131 olarak kabinede yap\u0131lan k\u00f6kl\u00fc revizyona da de\u011findi\u011fi konu\u015fmas\u0131nda de\u011fi\u015fimi yakalamadan geli\u015fimi sa\u011flaman\u0131n m\u00fcmk\u00fcn olmad\u0131\u011f\u0131n\u0131 kaydetti. \u201cHi\u00e7 kimse vazge\u00e7ilmez de\u011fildir, hi\u00e7 kimse alternatifsiz de\u011fildir. Hepimiz, oturdu\u011fumuz bu koltuklar, bu makamlar bilelim ki fanidir, gelip ge\u00e7icidir. De\u011fi\u015fim, hayat\u0131n temel dinamiklerinden biridir\u201d diyen Erdo\u011fan, \u015f\u00f6yle devam etti:<\/p>\n<p style=\"text-align: justify;\">\u201cDe\u011fi\u015fimi yakalayamadan, geli\u015fimi sa\u011flamak m\u00fcmk\u00fcn olmuyor. Herkes de\u011fi\u015fim olgusuyla y\u00fczle\u015fmek, zaman\u0131n ruhunu kavrayacak bir tekam\u00fcle ula\u015fmak durumundad\u0131r. De\u011fi\u015fimi yakalayamayanlar\u0131 de\u011fi\u015fim yakalar. De\u011fi\u015fim r\u00fczgarlar\u0131 \u00f6n\u00fcne al\u0131r ve s\u00fcr\u00fckler. So\u011fuk sava\u015f d\u00f6neminin kal\u0131plar\u0131 ile bug\u00fcn d\u00fcnyay\u0131 nas\u0131l alg\u0131layamazsak, evrensel kriterlerden nasibini alamayan, \u00e7a\u011fda\u015f normlar\u0131 kavrayamayan, kendine \u00f6zg\u00fc anlay\u0131\u015flarla d\u00fcnyay\u0131 alg\u0131layamaz, d\u00fcnya ile rekabet edemeyiz. Bu ekonomide de b\u00f6yledir, siyasette de b\u00f6yledir, d\u0131\u015f politikada da b\u00f6yledir. Bu y\u00fczden se\u00e7imlerde, milletimizin verdi\u011fi mesaj\u0131 herkesin do\u011fru okumas\u0131n\u0131, de\u011fi\u015fim d\u00f6n\u00fc\u015f\u00fcm taleplerini iyi analiz ederek, politikalar\u0131na yans\u0131tmas\u0131 gerekiyor.\u201d<br \/>\n<strong><br \/>\nEkonomi tek elde<\/strong>\n<\/p>\n<p style=\"text-align: justify;\">Erdo\u011fan, yeni kabinenin a\u00e7\u0131kland\u0131\u011f\u0131n\u0131 hat\u0131rlatarak ekonomik koordinasyonun tek elde topland\u0131\u011f\u0131n\u0131, bankalar\u0131n t\u00fcm\u00fcn\u00fcn Hazine ile birlikte bir bakanl\u0131\u011fa ba\u011fland\u0131\u011f\u0131n\u0131 buradan koordine olaca\u011f\u0131n\u0131 s\u00f6yledi. Farkl\u0131 bakanl\u0131klara ba\u011fl\u0131 olan bankalar aras\u0131ndaki s\u0131k\u0131nt\u0131n\u0131n bu d\u00f6nemde ya\u015fanmayaca\u011f\u0131n\u0131 belirten Erdo\u011fan mali disipline de devam edeceklerini vurgulad\u0131.<\/p>\n<p style=\"text-align: justify;\">Ba\u015fbakan Erdo\u011fan TOBB\u2019daki konu\u015fmas\u0131nda haks\u0131z rekabete vesile olan kay\u0131t d\u0131\u015f\u0131 ile topyek\u00fcn m\u00fccadeleye destek olunmas\u0131n\u0131 da istedi. Erdo\u011fan \u015f\u00f6yle konu\u015ftu: \u201cBir \u015feyi rica ediyorum. Ne olur bu \u00fclkede yan\u0131n\u0131zda yan\u0131n\u0131zda haks\u0131z rekabete vesile olan haks\u0131z rekabeti te\u015fvik eden kay\u0131t d\u0131\u015f\u0131 emek varsa bunlar\u0131 da ilgili mercilere siz ihbar etmelisiniz.\u201d<\/p>\n<p style=\"text-align: justify;\"><strong>Erg\u00fcn: Son 8 y\u0131lda ABD d\u00fcnyay\u0131 2 defa aldatt\u0131<\/strong><\/p>\n<p style=\"text-align: justify;\">Sanay\u0130 ve Ticaret Bakan\u0131 Nihat Erg\u00fcn, son 8 y\u0131lda d\u00fcnyan\u0131n Amerika kaynakl\u0131 olmak \u00fczere iki defa aldat\u0131ld\u0131\u011f\u0131n\u0131 ifade ederek, bunlardan birinin Irak di\u011ferinin ise mortgage piyasas\u0131 oldu\u011funu s\u00f6yledi.<\/p>\n<p style=\"text-align: justify;\">TOBB\u2019un 64. Genel Kurulu\u2019nda konu\u015fan yeni Sanayi ve Ticaret Bakan\u0131 Nihat Erg\u00fcn, bug\u00fcn d\u00fcnyan\u0131n k\u00fcresel, mali krizin etkisi alt\u0131nda oldu\u011funu ancak hi\u00e7 kimsenin k\u00f6t\u00fcmserlik duygular\u0131n\u0131 tahrik etmemesi gerekti\u011fini belirterek, \u201cEkonominin temelinin bir psikoloji oldu\u011funu bilerek bunu s\u00f6yl\u00fcyorum. Hi\u00e7 kimse krizin kendisine veya etkilerine pe\u015finen teslim olmam\u0131z\u0131 beklemesin. Kimse de krizin kendisine ve etkilerine pe\u015finen teslim olmas\u0131n\u201d dedi. Son 8 y\u0131lda d\u00fcnyan\u0131n Amerika kaynakl\u0131 olmak \u00fczere 2 defa aldat\u0131ld\u0131\u011f\u0131n\u0131 dile getiren Erg\u00fcn, \u015f\u00f6yle devam etti: \u201cBunlardan birisi Irak konusundaki aldatma. Irak\u2019ta kitle imha silahlar\u0131 oldu\u011funa dair b\u00fcy\u00fck bir yan\u0131lg\u0131yla ortaya \u00e7\u0131kan tablo b\u00f6lgesel olarak ciddi sorunlara yol a\u00e7t\u0131. Bug\u00fcnk\u00fc Amerikan y\u00f6netimi de o g\u00fcnk\u00fc y\u00f6netimin d\u00fcnyay\u0131 a\u00e7\u0131k\u00e7a aldatt\u0131\u011f\u0131n\u0131 ifade etmi\u015ftir. \u0130kinci b\u00fcy\u00fck yan\u0131lg\u0131 da mortgage piyasas\u0131n\u0131n gizlenen ger\u00e7ekleri. Burada bir bilgi saklama s\u00f6z konusu olmu\u015ftur. \u015eeffaf bir ekonomik model in\u015fa edilemedi\u011fi i\u00e7in bug\u00fcn d\u00fcnya k\u00fcresel bir mali krizin etkileriyle kar\u015f\u0131 kar\u015f\u0131yad\u0131r. O nedenle bizim \u015feffafl\u0131\u011f\u0131 mutlaka sa\u011flamam\u0131z laz\u0131md\u0131r. T\u00fcrkiye\u2019de b\u00fct\u00fcn bilgiler \u015feffaf olmal\u0131, iktisadi akt\u00f6rler eylemlerini bu \u015feffafl\u0131\u011fa g\u00f6re planlamal\u0131d\u0131r.\u201d<\/p>\n<p style=\"text-align: justify;\"><strong> Liste dengeli oldu, K\u00fc\u00e7\u00fck de Yal\u00e7\u0131nta\u015f da y\u00f6netime girdi<\/strong><\/p>\n<p style=\"text-align: justify;\">TOBB\u2019un d\u00fcn ger\u00e7ekle\u015fen 64. Genel Kurul toplant\u0131s\u0131nda Ba\u015fkan Rifat Hisarc\u0131kl\u0131o\u011flu, \u00f6n\u00fcm\u00fczdeki bir ka\u00e7 y\u0131l\u0131n siyasi dengelerini belirleyecek TOBB Y\u00f6netim Kurulu\u2019nda, \u201cdenge listesi\u201d tercihini kulland\u0131. TOBB\u2019un 2001\u2019den beri ba\u015fkanl\u0131\u011f\u0131n\u0131 yapan Rifat Hisarc\u0131ko\u011flu, TOBB yasas\u0131 gere\u011fi son kez ba\u015fkan se\u00e7ilirken, kendisinden sonraki d\u00f6nemde TOBB\u2019u b\u0131rakaca\u011f\u0131 y\u00f6netimin de \u00e7er\u00e7evesini \u00e7izmi\u015f oldu. En ge\u00e7 4 y\u0131l sonra siyasete girmesi beklenen Hisarc\u0131kl\u0131o\u011flu, \u0130TO Ba\u015fkan\u0131 Murat Yal\u00e7\u0131nta\u015f\u2019\u0131n kar\u015f\u0131s\u0131nda \u0130SO Ba\u015fkan\u0131 Tan\u0131l K\u00fc\u00e7\u00fck\u2019\u00fc de y\u00f6netime alarak s\u00fcrpriz yapt\u0131.<\/p>\n<p style=\"text-align: justify;\">300 bin \u00fcyeli \u0130TO\u2019nun AKP\u2019ye yak\u0131n bulunan ba\u015fkan\u0131 Murat Yal\u00e7\u0131nta\u015f\u2019\u0131 TOBB y\u00f6netiminden uzak tutamayan Hisarc\u0131kl\u0131o\u011flu b\u00f6ylece \u201cYal\u00e7\u0131nta\u015f yerine Tan\u0131l K\u00fc\u00e7\u00fck\u2019\u00fc als\u0131n\u201d tart\u0131\u015fmalar\u0131na da her iki ismi y\u00f6netime koyarak son vermi\u015f oldu. TOBB Y\u00f6netim Kurulu\u2019nu olu\u015fturan isimler, \u00f6n\u00fcm\u00fczdeki bir ka\u00e7 y\u0131l\u0131n siyasi dengeleri a\u00e7\u0131s\u0131ndan da \u00f6nem ta\u015f\u0131yor.<br \/>\n<strong><br \/>\nYard\u0131mc\u0131s\u0131 kim olacak?<\/strong>\n<\/p>\n<p style=\"text-align: justify;\">Hisarc\u0131kl\u0131o\u011flu\u2019nun y\u00f6netim kurulu \u00fcyeleri aras\u0131nda g\u00f6rev da\u011f\u0131l\u0131m\u0131 yaparken de ince dengeleri g\u00f6zetece\u011fi belirtiliyor. Buna g\u00f6re Ba\u015fkan Hisarc\u0131kl\u0131o\u011flu\u2019nun Yal\u00e7\u0131nta\u015f yerine K\u00fc\u00e7\u00fck\u2019\u00fc, Ba\u015fkan Yard\u0131mc\u0131s\u0131 olarak g\u00f6revlendirebilece\u011fine i\u015faret ediliyor. Bu durumda Hisarc\u0131kl\u0131o\u011flu tavr\u0131n\u0131 \u00e7ok net ortaya koymu\u015f olacak.<\/p>\n<p style=\"text-align: justify;\">\u00d6te yandan Hisarc\u0131kl\u0131o\u011flu\u2019nun bu y\u0131l listeye Konya Ticaret Odas\u0131 Ba\u015fkan\u0131 H\u00fcseyin \u00dcz\u00fclmez\u2019i al\u0131p almayaca\u011f\u0131 merak ediliyordu. Hakk\u0131nda \u00e7e\u015fitli iddialar ortaya \u00e7\u0131kan ve \u201cg\u00f6revi k\u00f6t\u00fcye kullanmak\u201d iddias\u0131yla hakk\u0131nda dava a\u00e7\u0131lan \u00dcz\u00fclmez, muhafazakar islamc\u0131 \u00e7izginin TOBB\u2019daki temsilcisi. \u00d6te yandan \u00dcz\u00fclmez\u2019in hakk\u0131ndaki dava sonucunda ceza almas\u0131 halinde y\u00f6netim kurulu \u00fcyeli\u011fi d\u00fc\u015fecek.<br \/>\n<strong><br \/>\n5 yeni isim y\u00f6netimde<\/strong>\n<\/p>\n<p style=\"text-align: justify;\">TOBB\u2019un yeni y\u00f6netimine 5 yeni isim girdi. Yeni isimler, \u0130SO Ba\u015fkan\u0131 Tan\u0131l K\u00fc\u00e7\u00fck, EBSO Y\u00f6netim Kurulu Ba\u015fkan\u0131 Ender Yorganc\u0131lar, \u0130TO Ba\u015fkan\u0131 Murat Yal\u00e7\u0131nta\u015f, Antalya Ticaret ve Sanayi Odas\u0131 Ba\u015fkan\u0131 \u00c7etin Osman Budak ile Antakya Ticaret Borsas\u0131 Ba\u015fkan\u0131 Mehmet Ali Kuseyri.<\/p>\n<p style=\"text-align: justify;\">Ba\u015fkan Hisarc\u0131kl\u0131o\u011flu dahil 15 ki\u015fiden olu\u015fan Y\u00f6netim Kurulu\u2019nda eski y\u00f6netimden B\u00fclent Ko\u015fmaz, Faik Yavuz, Halim Mete, H\u00fcseyin \u00dcz\u00fclmez, Nejat Ko\u00e7er, \u0130lhan Parseker, Fahrettin Aky\u0131l, \u015eadan Eren, Mustafa Yard\u0131mc\u0131 yerlerini korudu.<br \/>\n<strong><br \/>\nEskiler gelmedi yeniler geldi<\/strong>\n<\/p>\n<p style=\"text-align: justify;\">Esk\u0130 bakanlar\u0131n kat\u0131lacaklar\u0131n\u0131 bildirmelerine ra\u011fmen gelmedikleri Genel Kurul\u2019da Sanayi eski Bakan\u0131 yeni Devlet Bakan\u0131 Zafer \u00c7a\u011flayan, yeni Sanayi Bakan\u0131 Nihat Erg\u00fcn\u2019\u00fc TOBB \u00fcyeleri, oda ve borsa ba\u015fkanlar\u0131yla tan\u0131\u015ft\u0131rd\u0131.<\/p>\n<p style=\"text-align: justify;\">Genel Kurul\u2019a Kabine\u2019den Zafer \u00c7a\u011flayan ve Nihat Erg\u00fcn\u2019\u00fcn d\u0131\u015f\u0131nda Devlet Bakan\u0131 ve Ba\u015fbakan Yard\u0131mc\u0131s\u0131 Cemil \u00c7i\u00e7ek, Devlet Bakan\u0131 Ali Babacan, Devlet Bakan\u0131 ve Ba\u015f M\u00fczakereci Egemen Ba\u011f\u0131\u015f, Maliye Bakanl\u0131\u011f\u0131\u2019na atanan Mehmet \u015eim\u015fek, Bay\u0131nd\u0131rl\u0131k ve \u0130skan Bakanl\u0131\u011f\u0131\u2019na atanan Mustafa Demir, Sa\u011fl\u0131k Bakan\u0131 Recep Akda\u011f, Ula\u015ft\u0131rma Bakan\u0131 Binali Y\u0131ld\u0131r\u0131m, Tar\u0131m ve K\u00f6yi\u015fleri Bakan\u0131 Mehmet Mehdi Eker, K\u00fclt\u00fcr ve Turizm Bakan\u0131 Ertu\u011frul G\u00fcnay, Enerji ve Tabii Kaynaklar Bakanl\u0131\u011f\u0131\u2019na atanan Taner Y\u0131ld\u0131z da kat\u0131ld\u0131.<\/p>\n<p style=\"text-align: justify;\"><span style=\"color: #888888;\">Kaynak : G\u00fcl\u00fcmser G\u00fclten &#8211; Vatan<\/span><\/p>\n","protected":false},"excerpt":{"rendered":"<p style=\"text-align: center;\">\n<p style=\"text-align: justify;\">Hisarc\u0131kl\u0131o\u011flu sert konu\u015ftu siyasi rakip gibi cevap ald\u0131.<\/p>\n<p>TOBB Ba\u015fkan\u0131 Rifat Hisarc\u0131kl\u0131o\u011flu genel kurulda, daha \u00f6nceki konu\u015fmalar\u0131n\u0131n aksine H\u00fck\u00fcmet\u2019e sert ele\u015ftirilerde bulundu ve a\u00e7\u0131ktan y\u00fcklendi. Ba\u015fbakan Erdo\u011fan, k\u00fcrs\u00fcye \u00e7\u0131k\u0131p sanki Hisarc\u0131kl\u0131o\u011flu siyasi rakibiymi\u015f gibi t\u00fcm ele\u015ftirilere tek tek restle yan\u0131t verdi<\/p>\n<p style=\"text-align: justify;\">H\u0130SARCIKLIO\u011eLU<\/p>\n<p style=\"text-align: justify;\">*Krize kar\u015f\u0131 art\u0131k ciddi <\/p>\n","protected":false},"author":1,"featured_media":0,"comment_status":"open","ping_status":"closed","sticky":false,"template":"","format":"standard","meta":{"footnotes":""},"categories":[7],"tags":[],"class_list":["post-8795","post","type-post","status-publish","format-standard","hentry","category-ekonomi","odd"],"_links":{"self":[{"href":"http:\/\/www.korhanyilmaz.com\/index.php?rest_route=\/wp\/v2\/posts\/8795","targetHints":{"allow":["GET"]}}],"collection":[{"href":"http:\/\/www.korhanyilmaz.com\/index.php?rest_route=\/wp\/v2\/posts"}],"about":[{"href":"http:\/\/www.korhanyilmaz.com\/index.php?rest_route=\/wp\/v2\/types\/post"}],"author":[{"embeddable":true,"href":"http:\/\/www.korhanyilmaz.com\/index.php?rest_route=\/wp\/v2\/users\/1"}],"replies":[{"embeddable":true,"href":"http:\/\/www.korhanyilmaz.com\/index.php?rest_route=%2Fwp%2Fv2%2Fcomments&post=8795"}],"version-history":[{"count":0,"href":"http:\/\/www.korhanyilmaz.com\/index.php?rest_route=\/wp\/v2\/posts\/8795\/revisions"}],"wp:attachment":[{"href":"http:\/\/www.korhanyilmaz.com\/index.php?rest_route=%2Fwp%2Fv2%2Fmedia&parent=8795"}],"wp:term":[{"taxonomy":"category","embeddable":true,"href":"http:\/\/www.korhanyilmaz.com\/index.php?rest_route=%2Fwp%2Fv2%2Fcategories&post=8795"},{"taxonomy":"post_tag","embeddable":true,"href":"http:\/\/www.korhanyilmaz.com\/index.php?rest_route=%2Fwp%2Fv2%2Ftags&post=8795"}],"curies":[{"name":"wp","href":"https:\/\/api.w.org\/{rel}","templated":true}]}}