{"id":8791,"date":"2009-05-02T16:37:54","date_gmt":"2009-05-02T13:37:54","guid":{"rendered":"http:\/\/www.korhanyilmaz.com\/?p=8791"},"modified":"2009-05-02T16:37:54","modified_gmt":"2009-05-02T13:37:54","slug":"%e2%80%98turkiye-eski-dostumuz-rahat-rahat-dolasiyoruz%e2%80%99","status":"publish","type":"post","link":"http:\/\/www.korhanyilmaz.com\/?p=8791","title":{"rendered":"\u2018T\u00fcrkiye eski dostumuz rahat rahat dola\u015f\u0131yoruz\u2019"},"content":{"rendered":"<p style=\"text-align: center;\"><img loading=\"lazy\" decoding=\"async\" class=\"aligncenter size-full wp-image-8792\" title=\"\u2018T\u00fcrkiye eski dostumuz rahat rahat dola\u015f\u0131yoruz\u2019 \" src=\"http:\/\/www.korhanyilmaz.com\/wp-content\/uploads\/2009\/05\/030520090240057667229-jpg.gif\" alt=\"\u2018T\u00fcrkiye eski dostumuz rahat rahat dola\u015f\u0131yoruz\u2019 \" width=\"329\" height=\"210\" \/><\/p>\n<p style=\"text-align: justify;\"><strong>\u015eii lider Mukteda El Sadr\u2019\u0131n T\u00fcrkiye ziyareti d\u00fcnyada b\u00fcy\u00fck ses getirdi. <\/strong><\/p>\n<p style=\"text-align: justify;\">Irak\u2019ta bir d\u00f6nem 40 bin ki\u015filik Mehdi ordusuyla h\u00fck\u00fcmete ve ABD\u2019ye kafa tutan, ama 2 y\u0131ld\u0131r suikast korkusundan ortal\u0131kta g\u00f6z\u00fckmeyen \u015eii lider Mukteda El Sadr\u2019\u0131n T\u00fcrkiye ziyareti d\u00fcnyada b\u00fcy\u00fck ses getirdi. Sadr\u2019\u0131n s\u00f6zc\u00fcs\u00fc \u201cBurada tehlikede de\u011filiz, rahat rahat dola\u015f\u0131yoruz\u201d dedi.<\/p>\n<p style=\"text-align: justify;\">Son olarak A\u011fustos 2007\u2019de Irak\u2019ta bir cuma namaz\u0131 sonras\u0131 halka seslendi\u011finden beri ortal\u0131kta g\u00f6z\u00fckmeyen Irakl\u0131 \u015eii lider Mukteda El Sadr\u2019\u0131n s\u00fcrpriz T\u00fcrkiye ziyareti b\u00fcy\u00fck ses getirdi. \u0130ki y\u0131ld\u0131r \u0130ran\u2019da ya\u015fayan Sadr, \u00f6nceki g\u00fcn Ankara\u2019da Cumhurba\u015fkan\u0131 G\u00fcl, Ba\u015fbakan Erdo\u011fan ve d\u0131\u015fi\u015fleri yetkilileriyle biraraya gelmi\u015fti. Irak\u2019taki siyasi durum ve yakla\u015fan se\u00e7imlerin ele al\u0131nd\u0131\u011f\u0131 g\u00f6r\u00fc\u015fmeler d\u00fcnya bas\u0131n\u0131n da ilgisini \u00e7ekti. Reuters haber ajans\u0131, bu ziyaretin \u201cT\u00fcrkiye\u2019nin kom\u015fular\u0131yla ili\u015fkilerini g\u00fc\u00e7lendirme \u00e7abas\u0131n\u0131n bir par\u00e7as\u0131 oldu\u011fu\u201d yorumunu yapt\u0131. Ajans, diplomat ve uzmanlara dayanarak \u201cT\u00fcrkiye de ABD gibi \u015eii \u0130ran\u2019\u0131n Irak \u00fczerinde artan etkisinden rahats\u0131z. Bu nedenle Irakl\u0131 \u015eiilerle ili\u015fkileri s\u0131k\u0131 tutmak istiyor\u201d ifadelerini kulland\u0131. <!--more--><\/p>\n<p style=\"text-align: justify;\"><strong>\u201cT\u00fcrkiye arabulucu olabilir\u201d<\/strong><\/p>\n<p style=\"text-align: justify;\">Sadr ise d\u00fcn \u0130stanbul\u2019a ge\u00e7erek, Irakl\u0131 \u015eii vekiller ve baz\u0131 temsilcilerden olu\u015fan 70 ki\u015filik grupla g\u00f6r\u00fc\u015ft\u00fc. Toplant\u0131n\u0131n ard\u0131ndan Sadr\u2019\u0131n s\u00f6zc\u00fcs\u00fc Salah El Ubeydi, Sadr\u2019\u0131n ziyaretine ili\u015fkin, \u201cT\u00fcrkiye eski ve iyi bir dostumuzdur. Ona g\u00fcvenerek biz hi\u00e7bir \u015feyden \u00e7ekinmeden T\u00fcrkiye\u2019de rahat\u00e7a dola\u015f\u0131yoruz\u201d dedi. Ubeydi \u201cArt\u0131k silah b\u0131rakt\u0131k. Ancak siyasi ve k\u00fclt\u00fcrel direni\u015f devam edecek. T\u00fcrkiye\u2019yi, bar\u0131\u015fa arabuluculuk yapan bir \u00fclke olarak g\u00f6r\u00fcyoruz. B\u00f6yle bir talepte bulunmad\u0131k ama gerekirse olabilir\u201d diye konu\u015ftu.<\/p>\n<p style=\"text-align: justify;\"><span style=\"color: #888888;\">Kaynak : Vatan<\/span><\/p>\n","protected":false},"excerpt":{"rendered":"<p style=\"text-align: center;\">\n<p style=\"text-align: justify;\">\u015eii lider Mukteda El Sadr\u2019\u0131n T\u00fcrkiye ziyareti d\u00fcnyada b\u00fcy\u00fck ses getirdi. <\/p>\n<p style=\"text-align: justify;\">Irak\u2019ta bir d\u00f6nem 40 bin ki\u015filik Mehdi ordusuyla h\u00fck\u00fcmete ve ABD\u2019ye kafa tutan, ama 2 y\u0131ld\u0131r suikast korkusundan ortal\u0131kta g\u00f6z\u00fckmeyen \u015eii lider Mukteda El Sadr\u2019\u0131n T\u00fcrkiye ziyareti d\u00fcnyada b\u00fcy\u00fck ses getirdi. Sadr\u2019\u0131n s\u00f6zc\u00fcs\u00fc \u201cBurada tehlikede de\u011filiz, <\/p>\n","protected":false},"author":1,"featured_media":0,"comment_status":"open","ping_status":"closed","sticky":false,"template":"","format":"standard","meta":{"footnotes":""},"categories":[105],"tags":[],"class_list":["post-8791","post","type-post","status-publish","format-standard","hentry","category-gundem","odd"],"_links":{"self":[{"href":"http:\/\/www.korhanyilmaz.com\/index.php?rest_route=\/wp\/v2\/posts\/8791","targetHints":{"allow":["GET"]}}],"collection":[{"href":"http:\/\/www.korhanyilmaz.com\/index.php?rest_route=\/wp\/v2\/posts"}],"about":[{"href":"http:\/\/www.korhanyilmaz.com\/index.php?rest_route=\/wp\/v2\/types\/post"}],"author":[{"embeddable":true,"href":"http:\/\/www.korhanyilmaz.com\/index.php?rest_route=\/wp\/v2\/users\/1"}],"replies":[{"embeddable":true,"href":"http:\/\/www.korhanyilmaz.com\/index.php?rest_route=%2Fwp%2Fv2%2Fcomments&post=8791"}],"version-history":[{"count":0,"href":"http:\/\/www.korhanyilmaz.com\/index.php?rest_route=\/wp\/v2\/posts\/8791\/revisions"}],"wp:attachment":[{"href":"http:\/\/www.korhanyilmaz.com\/index.php?rest_route=%2Fwp%2Fv2%2Fmedia&parent=8791"}],"wp:term":[{"taxonomy":"category","embeddable":true,"href":"http:\/\/www.korhanyilmaz.com\/index.php?rest_route=%2Fwp%2Fv2%2Fcategories&post=8791"},{"taxonomy":"post_tag","embeddable":true,"href":"http:\/\/www.korhanyilmaz.com\/index.php?rest_route=%2Fwp%2Fv2%2Ftags&post=8791"}],"curies":[{"name":"wp","href":"https:\/\/api.w.org\/{rel}","templated":true}]}}