{"id":8786,"date":"2009-05-02T16:34:12","date_gmt":"2009-05-02T13:34:12","guid":{"rendered":"http:\/\/www.korhanyilmaz.com\/?p=8786"},"modified":"2009-05-02T16:34:12","modified_gmt":"2009-05-02T13:34:12","slug":"arincin-kabineye-alinmasi-spnin-basarisi","status":"publish","type":"post","link":"http:\/\/www.korhanyilmaz.com\/?p=8786","title":{"rendered":"Ar\u0131n\u00e7&#039;\u0131n kabineye al\u0131nmas\u0131 SP&#039;nin ba\u015far\u0131s\u0131"},"content":{"rendered":"<p style=\"text-align: center;\"><img loading=\"lazy\" decoding=\"async\" class=\"aligncenter size-full wp-image-8787\" title=\"Ar\u0131n\u00e7'\u0131n kabineye al\u0131nmas\u0131 SP'nin ba\u015far\u0131s\u0131 \" src=\"http:\/\/www.korhanyilmaz.com\/wp-content\/uploads\/2009\/05\/030520090411416252879.jpg\" alt=\"Ar\u0131n\u00e7'\u0131n kabineye al\u0131nmas\u0131 SP'nin ba\u015far\u0131s\u0131 \" width=\"329\" height=\"210\" \/><strong><\/strong><\/p>\n<p style=\"text-align: justify;\"><strong>SP Genel Ba\u015fkan\u0131 Numan Kurtulmu\u015f&#8217;tan ilgin\u00e7 yorum<\/strong><\/p>\n<p style=\"text-align: justify;\">BURSA&#8217;da konu\u015fan Saadet Partisi (SP) Genel Ba\u015fkan\u0131 Numan Kurtulmu\u015f, Ba\u015fbakan Recep Tayyip Erdo\u011fan taraf\u0131ndan a\u00e7\u0131klanan kabine de\u011fi\u015fikli\u011finde Saadet Partisi&#8217;nin yerel se\u00e7imlerdeki oy art\u0131\u015f\u0131n\u0131n etkili oldu\u011funu s\u00f6yledi. Kurtulmu\u015f, B\u00fclent Ar\u0131n\u00e7&#8217;\u0131n kabineye al\u0131nmas\u0131na, SP&#8217;nin se\u00e7im ba\u015far\u0131s\u0131n\u0131n yol a\u00e7t\u0131\u011f\u0131n\u0131 s\u00f6yledi.<\/p>\n<p style=\"text-align: justify;\">Bursa&#8217;da \u00f6zel bir A\u011f\u0131z ve Di\u015f Sa\u011fl\u0131\u011f\u0131 Merkezi&#8217;nin a\u00e7\u0131l\u0131\u015f\u0131na kat\u0131lan SP Genel Ba\u015fkan\u0131 Numan Kurtulmu\u015f, gazetecilerin Bakanlar Kurulu&#8217;ndaki de\u011fi\u015fikliklerle ili\u015fkin sorular\u0131n\u0131 cevaplad\u0131. Kabine de\u011fi\u015fikli\u011finin hay\u0131rl\u0131 olmas\u0131n\u0131 dileyen SP Genel Ba\u015fkan\u0131 Numan Kurtulmu\u015f, 9 yeni bakanla birlikte, t\u00fcm bakanlar\u0131n ba\u015far\u0131l\u0131 olmas\u0131n\u0131 istediklerini s\u00f6yledi. <!--more--><\/p>\n<p style=\"text-align: justify;\">Bakanlar\u0131n, T\u00fcrkiye&#8217;nin i\u00e7inde bulundu\u011fu zor \u015fartlarda, \u00fclkeye hizmet etme \u015fans\u0131 buldu\u011funu belirten Kurtulmu\u015f, &#8220;Biz i\u015fba\u015f\u0131na gelen bir millet i\u00e7in g\u00f6rev alan b\u00fct\u00fcn arkada\u015flar\u0131m\u0131z\u0131n rakip bir partiden de olsa millet ad\u0131na ba\u015far\u0131l\u0131 olmas\u0131n\u0131 temenni ederiz. Her yapt\u0131klar\u0131 `do\u011fru&#8217; i\u015flerinde &#8216;do\u011fru yap\u0131yorsunuz&#8217; deriz ve her yapt\u0131klar\u0131 yanl\u0131\u015flarda da kar\u015f\u0131lar\u0131na ge\u00e7eriz. Arkada\u015fl\u0131\u011f\u0131m\u0131z, dostlu\u011fumuz ba\u015fkad\u0131r. Ama sonu\u00e7 itibariyle millet ad\u0131na yapacaklar\u0131 yanl\u0131\u015flara da mani olmak i\u00e7in b\u00fct\u00fcn g\u00fcc\u00fcm\u00fczle m\u00fccadele ederiz&#8221; dedi.<\/p>\n<p style=\"text-align: justify;\">Kabinede yap\u0131lan son de\u011fi\u015fiklerde, SP&#8217;deki oy art\u0131\u015f\u0131n\u0131n etkili oldu\u011funu savunan SP Genel Ba\u015fkan\u0131 Numan Kurtulmu\u015f, bir gazetecinin &#8220;B\u00fclent Ar\u0131n\u00e7&#8217;\u0131n kabineye bu nedenle getirildi\u011fi&#8221; iddialar\u0131n\u0131 hat\u0131rlatmas\u0131 \u00fczerine, &#8220;Bir \u00e7ok siyasi analizci ayn\u0131 yorumda bulunuyor. Bu kabine revizyonundaki \u00f6nemli etkilerden birisi, Saadet Partisi&#8217;nin alm\u0131\u015f oldu\u011fu \u00f6nemli se\u00e7im ba\u015far\u0131s\u0131d\u0131r&#8221; yan\u0131t\u0131n\u0131 verdi.<\/p>\n<p style=\"text-align: justify;\">Kabine revizyonundan daha \u00f6nemli olan\u0131n, h\u00fck\u00fcmetin politikalar\u0131 oldu\u011funu bvurgulayan Kurtulmu\u015f, konu\u015fmas\u0131n\u0131 \u015f\u00f6yle s\u00fcrd\u00fcrd\u00fc:<\/p>\n<p style=\"text-align: justify;\">&#8220;Bu d\u00f6nemde ekonomik politikalar fevkalade \u00f6nem kazanacakt\u0131r. Ve d\u0131\u015f politikadaki T\u00fcrkiye&#8217;yi ilgilendiren fevkalade \u00f6nemli olacakt\u0131r. Biz h\u00fck\u00fcmetin uygulam\u0131\u015f oldu\u011fu ekonomik modelin yanl\u0131\u015f oldu\u011fu tespitinde bulunuyoruz. 8 y\u0131ld\u0131r bunu s\u00f6yl\u00fcyoruz. Sadece bu h\u00fck\u00fcmetin de\u011fil, bundan \u00f6nceki Kemal Dervi\u015f&#8217;in de politikalar\u0131n\u0131n yanl\u0131\u015f oldu\u011funu s\u00f6yl\u00fcyorduk. Malesef zaman bizi hakl\u0131 \u00e7\u0131kard\u0131. Daha fazla hakl\u0131 \u00e7\u0131kmak istemiyoruz. Yapt\u0131\u011f\u0131m\u0131z uyar\u0131lar\u0131n yerinde oldu\u011fu a\u00e7\u0131kt\u0131r. Biz h\u00fck\u00fcmetin bundan sonra reel \u00fcretimi art\u0131racak, milletin al\u0131m g\u00fcc\u00fcn\u00fc art\u0131racak, T\u00fcrkiye&#8217;yi d\u0131\u015fa ba\u011f\u0131ml\u0131 ekonomik modelden kurtaracak, yeni bir programa kavu\u015fmas\u0131n\u0131 temenni ediyoruz. \u00d6zellikle bu konularda g\u00f6rev alan bakan arkada\u015flar\u0131m\u0131z\u0131 da bu konulara yo\u011funla\u015fmaya davet ediyoruz.&#8221;<\/p>\n<p style=\"text-align: justify;\"><strong>MEHMET\u00c7\u0130K, ABD \u0130NS\u0130YAT\u0130F\u0130N\u0130N BEK\u00c7\u0130S\u0130 OLMAMALI<\/strong><\/p>\n<p style=\"text-align: justify;\">T\u00fcrkiye&#8217;de ikinci \u00f6nemli alan\u0131n d\u0131\u015f politika alan\u0131 oldu\u011funu ifade eden Kurtulmu\u015f, ABD Ba\u015fkan\u0131 Barack H\u00fcseyin Obama&#8217;n\u0131n yeni y\u00f6netimiyle birlikte b\u00f6lgede geni\u015fletilmi\u015f Ortado\u011fu projesinde yeni bir d\u00f6neme ge\u00e7ti\u011fini dile getirdi.<\/p>\n<p style=\"text-align: justify;\">ABD&#8217;nin, hem a\u015f\u0131r\u0131 derecede kulland\u0131\u011f\u0131 askeri g\u00fcc\u00fcn\u00fc k\u0131smen revize edece\u011fini, hem de \u00e7at\u0131\u015fma b\u00f6lgelerini Irak&#8217;tan kayd\u0131rarak, Pakistan, Afganistan b\u00f6lgelerine ta\u015f\u0131yaca\u011f\u0131n\u0131 savunan Kurtulmu\u015f, T\u00fcrkiye&#8217;yi uyan\u0131k olmaya \u00e7a\u011f\u0131rd\u0131.<\/p>\n<p style=\"text-align: justify;\">&#8220;Yeni d\u0131\u015fi\u015fleri bakan\u0131ndan da bu konuda hassas olmas\u0131n\u0131 tavsiye ediyoruz&#8221; diyen Kurtulmu\u015f, &#8220;T\u00fcrkiye, \u00f6zellikle Afganistan&#8217;a asker g\u00f6nderme konusunda hassas olmal\u0131d\u0131r. Yeter art\u0131k. Bizim Mehmetler, d\u00fcnyan\u0131n neresinde ABD insiyatifi gerektiriyorsa oraya n\u00f6bet\u00e7i olarak gidemez. T\u00fcrkiye bu konuda hassas olmal\u0131d\u0131r. Aktif, \u015fahsiyetli, \u00e7ok tarafl\u0131 bir d\u0131\u015f politika izlemelidir. Bu d\u00f6nemde T\u00fcrkiye&#8217;nin geni\u015fletilmi\u015f Ortado\u011fu projesinin parantezinden \u00e7\u0131kart\u0131lmas\u0131 gerekir. Yeni D\u0131\u015fi\u015fleri Bakan\u0131 Davuto\u011flu Beye de bu tavsiyelerde bulunuyoruz. \u00d6zellikle iki alanda h\u00fck\u00fcmetin \u015fimdiye kadar s\u00fcrd\u00fcrd\u00fc\u011f\u00fc politikalar\u0131n\u0131 revize etmesini, yeni politikalar \u00fczerinde \u00e7al\u0131\u015fmas\u0131 gerekti\u011fi a\u00e7\u0131kt\u0131r. Bir dost olarak bunlar\u0131 s\u00f6yl\u00fcyoruz&#8221; diye konu\u015ftu.<\/p>\n<p style=\"text-align: justify;\"><span style=\"color: #888888;\">Kaynak : Vatan<\/span><\/p>\n<p style=\"text-align: justify;\"><span style=\"font-family: Arial,Verdana,Helvetica,sans-serif; font-size: x-small;\"> <\/span><\/p>\n","protected":false},"excerpt":{"rendered":"<p style=\"text-align: center;\">\n<p style=\"text-align: justify;\">SP Genel Ba\u015fkan\u0131 Numan Kurtulmu\u015f&#8217;tan ilgin\u00e7 yorum<\/p>\n<p style=\"text-align: justify;\">BURSA&#8217;da konu\u015fan Saadet Partisi (SP) Genel Ba\u015fkan\u0131 Numan Kurtulmu\u015f, Ba\u015fbakan Recep Tayyip Erdo\u011fan taraf\u0131ndan a\u00e7\u0131klanan kabine de\u011fi\u015fikli\u011finde Saadet Partisi&#8217;nin yerel se\u00e7imlerdeki oy art\u0131\u015f\u0131n\u0131n etkili oldu\u011funu s\u00f6yledi. Kurtulmu\u015f, B\u00fclent Ar\u0131n\u00e7&#8217;\u0131n kabineye al\u0131nmas\u0131na, SP&#8217;nin se\u00e7im ba\u015far\u0131s\u0131n\u0131n yol a\u00e7t\u0131\u011f\u0131n\u0131 s\u00f6yledi.<\/p>\n<p style=\"text-align: justify;\">Bursa&#8217;da \u00f6zel <\/p>\n","protected":false},"author":1,"featured_media":0,"comment_status":"open","ping_status":"closed","sticky":false,"template":"","format":"standard","meta":{"footnotes":""},"categories":[105],"tags":[],"class_list":["post-8786","post","type-post","status-publish","format-standard","hentry","category-gundem","odd"],"_links":{"self":[{"href":"http:\/\/www.korhanyilmaz.com\/index.php?rest_route=\/wp\/v2\/posts\/8786","targetHints":{"allow":["GET"]}}],"collection":[{"href":"http:\/\/www.korhanyilmaz.com\/index.php?rest_route=\/wp\/v2\/posts"}],"about":[{"href":"http:\/\/www.korhanyilmaz.com\/index.php?rest_route=\/wp\/v2\/types\/post"}],"author":[{"embeddable":true,"href":"http:\/\/www.korhanyilmaz.com\/index.php?rest_route=\/wp\/v2\/users\/1"}],"replies":[{"embeddable":true,"href":"http:\/\/www.korhanyilmaz.com\/index.php?rest_route=%2Fwp%2Fv2%2Fcomments&post=8786"}],"version-history":[{"count":0,"href":"http:\/\/www.korhanyilmaz.com\/index.php?rest_route=\/wp\/v2\/posts\/8786\/revisions"}],"wp:attachment":[{"href":"http:\/\/www.korhanyilmaz.com\/index.php?rest_route=%2Fwp%2Fv2%2Fmedia&parent=8786"}],"wp:term":[{"taxonomy":"category","embeddable":true,"href":"http:\/\/www.korhanyilmaz.com\/index.php?rest_route=%2Fwp%2Fv2%2Fcategories&post=8786"},{"taxonomy":"post_tag","embeddable":true,"href":"http:\/\/www.korhanyilmaz.com\/index.php?rest_route=%2Fwp%2Fv2%2Ftags&post=8786"}],"curies":[{"name":"wp","href":"https:\/\/api.w.org\/{rel}","templated":true}]}}