{"id":8783,"date":"2009-05-02T14:43:01","date_gmt":"2009-05-02T11:43:01","guid":{"rendered":"http:\/\/www.korhanyilmaz.com\/?p=8783"},"modified":"2009-05-02T14:43:01","modified_gmt":"2009-05-02T11:43:01","slug":"anayasa-mahkemesinde-ergenekon-depremi","status":"publish","type":"post","link":"http:\/\/www.korhanyilmaz.com\/?p=8783","title":{"rendered":"Anayasa Mahkemesi&#039;nde Ergenekon depremi"},"content":{"rendered":"<p style=\"text-align: center;\"><img loading=\"lazy\" decoding=\"async\" class=\"aligncenter size-full wp-image-8784\" title=\"Anayasa Mahkemesi'nde Ergenekon depremi \" src=\"http:\/\/www.korhanyilmaz.com\/wp-content\/uploads\/2009\/05\/030520090337060074789-jpg.gif\" alt=\"Anayasa Mahkemesi'nde Ergenekon depremi \" width=\"329\" height=\"210\" \/><\/p>\n<p style=\"text-align: justify;\"><strong>Paks\u00fct: Bana kar\u015f\u0131 kalle\u015f\u00e7e sinsice y\u00f6ntem uygulad\u0131lar. <\/strong><\/p>\n<p style=\"text-align: justify;\">Anayasa Mahkemesi Ba\u015fkanvekili Osman Paks\u00fct, Ergenekon savc\u0131s\u0131 \u00d6z\u2019\u00fcn yetkisini a\u015farak kendisi hakk\u0131nda Anayasa Mahkemesi\u2019ne su\u00e7 duyurusunda bulundu\u011funu belirtip yeni Adalet Bakan\u0131\u2019n\u0131n soru\u015fturma a\u00e7mas\u0131n\u0131 istedi.<\/p>\n<p style=\"text-align: justify;\">E\u015fi Ferda Paks\u00fct hakk\u0131nda ikinci Ergenekon iddianamesi ile dava a\u00e7\u0131lan Anayasa Mahkemesi\u2019nin iki numaral\u0131 ismi Osman Paks\u00fct, e\u015fi ile birlikte kendi telefonlar\u0131n\u0131n da dinlendi\u011fini belirterek sert tepki g\u00f6sterdi. Paks\u00fct, Ergenekon soru\u015fturmas\u0131n\u0131 y\u00fcr\u00fcten savc\u0131 Zekeriya \u00d6z\u2019\u00fcn kendisi hakk\u0131nda Anayasa Mahkemesi\u2019ne \u201cter\u00f6r su\u00e7undan\u201d su\u00e7 duyurusunda bulundu\u011funu ve bunun hakk\u0131nda ne gibi bir i\u015flem yap\u0131ld\u0131\u011f\u0131n\u0131 bilmedi\u011fini s\u00f6yledi. <!--more--><\/p>\n<p style=\"text-align: justify;\">E\u015fi Ferda Paks\u00fct hakk\u0131nda \u201cErgenekon \u00fcyesi olmak ve AKP kapatma davas\u0131 s\u00fcrerken Anayasa Mahkemesi ba\u015fkan ve \u00fcyelerini karalay\u0131c\u0131 yay\u0131n yap\u0131lmas\u0131na \u00e7al\u0131\u015fmak\u201d iddias\u0131yla dava a\u00e7\u0131lan Osman Paks\u00fct, CNN T\u00fcrk\u2019te canl\u0131 yay\u0131na kat\u0131ld\u0131. Paks\u00fct, \u201cSavunma hakk\u0131m\u0131 kullanarak onuruma yap\u0131lan sald\u0131r\u0131lar\u0131 g\u00f6stermek istiyorum. Yarg\u0131s\u0131z infaz yap\u0131lan, onuru zedelenen, bir ter\u00f6r \u00f6rg\u00fct\u00fcn\u00fcn \u00fcyesi, yard\u0131m edeni, propagandac\u0131s\u0131 olarak g\u00f6sterilen ki\u015fi s\u0131fat\u0131yla bu a\u00e7\u0131klamalar\u0131 yap\u0131yorum\u201d dedi.<\/p>\n<p style=\"text-align: justify;\">Paks\u00fct, Ergenekon iddianamesinin eklerindeki ileti\u015fim tespit tutanaklar\u0131nda e\u015fi Ferda Paks\u00fct ile birlikte kendisinin de \u201cHedef \u015fah\u0131s\u201d olarak g\u00f6sterildi\u011fini belirterek, \u201cCeza hukukunun \u00e7a\u011flar boyu geli\u015fimi var. Orta\u00e7a\u011f\u2019dan bu yana ise cezalar\u0131n \u015fahsili\u011fi ilkesi ba\u015flad\u0131. Bu iddianamede e\u015fim hakk\u0131nda yap\u0131lan ceza soru\u015fturmas\u0131nda yap\u0131lan ileti\u015fimin izlenmesi bana te\u015fmil edilmi\u015ftir. Yani dinlenildi\u011fimi s\u00f6yl\u00fcyorum. Bunun delil olarak al\u0131nd\u0131\u011f\u0131n\u0131 ve dosyaya al\u0131nd\u0131\u011f\u0131n\u0131 g\u00f6r\u00fcyoruz\u201d dedi.<\/p>\n<p style=\"text-align: justify;\">Anayasa Mahkemesi \u00fcyelerinin \u00f6zel bir soru\u015fturma us\u00fcl\u00fcne tabi oldu\u011funu anlatan Paks\u00fct, bu t\u00fcr bir dinlemenin hukuka ayk\u0131r\u0131 oldu\u011funu s\u00f6yledi. Paks\u00fct, Savc\u0131 \u00d6z\u2019\u00fcn 15 Ekim 2008\u2019de Anayasa Mahkemesi Ba\u015fkanl\u0131\u011f\u0131\u2019na g\u00f6nderdi\u011fi yaz\u0131da, Ferda Paks\u00fct\u2019\u00fcn dinlenmesi s\u0131ras\u0131nda kendisinin de telefonu alarak konu\u015ftu\u011funu ve bu konu\u015fmalar\u0131 \u00d6z\u2019\u00fcn Anayasa Mahkemesi\u2019ne g\u00f6nderdi\u011fini belirtti\u011fini anlatt\u0131. Paks\u00fct, \u201cBu yaz\u0131ya g\u00f6re \u015fu anda \u015f\u00fcpheli pozisyonunda olmam gerekir. \u00c7\u00fcnk\u00fc bu bir su\u00e7 ihbar\u0131. Ama bu soru\u015fturmay\u0131 y\u00fcr\u00fcten savc\u0131lar, Anayasa Mahkemesi ve Yarg\u0131tay\u2019\u0131n yarg\u0131layaca\u011f\u0131 ki\u015filer hakk\u0131nda soru\u015fturma y\u00fcr\u00fctemeyeceklerini biliyor olmal\u0131lar. Bu y\u00fczden Anayasa Mahkemesi\u2019ne g\u00f6nderdikleri ileti\u015fimin tespiti hukuka ayk\u0131r\u0131d\u0131r\u201d dedi. Paks\u00fct, kendisinin e\u015finin telefonuyla yapt\u0131\u011f\u0131 ilk konu\u015fman\u0131n Nisan 2008\u2019de oldu\u011funu, oysa Anayasa Mahkemesi\u2019ne yaz\u0131n\u0131n Ekim\u2019de g\u00f6nderildi\u011fini de vurgulayarak \u201cBunu hemen g\u00f6ndermesi gerekirdi. Kanunda \u2019derhal\u2019 ibaresi var\u201d diye konu\u015ftu.<\/p>\n<p style=\"text-align: justify;\"><strong>\u2018L\u0130N\u00c7 KAMPANYASI\u2019<\/strong><\/p>\n<p style=\"text-align: justify;\">Kendisi ile ilgili bir lin\u00e7 kampanyas\u0131 y\u00fcr\u00fct\u00fcld\u00fc\u011f\u00fcn\u00fc savunan Paks\u00fct, Sezer taraf\u0131ndan \u00fcyeli\u011fe atand\u0131\u011f\u0131 g\u00fcn bir gazetenin \u201cCellat Ali\u2019nin torunu Anayasa Mahkemesi\u2019ne se\u00e7ildi\u201d diye haber yapt\u0131\u011f\u0131n\u0131 ve bununla dedesi, Atat\u00fcrk\u2019\u00fcn yak\u0131n \u00e7al\u0131\u015fma arkada\u015flar\u0131ndan Ali \u00c7etinkaya\u2019n\u0131n \u0130zmir suikast\u0131 san\u0131klar\u0131n\u0131n yarg\u0131land\u0131\u011f\u0131 mahkemenin ba\u015fkan\u0131 olmas\u0131n\u0131 kastettiklerini anlatt\u0131. Paks\u00fct, \u201c\u00d6rt\u00fcl\u00fc kin var burada\u201d dedi.<\/p>\n<p style=\"text-align: justify;\"><strong>\u2018K\u0131l\u0131\u00e7 gere\u011fini yaps\u0131n\u2019<\/strong><\/p>\n<p style=\"text-align: justify;\">Kendisi hakk\u0131nda \u201cbir nevi ka\u00e7ak, korsan soru\u015fturma y\u00fcr\u00fct\u00fcld\u00fc\u011f\u00fcn\u00fc\u201d s\u00f6yleyen Paks\u00fct, \u201cBu t\u00fcr y\u00f6ntemler, sinsice kalle\u015f\u00e7e y\u00f6ntemlerdir\u201d dedi. Paks\u00fct, Ergenekon savc\u0131lar\u0131n\u0131n telefon dinleme tutana\u011f\u0131na \u00fc\u00e7 kez kendisini hedef \u015fah\u0131s olarak yazmalar\u0131n\u0131n, yetkilerini a\u015ft\u0131klar\u0131n\u0131 ve g\u00f6revlerini k\u00f6t\u00fcye kulland\u0131klar\u0131n\u0131 g\u00f6sterdi\u011fini belirterek, yeni Adalet Bakan\u0131 Sadullah Ergin\u2019in resen bir soru\u015fturma a\u00e7mas\u0131 gerekti\u011fini s\u00f6yledi. Paks\u00fct \u201cBir su\u00e7 duyurusu gerekiyorsa bunu da yapar\u0131m\u201d dedi.<\/p>\n<p style=\"text-align: justify;\">Paks\u00fct, mevzuata g\u00f6re Savc\u0131 \u00d6z\u2019\u00fcn yaz\u0131s\u0131n\u0131n Anayasa Mahkemesi\u2019ne gelmesinden sonra Ba\u015fkan\u2019\u0131n durumu hemen mahkemeye bildirmesi ya da bir \u00fcye g\u00f6revlendirip hakk\u0131nda inceleme yapt\u0131rmas\u0131 gerekti\u011fini belirtti. Paks\u00fct, \u201cBa\u015fkan bunu ertelerse y\u00fck\u00fcml\u00fcl\u00fc\u011f\u00fcn\u00fc yerine getirmemi\u015f olur. Bir \u00fcyeye inceleme yapt\u0131rd\u0131ysa ve bunun sonucunun i\u015flem yap\u0131lmas\u0131na gerek olmad\u0131\u011f\u0131 sonucuna var\u0131ld\u0131ysa, bunun bildirilmesi gerekir. Ben b\u00f6yle bir tebligat almad\u0131m\u201d diye konu\u015ftu.<\/p>\n<p style=\"text-align: justify;\">Paks\u00fct, inceleme sonunda soru\u015fturma y\u00fcr\u00fct\u00fclmesine karar verilmesi halinde 3 \u00fcyeden olu\u015fan bir kurulun bu soru\u015fturmay\u0131 y\u00fcr\u00fctmesi gerekti\u011fini de belirterek \u201cB\u00f6yle bir kurul olu\u015fturulsayd\u0131 benim haberim olurdu, \u00e7\u00fcnk\u00fc benim ifademi almak zorundad\u0131r\u201d dedi. Bu i\u015flemlerin yap\u0131l\u0131p yap\u0131lmad\u0131\u011f\u0131n\u0131 Anayasa Mahkemesi Ba\u015fkan\u0131 Ha\u015fim K\u0131l\u0131\u00e7\u2019a sormad\u0131\u011f\u0131n\u0131 s\u00f6yleyen Paks\u00fct, \u201cAma soru\u015fturman\u0131n uzamas\u0131n\u0131n adil yarg\u0131lama hakk\u0131n\u0131 ihlal etti\u011fini biliyoruz. Anayasa\u2019y\u0131 korumak i\u00e7in yemin etmi\u015f bir y\u00fcksek yarg\u0131\u00e7 hakk\u0131nda ter\u00f6r itham\u0131 varsa b\u00f6yle bir \u015feyin soru\u015fturmas\u0131z b\u0131rak\u0131lmas\u0131 d\u00fc\u015f\u00fcn\u00fclemez. Say\u0131n Ba\u015fkan bunu i\u015fleme koymam\u0131\u015fsa bu vahim bir \u015feydir, o koltuktan kalkmas\u0131 gerekir\u201d dedi.<\/p>\n<p style=\"text-align: justify;\"><strong>Dedikodu ayr\u0131, ter\u00f6r ayr\u0131<\/strong><\/p>\n<p style=\"text-align: justify;\">E\u015e\u0130 Ferda Paks\u00fct\u2019\u00fcn dava dosyas\u0131na konulan konu\u015fmalar\u0131na ili\u015fkin sorulara yan\u0131t vermek istemeyen Paks\u00fct, \u201cBen ne Ferda Paks\u00fct\u2019\u00fcn ne de o davada yarg\u0131lanan herhangi birinin avukat\u0131y\u0131m. E\u015fimin su\u00e7lu olup olmad\u0131\u011f\u0131na mahkeme karar verecek, bu karar\u0131 da sayg\u0131yla kar\u015f\u0131layaca\u011f\u0131z\u201d dedi. Paks\u00fct, e\u015finin telefon konu\u015fmalar\u0131n\u0131n ho\u015f olup olmad\u0131\u011f\u0131 sorusuna ise tepki g\u00f6stererek \u201cHo\u015f olup olmama, etik olup olmama, dedikodu yap\u0131p yapmama ter\u00f6r su\u00e7lamas\u0131 d\u0131\u015f\u0131ndad\u0131r. Bunun d\u0131\u015f\u0131nda soru sormak yarg\u0131s\u0131z infaz yapmaktad\u0131r\u201d dedi.<\/p>\n<p style=\"text-align: justify;\">Kurallar g\u00f6z ard\u0131 edilerek \u201ckar\u0131l\u0131-kocal\u0131 soru\u015fturmaya u\u011frad\u0131klar\u0131n\u0131\u201d s\u00f6yleyen Paks\u00fct, Bakan\u2019\u0131n soru\u015fturma yapt\u0131rmas\u0131 halinde, bunu yapanlar\u0131n insan haklar\u0131 konusunda ne kadar karanl\u0131k sicilli olduklar\u0131n\u0131n bir kez daha g\u00f6r\u00fclece\u011fini s\u00f6yledi.<\/p>\n<p style=\"text-align: justify;\"><strong>K\u0131l\u0131\u00e7: Yak\u0131nda \u00f6\u011frenir ne oldu\u011funu<\/strong><\/p>\n<p style=\"text-align: justify;\">Paks\u00fct\u2019\u00fcn bu a\u00e7\u0131klamalar\u0131 \u00fczerine g\u00f6r\u00fc\u015flerini sordu\u011fumuz Anayasa Mahkemesi Ba\u015fkan\u0131 Ha\u015fim K\u0131l\u0131\u00e7 VATAN\u2019a \u00f6nce \u201cBu konularla ilgili size bilgi vermeyece\u011fim, l\u00fctfen sormay\u0131n\u201d dedi. Ama hemen ard\u0131ndan, \u00e7ok \u00e7arp\u0131c\u0131 \u015fu yan\u0131t\u0131 verdi: \u201cHer\u015fey kendi mecras\u0131nda y\u00fcr\u00fcyor. Kendisi de yak\u0131nda \u00f6\u011frenir ne olup bitti\u011fini&#8230;\u201d K\u0131l\u0131\u00e7\u2019\u0131n s\u00f6zlerindeki \u201cher \u015fey kendi mecras\u0131nda y\u00fcr\u00fcyor\u201d ifadesi, Savc\u0131 \u00d6z\u2019\u00fcn su\u00e7 duyurusunun i\u015fleme konuldu\u011fu, K\u0131l\u0131\u00e7\u2019\u0131n, Osman Paks\u00fct\u2019le ilgili iddialar\u0131 incelemek i\u00e7in bir \u00fcye g\u00f6revlendirdi\u011fi \u015feklinde yorumland\u0131. Anayasa Mahkemesi i\u00e7 t\u00fcz\u00fc\u011f\u00fcne g\u00f6re, Ba\u015fkan\u2019\u0131n g\u00f6revlendirdi\u011fi \u00fcye, iddialar\u0131 inceleyerek kendi g\u00f6r\u00fc\u015f\u00fcn\u00fc katmayaca\u011f\u0131 bir rapor haz\u0131rlayacak. Soru\u015fturma a\u00e7\u0131l\u0131p a\u00e7\u0131lmamas\u0131na bu raporu inceleyecek olan Mahkeme heyeti karar verecek.<\/p>\n<p style=\"text-align: justify;\"><span style=\"color: #888888;\">Kaynak : Vatan<\/span><\/p>\n","protected":false},"excerpt":{"rendered":"<p style=\"text-align: center;\">\n<p style=\"text-align: justify;\">Paks\u00fct: Bana kar\u015f\u0131 kalle\u015f\u00e7e sinsice y\u00f6ntem uygulad\u0131lar. <\/p>\n<p style=\"text-align: justify;\">Anayasa Mahkemesi Ba\u015fkanvekili Osman Paks\u00fct, Ergenekon savc\u0131s\u0131 \u00d6z\u2019\u00fcn yetkisini a\u015farak kendisi hakk\u0131nda Anayasa Mahkemesi\u2019ne su\u00e7 duyurusunda bulundu\u011funu belirtip yeni Adalet Bakan\u0131\u2019n\u0131n soru\u015fturma a\u00e7mas\u0131n\u0131 istedi.<\/p>\n<p style=\"text-align: justify;\">E\u015fi Ferda Paks\u00fct hakk\u0131nda ikinci Ergenekon iddianamesi ile dava a\u00e7\u0131lan Anayasa Mahkemesi\u2019nin iki numaral\u0131 <\/p>\n","protected":false},"author":1,"featured_media":0,"comment_status":"open","ping_status":"closed","sticky":false,"template":"","format":"standard","meta":{"footnotes":""},"categories":[105],"tags":[],"class_list":["post-8783","post","type-post","status-publish","format-standard","hentry","category-gundem","odd"],"_links":{"self":[{"href":"http:\/\/www.korhanyilmaz.com\/index.php?rest_route=\/wp\/v2\/posts\/8783","targetHints":{"allow":["GET"]}}],"collection":[{"href":"http:\/\/www.korhanyilmaz.com\/index.php?rest_route=\/wp\/v2\/posts"}],"about":[{"href":"http:\/\/www.korhanyilmaz.com\/index.php?rest_route=\/wp\/v2\/types\/post"}],"author":[{"embeddable":true,"href":"http:\/\/www.korhanyilmaz.com\/index.php?rest_route=\/wp\/v2\/users\/1"}],"replies":[{"embeddable":true,"href":"http:\/\/www.korhanyilmaz.com\/index.php?rest_route=%2Fwp%2Fv2%2Fcomments&post=8783"}],"version-history":[{"count":0,"href":"http:\/\/www.korhanyilmaz.com\/index.php?rest_route=\/wp\/v2\/posts\/8783\/revisions"}],"wp:attachment":[{"href":"http:\/\/www.korhanyilmaz.com\/index.php?rest_route=%2Fwp%2Fv2%2Fmedia&parent=8783"}],"wp:term":[{"taxonomy":"category","embeddable":true,"href":"http:\/\/www.korhanyilmaz.com\/index.php?rest_route=%2Fwp%2Fv2%2Fcategories&post=8783"},{"taxonomy":"post_tag","embeddable":true,"href":"http:\/\/www.korhanyilmaz.com\/index.php?rest_route=%2Fwp%2Fv2%2Ftags&post=8783"}],"curies":[{"name":"wp","href":"https:\/\/api.w.org\/{rel}","templated":true}]}}