{"id":8779,"date":"2009-05-02T15:24:20","date_gmt":"2009-05-02T12:24:20","guid":{"rendered":"http:\/\/www.korhanyilmaz.com\/?p=8779"},"modified":"2009-05-02T15:24:20","modified_gmt":"2009-05-02T12:24:20","slug":"ara-ki-bulasin","status":"publish","type":"post","link":"http:\/\/www.korhanyilmaz.com\/?p=8779","title":{"rendered":"Ara ki bulas\u0131n"},"content":{"rendered":"<p style=\"text-align: justify;\"><a href=\"http:\/\/www.korhanyilmaz.com\/wp-content\/uploads\/2009\/05\/030520090307437181244-jpg.gif\"  class=\"lightview\"><img loading=\"lazy\" decoding=\"async\" class=\"aligncenter size-full wp-image-8780\" title=\"Ara ki bulas\u0131n \" src=\"http:\/\/www.korhanyilmaz.com\/wp-content\/uploads\/2009\/05\/030520090307437181244-jpg.gif\" alt=\"Ara ki bulas\u0131n \" width=\"329\" height=\"210\" \/><\/a><\/p>\n<p style=\"text-align: justify;\"><strong><span style=\"font-family: Arial;\">Almanya\u2019n\u0131n \u2018bas\u0131n\u2019 dedi\u011fi \u015firketlerin yerinde yeller esiyor!<\/span><\/strong><\/p>\n<p style=\"text-align: justify;\">Deniz Feneri e.V davas\u0131 kapsam\u0131nda Alman savc\u0131, 20 Ocak 2009 tarihinde T\u00fcrkiye\u2019deki 12 \u015firketin T\u00fcrk makamlar\u0131nca bas\u0131lmas\u0131 talebinde bulundu. Bu talebin \u00fczerinden 3 aydan fazla s\u00fcre ge\u00e7ti, ancak T\u00fcrkiye\u2019de herhangi bir i\u015flem yap\u0131lmad\u0131. Bunun \u00fczerine Alman savc\u0131n\u0131n adreslerini verdi\u011fi \u015firketleri ara\u015ft\u0131rd\u0131k, hi\u00e7birini yerinde bulamad\u0131k!<\/p>\n<p style=\"text-align: justify;\">17 Eyl\u00fcl 2008 tarihinde Alman hakim Deniz Feneri davas\u0131n\u0131 sonu\u00e7land\u0131rd\u0131 ve karar\u0131nda \u2019esas failler T\u00fcrkiye\u2019de\u2019a\u00e7\u0131klamas\u0131 yapt\u0131. Ancak aradan 8 ay ge\u00e7mesine ra\u011fmen T\u00fcrkiye\u2019de bir arpa boyu bile yol kat edilemedi . Bu s\u0131rada Almanya\u2019da davan\u0131n ikinci dalgas\u0131 ba\u015flad\u0131. Alman yetkililer T\u00fcrkiye\u2019den de yard\u0131m istedi. 20 Ocak 2009 tarihinde \u201c9409AR 2622202\/08\u201d dosya numaras\u0131 ile T\u00fcrkiye\u2019ye g\u00f6nderilen 84 sayfal\u0131k \u2019uluslararas\u0131 adli yard\u0131m talebi\u2019nde, T\u00fcrk yetkililerden Deniz Feneri e. V\u2019nin T\u00fcrkiye ba\u011flant\u0131lar\u0131yla ilgili ara\u015ft\u0131rma yapmas\u0131 istendi. <!--more--><\/p>\n<p style=\"text-align: justify;\"><strong>16.9 milyon euro T\u00fcrkiye\u2019ye gitti<\/strong><\/p>\n<p style=\"text-align: justify;\">Almanya\u2019da ba\u011f\u0131\u015f olarak toplanan paralardan 16.9 milyonunun T\u00fcrkiye\u2019ye g\u00f6nderildi\u011fini tespit eden Alman savc\u0131lar, bu paralar\u0131 sorunca dernek T\u00fcrkiye\u2019deki 12 \u015firketin ad\u0131n\u0131, adresini verip bu \u015firketlerden yard\u0131m malzemesi sat\u0131n ald\u0131klar\u0131n\u0131 \u00f6ne s\u00fcrm\u00fc\u015f, faturalarla da bu savlar\u0131n\u0131 kan\u0131tlamaya \u00e7al\u0131\u015fm\u0131\u015flard\u0131. Bu iddialar\u0131 inand\u0131r\u0131c\u0131 bulmayan Alman yetkililer 20 Ocak 2009\u2019da T\u00fcrkiye\u2019den bu \u015firketlere bask\u0131n d\u00fczenlenerek elde edilen belgelerin kendileriyle payla\u015f\u0131lmas\u0131n\u0131 talep etti. Ancak aradan 3 ay 10 g\u00fcn ge\u00e7mesine ra\u011fmen, T\u00fcrk yetkililer 12 \u015firket hakk\u0131nda bir i\u015flem yapmad\u0131. Biz de Alman savc\u0131n\u0131n ara\u015ft\u0131rmas\u0131n\u0131 istedi\u011fi \u015firketleri ara\u015ft\u0131rd\u0131k. Hem adreslerine gittik, hem de Ticaret Sicil Gazetesi\u2019nde inceleme yapt\u0131k. \u0130\u015fte sonu\u00e7&#8230;<\/p>\n<p style=\"text-align: justify;\"><span style=\"color: #888888;\">Kaynak : Vatan<\/span><\/p>\n","protected":false},"excerpt":{"rendered":"<p style=\"text-align: justify;\">\n<p style=\"text-align: justify;\">Almanya\u2019n\u0131n \u2018bas\u0131n\u2019 dedi\u011fi \u015firketlerin yerinde yeller esiyor!<\/p>\n<p style=\"text-align: justify;\">Deniz Feneri e.V davas\u0131 kapsam\u0131nda Alman savc\u0131, 20 Ocak 2009 tarihinde T\u00fcrkiye\u2019deki 12 \u015firketin T\u00fcrk makamlar\u0131nca bas\u0131lmas\u0131 talebinde bulundu. Bu talebin \u00fczerinden 3 aydan fazla s\u00fcre ge\u00e7ti, ancak T\u00fcrkiye\u2019de herhangi bir i\u015flem yap\u0131lmad\u0131. Bunun \u00fczerine Alman savc\u0131n\u0131n adreslerini verdi\u011fi \u015firketleri ara\u015ft\u0131rd\u0131k, <\/p>\n","protected":false},"author":1,"featured_media":0,"comment_status":"open","ping_status":"closed","sticky":false,"template":"","format":"standard","meta":{"footnotes":""},"categories":[105],"tags":[],"class_list":["post-8779","post","type-post","status-publish","format-standard","hentry","category-gundem","odd"],"_links":{"self":[{"href":"http:\/\/www.korhanyilmaz.com\/index.php?rest_route=\/wp\/v2\/posts\/8779","targetHints":{"allow":["GET"]}}],"collection":[{"href":"http:\/\/www.korhanyilmaz.com\/index.php?rest_route=\/wp\/v2\/posts"}],"about":[{"href":"http:\/\/www.korhanyilmaz.com\/index.php?rest_route=\/wp\/v2\/types\/post"}],"author":[{"embeddable":true,"href":"http:\/\/www.korhanyilmaz.com\/index.php?rest_route=\/wp\/v2\/users\/1"}],"replies":[{"embeddable":true,"href":"http:\/\/www.korhanyilmaz.com\/index.php?rest_route=%2Fwp%2Fv2%2Fcomments&post=8779"}],"version-history":[{"count":0,"href":"http:\/\/www.korhanyilmaz.com\/index.php?rest_route=\/wp\/v2\/posts\/8779\/revisions"}],"wp:attachment":[{"href":"http:\/\/www.korhanyilmaz.com\/index.php?rest_route=%2Fwp%2Fv2%2Fmedia&parent=8779"}],"wp:term":[{"taxonomy":"category","embeddable":true,"href":"http:\/\/www.korhanyilmaz.com\/index.php?rest_route=%2Fwp%2Fv2%2Fcategories&post=8779"},{"taxonomy":"post_tag","embeddable":true,"href":"http:\/\/www.korhanyilmaz.com\/index.php?rest_route=%2Fwp%2Fv2%2Ftags&post=8779"}],"curies":[{"name":"wp","href":"https:\/\/api.w.org\/{rel}","templated":true}]}}