{"id":8772,"date":"2009-05-01T16:15:42","date_gmt":"2009-05-01T13:15:42","guid":{"rendered":"http:\/\/www.korhanyilmaz.com\/?p=8772"},"modified":"2009-05-01T16:15:42","modified_gmt":"2009-05-01T13:15:42","slug":"siyaset-yargiya-bulasirsa-viruse-donusur-hastalanir","status":"publish","type":"post","link":"http:\/\/www.korhanyilmaz.com\/?p=8772","title":{"rendered":"Siyaset yarg\u0131ya bula\u015f\u0131rsa vir\u00fcse d\u00f6n\u00fc\u015f\u00fcr hastalan\u0131r"},"content":{"rendered":"<p style=\"text-align: justify;\"><img loading=\"lazy\" decoding=\"async\" class=\"aligncenter size-full wp-image-8773\" title=\"Siyaset yarg\u0131ya bula\u015f\u0131rsa vir\u00fcse d\u00f6n\u00fc\u015f\u00fcr hastalan\u0131r \" src=\"http:\/\/www.korhanyilmaz.com\/wp-content\/uploads\/2009\/05\/020520090341072226870-jpg.gif\" alt=\"Siyaset yarg\u0131ya bula\u015f\u0131rsa vir\u00fcse d\u00f6n\u00fc\u015f\u00fcr hastalan\u0131r \" width=\"329\" height=\"210\" \/><strong><\/strong><\/p>\n<p style=\"text-align: justify;\"><strong><span style=\"font-family: Arial;\">Sami Sel\u00e7uk yeni kitab\u0131nda da Ergenekon konusundaki muhalif tavr\u0131n\u0131 s\u00fcrd\u00fcr\u00fcyor&#8230;<\/span><\/strong><\/p>\n<p>Yarg\u0131tay Onursal Ba\u015fkan\u0131 Sami Sel\u00e7uk, yeni yazd\u0131\u011f\u0131 kitapta Ergenekon davas\u0131nn\u0131n h\u00fck\u00fcmete kar\u015f\u0131 ba\u015fkald\u0131r\u0131 davas\u0131 oldu\u011funun alt\u0131n\u0131 \u00e7iziyor.<\/p>\n<p style=\"text-align: justify;\">YargItay Birinci Ba\u015fkan\u0131 olan ve 2002 y\u0131l\u0131nda emekliye ayr\u0131lan Sami Sel\u00e7uk, \u201cAd\u0131yla Siyasalla\u015fan Bir Dava: Ergenekon\u201d adl\u0131 bir kitap yazd\u0131. Truva Yay\u0131nlar\u0131\u2019ndan \u00e7\u0131kan kitapta Sel\u00e7uk, Ergenekon davas\u0131nda ya\u015fanan hukuki s\u00fcre\u00e7 ve yap\u0131lan hatalara de\u011findi. Neden b\u00f6yle bir kitap yazd\u0131\u011f\u0131n\u0131 ise \u015fu kelimelerle a\u00e7\u0131klad\u0131:<\/p>\n<p style=\"text-align: justify;\">\u201cKonuyla ilgili \u00f6nce sustum. Olmad\u0131. Sonra soyut de\u011ferlendirmeler yapt\u0131m. Olmad\u0131. Bilim der ki: \u201d Bal \u00e7ok yararl\u0131 bir besindir. Ama s\u0131cak \u00e7aya konulmaz; zehre d\u00f6n\u00fc\u015f\u00fcr. Bilim der ki: Siyaset soylu ve \u00f6zverili bir kamu hizmetidir. Ama bir tutamc\u0131k siyaset yarg\u0131ya kar\u0131\u015ft\u0131r\u0131l\u0131rsa, vir\u00fcse d\u00f6n\u00fc\u015f\u00fcr. Yarg\u0131 hastalan\u0131r, kirli adalet salg\u0131lar. <!--more--><\/p>\n<p style=\"text-align: justify;\">Sel\u00e7uk\u2019un yazd\u0131\u011f\u0131 kitaptan al\u0131nt\u0131lar:<\/p>\n<p style=\"text-align: justify;\"><strong>ERGENEKON D\u0130YE DAVA YOKTUR<\/strong><\/p>\n<p style=\"text-align: justify;\">\u201cEgerenekon diye bir dava yoktur. Sadece \u201d T\u00fcrkiye Cumhuriyeti H\u00fck\u00fcmetin\u2019e kar\u015f\u0131 ba\u015fkald\u0131r\u0131 su\u00e7u ve davas\u0131 vard\u0131r. Davan\u0131n hukuki ad\u0131 bu. Siyasi ad\u0131 ise Ergenekon. Demek davay\u0131 siyasile\u015ftirme, daha i\u015fin ba\u015f\u0131nda, ona \u201cErgenekon\u201d ad\u0131n\u0131 koyanda ba\u015flam\u0131\u015ft\u0131r. Bu adla birlikte kimileri sanki bir B\u00f6rte\u00e7ine pe\u015findedir.<\/p>\n<p style=\"text-align: justify;\"><strong>DAVA BA\u015eTAN K\u0130RLET\u0130LD\u0130<\/strong><\/p>\n<p style=\"text-align: justify;\">\u201cBug\u00fcn T\u00fcrkiye, 115 y\u0131l sonra bir Dreyfus Davas\u0131 olay\u0131n\u0131 ya\u015f\u0131yor. Toplum ikiye b\u00f6l\u00fcnm\u00fc\u015f. Ergenekon diye mitolojik ve politik anlam y\u00fckl\u00fc, toplum bilincini sapt\u0131r\u0131c\u0131 bir dava kar\u015f\u0131s\u0131nday\u0131z. Dava bu adland\u0131rmayla birlikte daha ba\u015ftan kirletildi. Kan\u0131mca bu y\u00fczden daha da duyarl\u0131 olmak zorunday\u0131z. \u00c7\u00fcnk\u00fc b\u00f6yle ortamlarda maddi ger\u00e7eklerin u\u00e7\/d\u00fc\u015fsel\/ger\u00e7ek benzeri\/ yan\u0131lg\u0131lara yenilme olas\u0131l\u0131\u011f\u0131 artar. T\u0131pk\u0131 iyi huylu urun k\u00f6t\u00fc huyla ura d\u00f6n\u00fc\u015fmesi gibi. Olayda hukuksal yanl\u0131\u015fl\u0131klara de\u011finenleri, davay\u0131 suland\u0131rmak isteyen, ordu yanl\u0131lar\u0131; bunlar\u0131 dile getirmeyenleri ordu kar\u015f\u0131t\u0131 diye g\u00f6stermek, karalamak s\u0131\u011fl\u0131kt\u0131r. \u00c7ok kez yazd\u0131m. B\u00f6ylesine s\u0131\u011f bir anlay\u0131\u015f, olsa olsa hukuk bilincinin bulunmad\u011f\u0131 toplumlarda g\u00f6r\u00fcl\u00fcr.\u201d<\/p>\n<p style=\"text-align: justify;\"><strong>\u0130NSANLAR YARGI\u00c7 KES\u0130LD\u0130 <\/strong><\/p>\n<p style=\"text-align: justify;\">\u201cAziz Nesin, \u201dT\u00fcrkiye\u2019de \u00fc\u00e7 ki\u015fiden be\u015f ki\u015fi ozand\u0131r \u201c demi\u015fti. Bug\u00fcnlerde de \u00fc\u00e7 ki\u015fiden be\u015f ki\u015fi yarg\u0131\u00e7 kesildi, T\u00fcrkiye\u2019de. Dava dosyalar\u0131n\u0131 inceleyen, fakat duru\u015fma yapmad\u0131klar\u0131 i\u00e7in y\u00fczle\u015fmeyi ve diyalekti\u011fi ya\u015famayan Yarg\u0131tay yarg\u0131\u00e7lar\u0131 bile bu yetkilere sahip de\u011filken, her \u00f6n\u00fcne gelen aylardan beri soluk al\u0131r gibi h\u00fck\u00fcm kurup duruyor.\u201d<\/p>\n<p style=\"text-align: justify;\"><strong>G\u0130ZL\u0130L\u0130K \u00d6NEML\u0130<\/strong><\/p>\n<p style=\"text-align: justify;\">\u201cSoru\u015fturman\u0131n gizlili\u011fi gerek\u00e7esi \u00e7ok insancad\u0131r, \u00e7ok g\u00fc\u00e7l\u00fcd\u00fcr \u00e7ok tutarl\u0131d\u0131r: Ku\u015fkulunun \u00f6zsayg\u0131s\u0131, \u015ferefi \u00f6rselenmemeli. \u015eu\u00e7 i\u015fledikleri san\u0131lan insanlar incitilmemeli, lekelenmemeli. \u00d6n soru\u015fturma asla bir g\u00fc\u00e7 g\u00f6sterisine d\u00f6n\u00fc\u015ft\u00fcrlmemeli.\u201d<\/p>\n<p style=\"text-align: justify;\"><strong>\u00d6VG\u00dc D\u00dcZMEK YANILGIDIR<\/strong><\/p>\n<p style=\"text-align: justify;\">\u201cKimi yazarlar\u0131n yapt\u0131klar\u0131 gibi, soru\u015fturmalar\u0131, kovu\u015fturmalar\u0131 ki\u015filere ba\u011flamak, \u201d o bile olsa soru\u015fturma yapard\u0131, davay\u0131 a\u00e7ard\u0131 \u201c gibilerinden de\u011ferlendirmelerde bulunmak, s\u0131radan bilgilere, tutumlara, \u201d bak\u0131n ne denli d\u00fcr\u00fcst \u201c derecesinde \u00f6vg\u00fcler d\u00fczmek ba\u011f\u0131\u015flanamaz bir yan\u0131lg\u0131d\u0131r.\u201d<\/p>\n<p style=\"text-align: justify;\"><strong>EL KOYMA, G\u00d6ZALTI SON \u00c7ARE<\/strong><\/p>\n<p style=\"text-align: justify;\">\u201c\u00d6zel ya\u015fam\u0131 ve konut dokunulmazl\u0131\u011f\u0131n\u0131 \u00e7i\u011fneyen arama, m\u00fclkiyet hakk\u0131n\u0131 \u00f6rseleyen el koyma, birey \u00f6zg\u00fcrl\u00fc\u011f\u00fcn\u00fc ortadan kald\u0131ran g\u00f6zalt\u0131, tutuklama gibi i\u015flemler birer \u00f6nlemdir. Kural gere\u011fi \u201distisna\u201cd\u0131r. Zorunlu oldu\u011funda ba\u015fvurmas\u0131 gereken \u201dson \u00e7are\u201cdir; \u201ds\u0131ra d\u0131\u015f\u0131\u201cd\u0131r. \u00d6yleyse \u00f6zenle kullanmak gerekir. Bunlar asla bir cezaya, yapt\u0131r\u0131ma, kurala d\u00f6n\u00fc\u015fmemeli; s\u0131radanla\u015fmamal\u0131d\u0131r. G\u00f6zalt\u0131, tutukluluk s\u00fcresi gereksiz yere uzat\u0131lmamal\u0131d\u0131r.\u201d<\/p>\n<p style=\"text-align: justify;\"><strong>DED\u0130KODU KANIT DE\u011e\u0130LD\u0130R<\/strong><\/p>\n<p style=\"text-align: justify;\">\u201cDedikodu kan\u0131t de\u011fildir. Mahalle kahvesi konusu olabilir, ama iddianamenin dayanaklar\u0131 aras\u0131nda yer alamaz. Yasa, \u201d olaylar ayr\u0131nt\u0131lar\u0131yla anlat\u0131l\u0131r \u201c demiyor; bilin\u00e7li olarak \u201d kan\u0131tlarla ili\u015fkilendirilerek a\u00e7\u0131klan\u0131r \u201c diyor&#8230; Anayasal d\u00fczene kar\u015f\u0131 su\u00e7lar\u0131 bizzar savc\u0131 soru\u015fturmak zorundad\u0131r. Kolluk ifade alamaz.\u201d<\/p>\n<p style=\"text-align: justify;\"><strong>MAKUL S\u00dcREDE YAZILMALI<\/strong><\/p>\n<p style=\"text-align: justify;\">\u201cHerkesin ve \u00f6zellikle tutuklu bulunan ku\u015fkulular\u0131n iddianameleri makul s\u00fcrede yaz\u0131lmal\u0131d\u0131r. Yaz\u0131lmazsa ve hangi eylemlerden dolay\u0131 yarg\u0131land\u0131klar\u0131n\u0131 bilme haklar\u0131na sayg\u0131 duyulmazsa, Avrupa \u0130nsan Haklar\u0131 S\u00f6zle\u015fmesi\u2019nin 6. maddesine g\u00f6re adil yarg\u0131lanma hakk\u0131 \u00e7i\u011fnenmi\u015f olur.\u201d<\/p>\n<p><span style=\"color: #888888;\">Kaynak : Vatan<\/span><\/p>\n","protected":false},"excerpt":{"rendered":"<p style=\"text-align: justify;\">\n<p style=\"text-align: justify;\">Sami Sel\u00e7uk yeni kitab\u0131nda da Ergenekon konusundaki muhalif tavr\u0131n\u0131 s\u00fcrd\u00fcr\u00fcyor&#8230;<\/p>\n<p>Yarg\u0131tay Onursal Ba\u015fkan\u0131 Sami Sel\u00e7uk, yeni yazd\u0131\u011f\u0131 kitapta Ergenekon davas\u0131nn\u0131n h\u00fck\u00fcmete kar\u015f\u0131 ba\u015fkald\u0131r\u0131 davas\u0131 oldu\u011funun alt\u0131n\u0131 \u00e7iziyor.<\/p>\n<p style=\"text-align: justify;\">YargItay Birinci Ba\u015fkan\u0131 olan ve 2002 y\u0131l\u0131nda emekliye ayr\u0131lan Sami Sel\u00e7uk, \u201cAd\u0131yla Siyasalla\u015fan Bir Dava: Ergenekon\u201d adl\u0131 bir kitap yazd\u0131. Truva <\/p>\n","protected":false},"author":1,"featured_media":0,"comment_status":"open","ping_status":"closed","sticky":false,"template":"","format":"standard","meta":{"footnotes":""},"categories":[105],"tags":[],"class_list":["post-8772","post","type-post","status-publish","format-standard","hentry","category-gundem","odd"],"_links":{"self":[{"href":"http:\/\/www.korhanyilmaz.com\/index.php?rest_route=\/wp\/v2\/posts\/8772","targetHints":{"allow":["GET"]}}],"collection":[{"href":"http:\/\/www.korhanyilmaz.com\/index.php?rest_route=\/wp\/v2\/posts"}],"about":[{"href":"http:\/\/www.korhanyilmaz.com\/index.php?rest_route=\/wp\/v2\/types\/post"}],"author":[{"embeddable":true,"href":"http:\/\/www.korhanyilmaz.com\/index.php?rest_route=\/wp\/v2\/users\/1"}],"replies":[{"embeddable":true,"href":"http:\/\/www.korhanyilmaz.com\/index.php?rest_route=%2Fwp%2Fv2%2Fcomments&post=8772"}],"version-history":[{"count":0,"href":"http:\/\/www.korhanyilmaz.com\/index.php?rest_route=\/wp\/v2\/posts\/8772\/revisions"}],"wp:attachment":[{"href":"http:\/\/www.korhanyilmaz.com\/index.php?rest_route=%2Fwp%2Fv2%2Fmedia&parent=8772"}],"wp:term":[{"taxonomy":"category","embeddable":true,"href":"http:\/\/www.korhanyilmaz.com\/index.php?rest_route=%2Fwp%2Fv2%2Fcategories&post=8772"},{"taxonomy":"post_tag","embeddable":true,"href":"http:\/\/www.korhanyilmaz.com\/index.php?rest_route=%2Fwp%2Fv2%2Ftags&post=8772"}],"curies":[{"name":"wp","href":"https:\/\/api.w.org\/{rel}","templated":true}]}}