{"id":8768,"date":"2009-05-02T08:02:28","date_gmt":"2009-05-02T06:02:28","guid":{"rendered":"http:\/\/www.korhanyilmaz.com\/?p=8768"},"modified":"2009-05-02T08:02:28","modified_gmt":"2009-05-02T06:02:28","slug":"kabine-revizyonunda-ekonomi-depremi","status":"publish","type":"post","link":"http:\/\/www.korhanyilmaz.com\/?p=8768","title":{"rendered":"Kabine revizyonunda &#039;ekonomi&#039; depremi"},"content":{"rendered":"<p style=\"text-align: center;\"><img loading=\"lazy\" decoding=\"async\" class=\"aligncenter size-full wp-image-8769\" title=\"Kabine revizyonunda 'ekonomi' depremi\" src=\"http:\/\/www.korhanyilmaz.com\/wp-content\/uploads\/2009\/05\/67811_manset.jpg\" alt=\"Kabine revizyonunda 'ekonomi' depremi\" width=\"329\" height=\"189\" \/><\/p>\n<div id=\"ctl00_ortayer_haberOzet\" class=\"haberOzet\" style=\"text-align: justify;\"><strong>Yeni kabinede en b\u00fcy\u00fck de\u011fi\u015fiklik ekonomi bakanlar\u0131nda ya\u015fand\u0131. Ekonomide 2 bakan yerini korurken, iki isim yer de\u011fi\u015ftirdi.<\/strong><\/div>\n<div id=\"ctl00_ortayer_haberMetni\" class=\"haberMetni\" style=\"text-align: justify;\">\n<p>Yeni kabinenin ekonomi b\u00f6l\u00fcm\u00fcnde deprem ya\u015fand\u0131. Ekonominin icras\u0131ndan sorumlu 9 bakan\u0131n sadece 2\u2019si yerini korurken, iki isim yer de\u011fi\u015ftirdi. Kabineye ekonomi bakanlar\u0131ndan 4 yeni isim girdi. Daha \u00f6nce D\u0131\u015fi\u015fleri Bakan\u0131 olan Ali Babacan da \u00e7ok yetkili pozisyonla ekonominin ba\u015f\u0131na getirildi.<\/p>\n<p>Ba\u015fbakan Erdo\u011fan\u2019\u0131n a\u00e7\u0131klad\u0131\u011f\u0131 yeni kabine de\u011fi\u015fikli\u011fine g\u00f6re Tar\u0131m Bakan\u0131 Mehdi Eker ile Ula\u015ft\u0131rma Bakan\u0131 Binali Y\u0131ld\u0131r\u0131m yerini korudu. Hazine\u2019den sorumlu Devlet Bakan\u0131 olan Mehmet \u015eim\u015fek Maliye Bakanl\u0131\u011f\u0131\u2019na, Sanayi Bakan\u0131 Zafer \u00c7a\u011flayan da d\u0131\u015f ticaretten sorumlu Devlet Bakanl\u0131\u011f\u0131\u2019na atand\u0131.<!--more--><\/p>\n<p><strong>Y\u0130NE KR\u0130ZDE D\u0130REKS\u0130YONDA <\/strong><\/p>\n<p>Yap\u0131lan kabine de\u011fi\u015fikli\u011fi ile Babacan yeniden ekonomi koltu\u011funa oturdu. 2001 krizi sonras\u0131 yap\u0131lan 2002 se\u00e7imleri ile Meclis\u2019e giren ve 35 ya\u015f\u0131nda Ekonomiden Sorumlu Devlet Bakan\u0131 olan Babacan, y\u00fcksek b\u00fcy\u00fcme oranlar\u0131n\u0131n sa\u011flanmas\u0131nda ve IMF ile ili\u015fkilerinin y\u00fcr\u00fct\u00fclmesinde ba\u015far\u0131l\u0131 olmu\u015ftu. Son de\u011fi\u015fiklikle yeniden ekonomi y\u00f6netimi teslim edilen Babacan, bu alanda bir\u00e7ok yetkiyi elinde bulunduracak.<\/p>\n<p>Bu d\u00f6nemde Ba\u015fbakan Yard\u0131mc\u0131l\u0131\u011f\u0131\u2019n\u0131n yan\u0131 s\u0131ra ekonominin koordinasyonundan da sorumlu olacak Babacan\u2019a, Hazine, kamu bankalar\u0131, SPK, TMSF, BDDK gibi kurulu\u015flar ba\u011fland\u0131. Babacan\u2019\u0131n 2001 krizinden sonra, bug\u00fcnlerde ya\u015fanan k\u00fcresel krizde de ekonomiden sorumlu bakanl\u0131\u011fa getirilmesi dikkat \u00e7ekici bulundu. Ekonomideki t\u00fcm yetkilerin tek elde toplanmas\u0131n\u0131n da IMF ile yap\u0131lacak yeni anla\u015fmada Babacan\u2019\u0131n elini g\u00fc\u00e7lendirmesi bekleniyor.<\/p>\n<p><strong>4 G\u0130TT\u0130 4 GELD\u0130 <\/strong><\/p>\n<p>Ekonominin icrac\u0131 bakanlar\u0131ndan Naz\u0131m Ekren, K\u00fcr\u015fad T\u00fczmen, Kemal Unak\u0131tan ve Hilmi G\u00fcler kabine d\u0131\u015f\u0131 kald\u0131. Bunun yerine ekonominin icrac\u0131 bakanlar\u0131na 4 yeni isim kat\u0131ld\u0131. \u00d6mer Din\u00e7er \u00c7al\u0131\u015fma Bakan\u0131, Nihat Erg\u00fcn Sanayi Bakan\u0131, Taner Y\u0131ld\u0131z Enerji Bakan\u0131, Mustafa Demir ise Bay\u0131nd\u0131rl\u0131k ve \u0130skan Bakan\u0131 oldu.<\/p>\n<p><strong>BA\u015eBAKAN YEN\u0130 HEYECAN GET\u0130RMEK \u0130STED\u0130<\/strong><\/p>\n<p>Ekonominin icrac\u0131 bakanlar\u0131n\u0131n de\u011fi\u015fmesi, i\u015f d\u00fcnyas\u0131nda farkl\u0131 tepkilere yol a\u00e7t\u0131. \u0130\u015f d\u00fcnyas\u0131n\u0131n baz\u0131 temsilcileri, de\u011fi\u015fikli\u011fi yerinde bulurken, baz\u0131lar\u0131 da mesafeli yakla\u015ft\u0131. \u0130\u015fte tepkiler:<\/p>\n<p>* Rifat Hisarc\u0131kl\u0131o\u011flu (TOBB Ba\u015fkan\u0131): Hepsi \u00fclkeye hizmet etmek i\u00e7in se\u00e7iliyorlar. Say\u0131n ba\u015fbakan\u0131n takdiri do\u011frultusunda in\u015fallah yeni bakanlar\u0131m\u0131z da \u00fclkemize hizmet edecekler.<\/p>\n<p>* Abd\u00fclkadir Konuko\u011flu (Sanko Holding Ba\u015fkan\u0131): Yeni kabine s\u00fcrprizler ya\u015fand\u0131\u011f\u0131n\u0131 g\u00f6rd\u00fck. San\u0131yorum ki Ba\u015fbakan Erdo\u011fan, yeni bir heyecan ve canlanma getirmeyi d\u00fc\u015f\u00fcnd\u00fc. Ali Babacan ge\u00e7mi\u015fte ba\u015far\u0131l\u0131 i\u015fler yapt\u0131, yeniden ekonominin koordinasyonuna gelmesi yerinde bir karar.<\/p>\n<p>* Murat Yal\u00e7\u0131nta\u015f (\u0130TO Ba\u015fkan\u0131): B\u00f6yle krizli bir ortamda ekonominin tek elde toplanmas\u0131 \u00e7ok \u00f6nemli bir ad\u0131m. Ali Babacan ge\u00e7mi\u015fte ekonomide \u00f6nemli ba\u015far\u0131lara imza atm\u0131\u015f, yak\u0131ndan tan\u0131d\u0131\u011f\u0131m\u0131z bir isimdi. Bu karar\u0131 \u00e7ok do\u011fru buluyoruz. Olaya isimler baz\u0131nda de\u011fil, ba\u015far\u0131 baz\u0131nda bakmak laz\u0131m.<\/p>\n<p><strong>BE\u011eENMED\u0130M <\/strong><\/p>\n<p>* Nurettin \u00d6zdebir (ASO Ba\u015fkan\u0131): Mehmet \u015eim\u015fek\u2019in Maliye Bakan\u0131 yap\u0131lmas\u0131 ilgin\u00e7. Ekonominin tek elde toplanmas\u0131 \u00e7ok iyi oldu. Art\u0131k derdimizi anlatacak tek muhatap olacak.<\/p>\n<p>*Cengiz Kaptano\u011flu (Deniz Ticaret Odas\u0131 Meclis Ba\u015fkan\u0131): Yeni Kabine\u2019yi be\u011fenmedim. Kemal Unak\u0131tan\u2019a her t\u00fcrl\u00fc derdimizi anlat\u0131rd\u0131k. \u015eimdi kime anlataca\u011f\u0131z. Ali Babacan\u2019\u0131n ba\u015far\u0131lar\u0131na s\u00f6z\u00fcm yok ancak i\u015f d\u00fcnyas\u0131n\u0131n kabine ile diyalogu kesilmi\u015ftir.<\/p>\n<p>* Mehmet B\u00fcy\u00fckek\u015fi (T\u0130M Ba\u015fkan\u0131): De\u011ferlendirme yapmak i\u00e7in erken. Ancak K\u00fcr\u015fad T\u00fczmen\u2019in yeni kabinede g\u00f6rev al\u0131nmas\u0131 gibi s\u00fcrpriz oldu.<\/p>\n<p>* Tan\u0131l K\u00fc\u00e7\u00fck (\u0130SO Ba\u015fkan\u0131): \u0130n\u015fallah yeniler eskileri aratmas\u0131n hay\u0131rl\u0131 olsun.<\/p>\n<p><strong>\u0130\u015eTE YEN\u0130 BAKANLAR<\/strong><\/p>\n<p><strong>Devlet Bakan\u0131 ve Ba\u015fbakan Yard\u0131mc\u0131s\u0131 Ali Babacan:<\/strong> 1967\u2019de do\u011fdu. 1989\u2019da ODT\u00dc End\u00fcstri M\u00fchendisli\u011fi B\u00f6l\u00fcm\u00fc\u2019nden birincilikle bitirdi. Kas\u0131m 2002 se\u00e7imleriyle TBMM\u2019ye girdi. 58 ve 59\u2019uncu h\u00fck\u00fcmetlerde ekonomiden sorumlu Devlet Bakanl\u0131\u011f\u0131 yapt\u0131. 60\u2019\u0131nc\u0131 H\u00fck\u00fcmette ise AB ile ili\u015fkilerde Ba\u015fm\u00fczakereci ve D\u0131\u015fi\u015fleri Bakan\u0131 olarak g\u00f6rev \u00fcstlendi. Daha sonra Ba\u015fm\u00fczakerecili\u011fi devretti.<\/p>\n<p><strong>* Enerji Bakan\u0131 Taner Y\u0131ld\u0131z:<\/strong> 1962\u2019de Yozgat\u2019ta do\u011fdu. \u0130T\u00dc Elektrik-Elektronik Fak\u00fcltesi Elektrik M\u00fchendisli\u011fi B\u00f6l\u00fcm\u00fc\u2019n\u00fc bitirdi. Kayseri Elektrik \u00dcretim\u2019de Y\u00f6netim Kurulu \u00dcyeli\u011fi, Kayseri ve Civar\u0131 Elektrik\u2019te Genel M\u00fcd\u00fcrl\u00fck yapt\u0131. 22\u2019nci d\u00f6nem ilgili se\u00e7imlerle Kayseri Milletvekili olarak TBMM\u2019ye girdi<\/p>\n<p><strong>* \u00c7al\u0131\u015fma ve Sosyal G\u00fcvenlik Bakan\u0131 \u00d6mer Din\u00e7er: <\/strong>10 Eyl\u00fcl 1956\u2019da Karaman\u2019da do\u011fdu. Erzurum Atat\u00fcrk \u00dcniversitesi \u0130\u015fletme Fak\u00fcltesi\u2019ni bitirdi. M.\u00dc. \u0130ktisadi ve \u0130dari Bilimler Fak\u00fcltesi Y\u00f6netim ve Organizasyon Anabilim Dal\u0131nda 1994\u2019te profes\u00f6r oldu. Meclise girmeden \u00f6nce Ba\u015fbakanl\u0131k M\u00fcste\u015farl\u0131\u011f\u0131 g\u00f6revini y\u00fcr\u00fctt\u00fc.<\/p>\n<p><strong>* Bay\u0131nd\u0131rl\u0131k ve \u0130skan Bakan\u0131 Mustafa Demir: <\/strong>1961\u2019de Trabzon\u2019da do\u011fdu. KT\u00dc Mimarl\u0131k Fak\u00fcltesi\u2019ni bitirdi. Samsun\u2019da mimarlik, in\u015faat m\u00fcteahhitli\u011fi ve ticaret i\u015fiyle u\u011fra\u015ft\u0131. 22\u2019inci d\u00f6nemden bu yana T\u00fcrkiye B\u00fcy\u00fck Millet Meclisi Bay\u0131nd\u0131rl\u0131k, \u0130mar, Ula\u015ft\u0131rma ve Turizm Komisyonu Ba\u015fkan\u0131 olarak g\u00f6revini y\u00fcr\u00fct\u00fcyordu.<\/p>\n<p><strong>* Sanayi ve Ticaret Bakan\u0131 Nihat Erg\u00fcn: <\/strong>1962\u2019de \u0130zmit\u2019te do\u011fdu. Marmara \u00dcniversitesi \u0130ktisadi ve \u0130dari Bilimler Fak\u00fcltesi\u2019ni bitirdi. Derince Belediye Ba\u015fkanl\u0131\u011f\u0131 yapt\u0131. 22\u2019nci d\u00f6nemle ilgili se\u00e7imlerde Kocaeli Milletvekili olarak Meclise girdi.<\/p>\n<p><strong>* Ula\u015ft\u0131rma Bakan\u0131 Binali Y\u0131ld\u0131r\u0131m: <\/strong>1955\u2019te Erzincan\u2019da do\u011fdu. \u0130stanbul Teknik \u00dcniversitesi Gemi \u0130n\u015fa ve Deniz Bilimleri Fak\u00fcltesi\u2019nden mezun oldu. 1994-2000 y\u0131llar\u0131 aras\u0131nda \u0130DO Genel M\u00fcd\u00fcrl\u00fc\u011f\u00fc yapt\u0131. 2002 y\u0131l\u0131ndan buyana TBMM\u2019de. 58\u2019inci H\u00fck\u00fcmetten buyana da Ula\u015ft\u0131rma Bakan\u0131 olarak g\u00f6rev yap\u0131yor.<\/p>\n<p><strong>* Maliye Bakan\u0131 Mehmet \u015eim\u015fek: <\/strong>1967\u2019de Batman\u2019da do\u011fdu. Ankara \u00dcniversitesi Siyasal Bilgiler Fak\u00fcltesi\u2019ni bitirdi. Meclis\u2019e girmeden \u00f6nce uluslararas\u0131 finans kurulu\u015fu Merrill Lynch\u2019te ekonomist ve stratejist olarak \u00fcst d\u00fczey y\u00f6neticilik yapt\u0131. 60\u2019nc\u0131 h\u00fck\u00fcmette Devlet Bakanl\u0131\u011f\u0131 g\u00f6revine getirildi ve IMF ile ili\u015fkileri y\u00fcr\u00fctt\u00fc.<\/p>\n<p><strong>* Tar\u0131m ve K\u00f6yi\u015fleri Bakan\u0131 Mehdi Eker: <\/strong>1956\u2019da Diyarbak\u0131r\u2019da do\u011fdu. Ankara \u00dcniversitesi Veteriner Fak\u00fcltesi\u2019ni bitirdi. Tar\u0131m Bakanl\u0131\u011f\u0131\u2019nda uzun s\u00fcre b\u00fcrokrat olarak da \u00e7al\u0131\u015fan Eker, Kas\u0131m 2002 se\u00e7imlerinde Diyarbak\u0131r\u2019dan milletvekili se\u00e7ildi. Haziran 2005\u2019te Tar\u0131m Bakan\u0131 olan Eker, bu g\u00f6revini halen s\u00fcrd\u00fcr\u00fcyor.<\/p>\n<p style=\"text-align: justify;\"><strong>* Devlet Bakan\u0131 Zafer \u00c7a\u011flayan: <\/strong>1957\u2019de Mu\u015f\u2019ta do\u011fdu. Gazi \u00dcniversitesi M\u00fchendislik Fak\u00fcltesi\u2019ni bitirdi. Ankara Sanayi Odas\u0131 ba\u015fkanl\u0131\u011f\u0131 yapt\u0131 ve TOBB\u2019da g\u00f6rev ald\u0131. Son genel se\u00e7imlerde TBMM\u2019ye girdi ve Sanayi ve Ticaret Bakan\u0131 olarak g\u00f6revlendirildi. Yeni kabine de d\u0131\u015f ticaretten sorumlu olmas\u0131 bekleniyor.<\/p>\n<p style=\"text-align: justify;\"><span style=\"color: #888888;\">Kaynak : Bug\u00fcn<\/span><\/p>\n<\/div>\n","protected":false},"excerpt":{"rendered":"<p style=\"text-align: center;\">\n<p> Yeni kabinede en b\u00fcy\u00fck de\u011fi\u015fiklik ekonomi bakanlar\u0131nda ya\u015fand\u0131. Ekonomide 2 bakan yerini korurken, iki isim yer de\u011fi\u015ftirdi. <\/p>\n<p>Yeni kabinenin ekonomi b\u00f6l\u00fcm\u00fcnde deprem ya\u015fand\u0131. Ekonominin icras\u0131ndan sorumlu 9 bakan\u0131n sadece 2\u2019si yerini korurken, iki isim yer de\u011fi\u015ftirdi. Kabineye ekonomi bakanlar\u0131ndan 4 yeni isim girdi. Daha \u00f6nce D\u0131\u015fi\u015fleri Bakan\u0131 olan Ali Babacan da \u00e7ok <\/p>\n","protected":false},"author":1,"featured_media":0,"comment_status":"open","ping_status":"closed","sticky":false,"template":"","format":"standard","meta":{"footnotes":""},"categories":[105],"tags":[],"class_list":["post-8768","post","type-post","status-publish","format-standard","hentry","category-gundem","odd"],"_links":{"self":[{"href":"http:\/\/www.korhanyilmaz.com\/index.php?rest_route=\/wp\/v2\/posts\/8768","targetHints":{"allow":["GET"]}}],"collection":[{"href":"http:\/\/www.korhanyilmaz.com\/index.php?rest_route=\/wp\/v2\/posts"}],"about":[{"href":"http:\/\/www.korhanyilmaz.com\/index.php?rest_route=\/wp\/v2\/types\/post"}],"author":[{"embeddable":true,"href":"http:\/\/www.korhanyilmaz.com\/index.php?rest_route=\/wp\/v2\/users\/1"}],"replies":[{"embeddable":true,"href":"http:\/\/www.korhanyilmaz.com\/index.php?rest_route=%2Fwp%2Fv2%2Fcomments&post=8768"}],"version-history":[{"count":0,"href":"http:\/\/www.korhanyilmaz.com\/index.php?rest_route=\/wp\/v2\/posts\/8768\/revisions"}],"wp:attachment":[{"href":"http:\/\/www.korhanyilmaz.com\/index.php?rest_route=%2Fwp%2Fv2%2Fmedia&parent=8768"}],"wp:term":[{"taxonomy":"category","embeddable":true,"href":"http:\/\/www.korhanyilmaz.com\/index.php?rest_route=%2Fwp%2Fv2%2Fcategories&post=8768"},{"taxonomy":"post_tag","embeddable":true,"href":"http:\/\/www.korhanyilmaz.com\/index.php?rest_route=%2Fwp%2Fv2%2Ftags&post=8768"}],"curies":[{"name":"wp","href":"https:\/\/api.w.org\/{rel}","templated":true}]}}