{"id":8762,"date":"2009-05-01T18:10:16","date_gmt":"2009-05-01T15:10:16","guid":{"rendered":"http:\/\/www.korhanyilmaz.com\/?p=8762"},"modified":"2009-05-01T18:10:16","modified_gmt":"2009-05-01T15:10:16","slug":"iste-yeni-kabine","status":"publish","type":"post","link":"http:\/\/www.korhanyilmaz.com\/?p=8762","title":{"rendered":"\u0130\u015fte yeni kabine"},"content":{"rendered":"<p style=\"text-align: justify;\"><img loading=\"lazy\" decoding=\"async\" class=\"aligncenter size-full wp-image-8763\" title=\"\u0130\u015fte yeni kabine \" src=\"http:\/\/www.korhanyilmaz.com\/wp-content\/uploads\/2009\/05\/dfac0a46328b5243966f4cfdx.jpg\" alt=\"\u0130\u015fte yeni kabine \" width=\"380\" height=\"200\" \/><\/p>\n<p style=\"text-align: justify;\"><span class=\"ver11\">Ba\u015fbakan Recep Tayyip Erdo\u011fan, kabine de\u011fi\u015fikli\u011fi ile ilgili listeyi sunmak \u00fczere Cumhurba\u015fkan\u0131 Abdullah G\u00fcl&#8217;le bir araya geldi.<\/span><\/p>\n<p style=\"text-align: justify;\">Ba\u015fbakan Erdo\u011fan, saat 17.50&#8217;de D\u0131\u015fi\u015fleri Konutu&#8217;na giri\u015f yapt\u0131. G\u00f6r\u00fc\u015fme 18:10 itibariyle sona erdi.<\/p>\n<p style=\"text-align: justify;\">Erdo\u011fan&#8217;\u0131n Ba\u015fbakanl\u0131k Merkez Bina&#8217;da bas\u0131n toplant\u0131s\u0131 yapt\u0131.<\/p>\n<p style=\"text-align: justify;\">Ba\u015fbakan Recep Tayyip Erdo\u011fan, Ba\u015fbakanl\u0131k Merkez Bina&#8217;da yapt\u0131\u011f\u0131 bas\u0131n toplant\u0131s\u0131nda kabine revizyonundan \u00f6nce 1 May\u0131s&#8217;la ilgili de\u011ferlendirmelerde bulundu.<!--more--><\/p>\n<p style=\"text-align: justify;\">1 May\u0131s&#8217;\u0131n yakla\u015f\u0131k 30 y\u0131ld\u0131r tatil olmad\u0131\u011f\u0131n\u0131, h\u00fck\u00fcmet olarak 1 May\u0131s&#8217;\u0131 Emek ve Dayan\u0131\u015fma G\u00fcn\u00fc ad\u0131yla tatil ettiklerini kaydeden Ba\u015fbakan Erdo\u011fan, <strong>&#8220;A\u011f\u0131rl\u0131kl\u0131 olarak \u0130stanbul ve Ankara&#8217;da kutlamalar yap\u0131ld\u0131. Kutlamalar \u00f6ncesi temennimiz hep \u015fu oldu; bunun bir \u015f\u00f6len \u015feklinde T\u00fcrkiye&#8217;nin de\u011fi\u015fik yerlerinde kutlanmas\u0131n\u0131 temenni ettik. Temsili olarak yap\u0131lmas\u0131 gereken Taksim An\u0131t\u0131&#8217;na ve Kazanc\u0131 Yoku\u015fu&#8217;ndaki \u00e7elenk koyma olay\u0131na olumlu yakla\u015ft\u0131k. Taksim alan\u0131n\u0131n bir miting alan\u0131 olmad\u0131\u011f\u0131n\u0131, belirlenen yerlerde de mitingin topluca birlik ve beraberlik i\u00e7inde kutlanmas\u0131n\u0131 istedi\u011fimizi s\u00f6yledik.&#8221; <\/strong>dedi.<\/p>\n<p style=\"text-align: justify;\">Ya\u015fanan olaylara ra\u011fmen 1 May\u0131s&#8217;\u0131n ge\u00e7en y\u0131lla mukayese edilmeyecek bir anlay\u0131\u015fla ge\u00e7ti\u011fini, bunun da kendileri i\u00e7in ayr\u0131 bir memnuniyet vesilesi oldu\u011funu s\u00f6yleyen Ba\u015fbakan Erdo\u011fan, yeniden t\u00fcm emek\u00e7ilerin 1 May\u0131s&#8217;\u0131n\u0131 kutlad\u0131.<\/p>\n<p style=\"text-align: justify;\"><strong>KAB\u0130NE DE\u011e\u0130\u015e\u0130KL\u0130\u011e\u0130<\/strong><\/p>\n<p style=\"text-align: justify;\">Kabine de\u011fi\u015fikli\u011fiyle ilgili olarak d\u00fcn ak\u015fam da Cumhurba\u015fkan\u0131 Abdullah G\u00fcl ile g\u00f6r\u00fc\u015ft\u00fcklerini hat\u0131rlatan Erdo\u011fan, bug\u00fcn sundu\u011fu listenin Cumhurba\u015fkan\u0131 Abdullah G\u00fcl taraf\u0131ndan onayland\u0131\u011f\u0131n\u0131 belirtti.<\/p>\n<p style=\"text-align: justify;\"><strong>&#8221;\u015eunu a\u00e7\u0131k ve net olarak s\u00f6ylemek durumunday\u0131m kabinede olmayan arkada\u015flar\u0131m\u0131n <\/strong>&#8216;hata, yanl\u0131\u015f&#8217;<strong> gibi yorumlarla de\u011ferlendirilmesini genel ba\u015fkanlar\u0131 ve ba\u015fbakanlar\u0131 olarak tan\u0131mlayamam ve kimsenin de b\u00f6yle tan\u0131mlamas\u0131n\u0131 istemem&#8221; <\/strong>diyen Erdo\u011fan, eski bakanlarla beraber yola \u00e7\u0131kt\u0131klar\u0131n\u0131 ve hepsinin T\u00fcrkiye i\u00e7in \u00fclke i\u00e7inde ve d\u0131\u015f\u0131nda ellerinden gelen t\u00fcm gayreti g\u00f6sterdiklerini s\u00f6yledi.<\/p>\n<p style=\"text-align: justify;\">Bundan sonra da kendilerine ne g\u00f6rev verilirse verilsin ayn\u0131 heyecanla \u00e7al\u0131\u015facaklar\u0131ndan \u015f\u00fcphe duymad\u0131\u011f\u0131n\u0131 vurgulayan Ba\u015fbakan Erdo\u011fan, <strong>&#8221;Fakat tabii i\u015f hayat\u0131nda da oldu\u011fu gibi zaman zaman bu t\u00fcr \u015feylerde de\u011fi\u015fimin yeni bir heyecan getirmesi, psikolojik bir hava da olsa \u00f6nem arz ediyor. Bu bak\u0131mdan b\u00f6yle bir de\u011fi\u015fimin gereklili\u011fine inand\u0131\u011f\u0131m\u0131z i\u00e7in de 22 Temmuz se\u00e7imlerinden sonra k\u0131smi bir de\u011fi\u015fiklik yapm\u0131\u015ft\u0131k. Bunu biraz daha artt\u0131rarak bir de\u011fi\u015feme de\u011fi\u015fime gidiyoruz yeni gelen arkada\u015flar var bir de kabine d\u0131\u015f\u0131nda yer de\u011fi\u015fikli\u011fi yapt\u0131klar\u0131m\u0131z var&#8221;<\/strong> diye konu\u015ftu.<\/p>\n<p style=\"text-align: justify;\"><strong>BAKANLIK G\u00d6REV\u0130NE DEVAM EDENLER:<br \/>\n<\/strong>Devlet Bakan\u0131 ve Ba\u015fbakan Yard\u0131mc\u0131s\u0131 <strong>Cemil \u00c7i\u00e7ek<br \/>\n<\/strong>Devlet Bakan\u0131 <strong>Mehmet Ayd\u0131n<br \/>\n<\/strong>Devlet Bakan\u0131 <strong>Egemen Ba\u011f\u0131\u015f<br \/>\n<\/strong>Milli Savunma Bakan\u0131 <strong>Vecdi G\u00f6n\u00fcl<br \/>\n<\/strong>\u0130\u00e7i\u015fleri Bakan\u0131 <strong>Be\u015fir Atalay<br \/>\n<\/strong>Sa\u011fl\u0131k Bakan\u0131 <strong>Recep Akda\u011f<br \/>\n<\/strong>Ula\u015ft\u0131rma Bakan\u0131 <strong>Binali Y\u0131ld\u0131r\u0131m<br \/>\n<\/strong>Tar\u0131m ve K\u00f6yi\u015fleri Bakan\u0131 <strong>Mehdi Eker<br \/>\n<\/strong>K\u00fclt\u00fcr ve Turizm Bakan\u0131 <strong>Ertu\u011frul G\u00fcnay<br \/>\n<\/strong>\u00c7evre ve Orman Bakan\u0131 <strong>Veysel Ero\u011flu<br \/>\n<\/strong><br \/>\n<strong>G\u00d6REV\u0130 DE\u011e\u0130\u015eEN BAKANLAR:<\/strong><br \/>\nD\u0131\u015fi\u015fleri Bakan\u0131 <strong>Ali Babacan<\/strong>, Ekonomi Koordinasyonundan Sorumlu Devlet Bakan\u0131<br \/>\nDevlet Bakan\u0131 ve Ba\u015fbakan Yard\u0131mc\u0131s\u0131 <strong>Hayati Yaz\u0131c\u0131<\/strong>, Devlet Bakan\u0131<br \/>\nBay\u0131nd\u0131rl\u0131k ve \u0130sk\u00e2n Bakan\u0131 <strong>Faruk Nafiz \u00d6zak<\/strong>, Devlet Bakan\u0131<br \/>\nSanayi ve Ticaret Bakan\u0131 <strong>Mehmet Zafer \u00c7a\u011flayan<\/strong>, Devlet Bakan\u0131<br \/>\n\u00c7al\u0131\u015fma ve Sosyal G\u00fcvenlik Bakan\u0131 <strong>Faruk \u00c7elik<\/strong>, Devlet Bakan\u0131<\/p>\n<p style=\"text-align: justify;\"><strong>YEN\u0130 BAKANLAR:<\/strong><br \/>\nDevlet Bakan\u0131 ve Ba\u015fbakan Yard\u0131mc\u0131s\u0131 <strong>B\u00fclent Ar\u0131n\u00e7<br \/>\n<\/strong>Bing\u00f6l Milletvekili <strong>Cevdet Y\u0131lmaz<\/strong>, Devlet Bakan\u0131<br \/>\nDenizli Milletvekili <strong>Selma Aliye Kavaf,<\/strong> Devlet Bakan\u0131<br \/>\nHatay Milletvekili<strong> Sadullah Erg\u00fcn<\/strong>, Adalet Bakan\u0131<br \/>\nD\u0131\u015fi\u015fleri Dan\u0131\u015fma <strong>Prof. Dr. Ahmet Davuto\u011flu<\/strong>, D\u0131\u015fi\u015fleri Bakan\u0131<br \/>\nEkonomiden Sorumlu Devlet Bakan\u0131 <strong>Mehmet \u015eim\u015fek<\/strong>, Maliye Bakan\u0131<br \/>\nKad\u0131ndan Sorumlu Devlet Bakan\u0131 <strong>Nimet \u00c7ubuk\u00e7u<\/strong>, Milli E\u011fitim Bakan\u0131<br \/>\nSamsun Miletvekili <strong>Mustafa Demir<\/strong>, Bay\u0131nd\u0131rl\u0131k ve \u0130sk\u00e2n Bakan\u0131<br \/>\n\u0130stanbul Milletvekili <strong>\u00d6mer Din\u00e7er<\/strong>, \u00c7al\u0131\u015fma ve Sosyal G\u00fcvenlik Bakan\u0131<br \/>\nKocaeli Milletvekili <strong>Nihat Erg\u00fcn<\/strong>, Sanayi ve Ticaret Bakan\u0131<br \/>\nKayseri Milletvekili <strong>Taner Y\u0131ld\u0131z<\/strong>, Enerji ve Tabii Kaynaklar Bakan\u0131<strong><\/strong><\/p>\n<p style=\"text-align: justify;\"><strong>KAB\u0130NE DI\u015eINDA KALANLAR:<br \/>\n<\/strong>Devlet Bakan\u0131 ve Ba\u015fbakan Yard\u0131mc\u0131s\u0131 <strong>Naz\u0131m Ekren,<br \/>\n<\/strong>Devlet Bakanlar\u0131 <strong>Murat Ba\u015fesgio\u011flu, K\u00fcr\u015fad T\u00fczmen<\/strong> ve <strong>Said Yaz\u0131c\u0131o\u011flu,<br \/>\n<\/strong>Maliye Bakan\u0131 <strong>Kemal Unak\u0131tan,<br \/>\n<\/strong>Milli E\u011fitim Bakan\u0131 <strong>H\u00fcseyin \u00c7elik,<br \/>\n<\/strong>Adalet Bakan\u0131 <strong>Mehmet Ali \u015eahin<\/strong> ile<br \/>\nEnerji ve Tabii Kaynaklar Bakan\u0131 <strong>Hilmi G\u00fcler<\/strong> kabine d\u0131\u015f\u0131nda kald\u0131.\n<\/p>\n<p style=\"text-align: justify;\"><span style=\"color: #888888;\">Kaynak : Sabah<\/span><\/p>\n","protected":false},"excerpt":{"rendered":"<p style=\"text-align: justify;\">\n<p style=\"text-align: justify;\">Ba\u015fbakan Recep Tayyip Erdo\u011fan, kabine de\u011fi\u015fikli\u011fi ile ilgili listeyi sunmak \u00fczere Cumhurba\u015fkan\u0131 Abdullah G\u00fcl&#8217;le bir araya geldi.<\/p>\n<p style=\"text-align: justify;\">Ba\u015fbakan Erdo\u011fan, saat 17.50&#8217;de D\u0131\u015fi\u015fleri Konutu&#8217;na giri\u015f yapt\u0131. G\u00f6r\u00fc\u015fme 18:10 itibariyle sona erdi.<\/p>\n<p style=\"text-align: justify;\">Erdo\u011fan&#8217;\u0131n Ba\u015fbakanl\u0131k Merkez Bina&#8217;da bas\u0131n toplant\u0131s\u0131 yapt\u0131.<\/p>\n<p style=\"text-align: justify;\">Ba\u015fbakan Recep Tayyip Erdo\u011fan, Ba\u015fbakanl\u0131k Merkez Bina&#8217;da <\/p>\n","protected":false},"author":1,"featured_media":0,"comment_status":"open","ping_status":"closed","sticky":false,"template":"","format":"standard","meta":{"footnotes":""},"categories":[105],"tags":[],"class_list":["post-8762","post","type-post","status-publish","format-standard","hentry","category-gundem","odd"],"_links":{"self":[{"href":"http:\/\/www.korhanyilmaz.com\/index.php?rest_route=\/wp\/v2\/posts\/8762","targetHints":{"allow":["GET"]}}],"collection":[{"href":"http:\/\/www.korhanyilmaz.com\/index.php?rest_route=\/wp\/v2\/posts"}],"about":[{"href":"http:\/\/www.korhanyilmaz.com\/index.php?rest_route=\/wp\/v2\/types\/post"}],"author":[{"embeddable":true,"href":"http:\/\/www.korhanyilmaz.com\/index.php?rest_route=\/wp\/v2\/users\/1"}],"replies":[{"embeddable":true,"href":"http:\/\/www.korhanyilmaz.com\/index.php?rest_route=%2Fwp%2Fv2%2Fcomments&post=8762"}],"version-history":[{"count":0,"href":"http:\/\/www.korhanyilmaz.com\/index.php?rest_route=\/wp\/v2\/posts\/8762\/revisions"}],"wp:attachment":[{"href":"http:\/\/www.korhanyilmaz.com\/index.php?rest_route=%2Fwp%2Fv2%2Fmedia&parent=8762"}],"wp:term":[{"taxonomy":"category","embeddable":true,"href":"http:\/\/www.korhanyilmaz.com\/index.php?rest_route=%2Fwp%2Fv2%2Fcategories&post=8762"},{"taxonomy":"post_tag","embeddable":true,"href":"http:\/\/www.korhanyilmaz.com\/index.php?rest_route=%2Fwp%2Fv2%2Ftags&post=8762"}],"curies":[{"name":"wp","href":"https:\/\/api.w.org\/{rel}","templated":true}]}}