{"id":8757,"date":"2009-05-01T10:30:46","date_gmt":"2009-05-01T07:30:46","guid":{"rendered":"http:\/\/www.korhanyilmaz.com\/?p=8757"},"modified":"2009-05-01T10:30:46","modified_gmt":"2009-05-01T07:30:46","slug":"sendikalar-taksimde","status":"publish","type":"post","link":"http:\/\/www.korhanyilmaz.com\/?p=8757","title":{"rendered":"Sendikalar Taksim&#039;de"},"content":{"rendered":"<p style=\"text-align: center;\"><img loading=\"lazy\" decoding=\"async\" class=\"aligncenter size-full wp-image-8758\" src=\"http:\/\/www.korhanyilmaz.com\/wp-content\/uploads\/2009\/05\/010520091418487906803.jpg\" alt=\"\" width=\"329\" height=\"210\" \/><strong><\/strong><\/p>\n<p style=\"text-align: justify;\"><strong><span style=\"font-family: Arial;\">Yakla\u015f\u0131k 3-4 bin ki\u015filik D\u0130SK ve KESK&#8217;ten olu\u015fan kortej Taksim meydan\u0131na do\u011fru ba\u015flatt\u0131klar\u0131 y\u00fcr\u00fcy\u00fc\u015fe ara verdi. D\u0130SK yetkilileri, ara sokaklardan gelip de kendilerine kat\u0131lmak isteyen daha k\u00fc\u00e7\u00fck say\u0131daki gruplara polis izin verene kadar bekleyecek.<\/span><\/strong><\/p>\n<p><strong>31 YIL SONRA TAKS\u0130M&#8217;DE<\/strong><\/p>\n<p style=\"text-align: justify;\">Polis ile sendikalar aras\u0131nda 31 y\u0131l \u00f6nce 37 i\u015f\u00e7inin hayat\u0131n\u0131 kaybetmesiyle ba\u015flayan Taksim gerilimi bug\u00fcn ufak tefek olaylar\u0131n d\u0131\u015f\u0131nda mutlu sonla bitti. G\u00fcnlerdir sendikalar ile valilik aras\u0131nda ya\u015fanan Taksim restle\u015fmesinde valili\u011fin &#8216;makul say\u0131&#8217; \u015fart\u0131yla anla\u015fmaya var\u0131lm\u0131\u015ft\u0131. Valilik her ne kadar &#8216;makul say\u0131y\u0131&#8217; 3 bin olarak belirlese de yakla\u015f\u0131k 5 bin ki\u015fi Taksim meydan\u0131n\u0131 doldurdu. Alan tarihi g\u00fcnlerinden birini ya\u015fad\u0131.<!--more--><\/p>\n<p style=\"text-align: justify;\">5 bine yak\u0131n emek\u00e7i, KESK ve D\u0130SK\u2019in ana korteji e\u015fli\u011finde Taksim Cumhuriyet An\u0131t\u0131 \u00f6n\u00fcnde 1 May\u0131s Emek ve Dayan\u0131\u015fma Bayram\u0131\u2019n\u0131 kutlad\u0131. Kutlamalara kat\u0131lanlar, yakla\u015f\u0131k bir saat burada kutlamalar\u0131 s\u00fcrd\u00fcrd\u00fckten sonra Taksim\u2019i bo\u015faltt\u0131.<\/p>\n<p style=\"text-align: justify;\">Sendika temsilcilerinin konu\u015fmalar\u0131n\u0131n yan\u0131 s\u0131ra \u201c1977 \u015fehitleri\u201dnin de an\u0131ld\u0131\u011f\u0131 Taksim kutlamalar\u0131na ana kortej ile 5 bine yak\u0131n emek\u00e7i kat\u0131l\u0131rken, daha sonra gelen gruplar\u0131n da kat\u0131l\u0131m\u0131yla bu say\u0131 5 bini de a\u015ft\u0131. \u015eark\u0131lar s\u00f6yleyen ve sloganlar atan emek\u00e7iler \u201c1977 \u015fehitleri\u201d i\u00e7in sayg\u0131 duru\u015funda bulunduktan sonra an\u0131t \u00f6n\u00fcne karanfiller ve \u00e7elenk b\u0131rakt\u0131lar.<\/p>\n<p style=\"text-align: justify;\"><strong>1977&#8217;DE KANLI 1 MAYIS<\/strong><\/p>\n<p style=\"text-align: justify;\">1977 y\u0131l\u0131ndaki g\u00f6sterilerin daha bir g\u00f6rkemli kutlanmas\u0131 i\u00e7in Taksim Meydan\u0131 sabah\u0131n erken saatlerinde itibaren dolmaya ba\u015flad\u0131. \u0130\u015f\u00e7iler, emek\u00e7iler, \u00f6\u011frenciler, kad\u0131nlar, \u00e7ocuklar, yakla\u015f\u0131k 500 bin ki\u015fi topland\u0131. D\u00f6nemin D\u0130SK Genel Ba\u015fkan\u0131 Kemal T\u00fcrkler\u2019in konu\u015fmas\u0131n\u0131n sonlar\u0131na do\u011fru, \u00e7evredeki binalardan halk\u0131n \u00fczerine ate\u015f a\u00e7\u0131ld\u0131. Ya\u015fanan pani\u011fin ard\u0131ndan 37 ki\u015fi ya\u015fam\u0131n\u0131 yitirdi ve 200\u2019den fazla ki\u015fi yaraland\u0131.<br \/>\n<strong><br \/>\n1978&#8217;DE B\u00dcY\u00dcK PROTESTO<\/strong>\n<\/p>\n<p style=\"text-align: justify;\">Bir \u00f6nceki y\u0131l yitirilen 37 insan\u0131n ac\u0131s\u0131n\u0131 i\u00e7inde ya\u015fayan y\u00fczbinler yine Taksim Alan\u0131\u2019ndayd\u0131&#8230;<\/p>\n<p style=\"text-align: justify;\"><strong>1979&#8217;DA BA\u015eLAYAN YASAK<\/strong><\/p>\n<p style=\"text-align: justify;\">S\u0131k\u0131y\u00f6netim Komutanl\u0131\u011f\u0131 \u0130stanbul\u2019da mitinge izin vermedi. 1 May\u0131s, \u0130zmir Konak Meydan\u0131\u2019nda kutland\u0131.<\/p>\n<p style=\"text-align: justify;\">1978 y\u0131l\u0131ndan sonra Taksim Meydan\u0131&#8217;nda 1 May\u0131s kutlamalar\u0131na izin verilmedi. Y\u0131llar sonra Valilik &#8216;makul say\u0131&#8217; \u015fart\u0131yla meydanda kutlamalara izin verdi. Bug\u00fcn toplanan yakla\u015f\u0131k 5 bin ki\u015fi alan\u0131 doldurdu. Taksim meydan\u0131 tarihi g\u00fcnlerinden birini ya\u015f\u0131yor.<\/p>\n<p style=\"text-align: justify;\"><strong>MAKUL SAYI<\/strong><\/p>\n<p style=\"text-align: justify;\">1 May\u0131s Emek ve Dayan\u0131\u015fma G\u00fcn\u00fc, bug\u00fcn ilk kez resmi tatil olarak, ba\u015fta \u0130stanbul, bir \u00e7ok yerde kutlanacak. \u0130stanbul Valili\u011fi, 1 May\u0131s\u2019\u0131n Taksim\u2019de kutlanmas\u0131na izin vermemesine kar\u015f\u0131n D\u0130SK bu sabah Taksim\u2019e y\u00fcr\u00fcmek \u00fczere Pangalt\u0131\u2019da \u2019makul bir say\u0131da\u2019 toplanacaklar\u0131n\u0131 duyurmu\u015ftu. Vali Muammer G\u00fcler, &#8220;Makul say\u0131n\u0131n \u00e7ok \u00e7ok \u00fczerinde miting bir say\u0131yla gelinirse bu kanunsuz olur&#8221; uyar\u0131s\u0131 yapm\u0131\u015ft\u0131.<\/p>\n<p style=\"text-align: justify;\"><strong>HEL\u0130KOPTERLE HAVADAN KONTROL<\/strong><\/p>\n<p style=\"text-align: justify;\">Taksim Meydan\u0131 ile \u015ei\u015fli b\u00f6lgesi, bir polis helikopteri taraf\u0131ndan havadan kontrol ediliyor.<\/p>\n<p style=\"text-align: justify;\">Bu arada, Halaskargazi Caddesi \u00fczerindeki d\u00fckkanlar\u0131n kapal\u0131 oldu\u011fu g\u00f6zlendi.<\/p>\n<p style=\"text-align: justify;\"><strong>CERRAH&#8217;A PET \u015e\u0130\u015eE<\/strong><\/p>\n<p style=\"text-align: justify;\">\u0130stanbul Emniyet M\u00fcd\u00fcr\u00fc Celalettin Cerrah, Halaskargazi Caddesi&#8217;nde gelerek, g\u00fcvenlik \u00f6nlemlerini inceledi. Ancak Cerrah burada bulunan D\u0130SK ve CHP&#8217;liler ile ba\u015fka sendikalara \u00fcye di\u011fer g\u00f6stericiler taraf\u0131ndan protesto edildi. G\u00f6stericiler protestolar\u0131n\u0131 sloganla s\u00fcrd\u00fcr\u00fcrken, baz\u0131lar\u0131 ise ellerindeki pet \u015fi\u015feleri Cerrah\u2019a att\u0131.<\/p>\n<p style=\"text-align: justify;\"><strong>YARALILAR VAR<\/strong><\/p>\n<p style=\"text-align: justify;\">Ni\u015fanta\u015f\u0131 \u015eair Nigar Sokak&#8217;ta polis ve g\u00f6stericiler aras\u0131nda \u00e7\u0131kan olaylarda yaralananlar oldu.<\/p>\n<p style=\"text-align: justify;\"><strong>&#8216;TUTAMIYORUZ M\u00dcD\u00dcR\u00dcM&#8217;<\/strong><\/p>\n<p style=\"text-align: justify;\">Kortej Pangalt\u0131&#8217;dan Taksim&#8217;e y\u00fcr\u00fcrken hurriyet.com.tr \u00f6nemli bir olaya tan\u0131kl\u0131k etti. Bir emniyet amiri olaylar\u0131 yerinde denetleyen \u0130stanbul Emniyet M\u00fcd\u00fcr\u00fc Celalettin Cerrah&#8217;a &#8216;Bence hi\u00e7 bekletmeden bu grubu Taksim&#8217;e g\u00f6t\u00fcrelim m\u00fcd\u00fcr\u00fcm. Kenarlardan cok kat\u0131l\u0131m oluyor engelleyemiyoruz&#8217; dedi. Bu konu\u015fmadan bir s\u00fcre sonra yine Cerrah&#8217;la konu\u015fan ayn\u0131 emniyet amiri, gruplar\u0131n kat\u0131l\u0131m\u0131n\u0131 engelleyemediklerini yineledi ve &#8216;Amirim 50 ki\u015fi daha Taksim meydan\u0131na girse ne olur ki&#8217; teklifinde bulundu.<\/p>\n<p style=\"text-align: justify;\"><strong>KR\u0130Z MERKEZ\u0130 OLU\u015eTURULDU <\/strong><\/p>\n<p style=\"text-align: justify;\">Vatan Caddesi&#8217;ndeki emniyet m\u00fcd\u00fcrl\u00fc\u011f\u00fc yerle\u015fkesinde \u0130stanbul Vali Yard\u0131mc\u0131s\u0131 Ali Bako\u011flu ba\u015fkanl\u0131\u011f\u0131nda olu\u015fturulan kriz merkezinde, emniyet ve jandarma, M\u0130T, belediye, sa\u011fl\u0131k yetkilileri ile di\u011fer ilgili kurulu\u015flar\u0131n g\u00f6revlileri yer al\u0131yor.<\/p>\n<p style=\"text-align: justify;\">Merkezde, Taksim, Zeytinburnu Kazl\u0131\u00e7e\u015fme Meydan\u0131, Kad\u0131k\u00f6y ve di\u011fer baz\u0131 b\u00f6lgelerden \u201cMOBESE\u201d ve gezici emniyet ara\u00e7lar\u0131ndan elde edilen kamera g\u00f6r\u00fcnt\u00fcleri inceleniyor.<\/p>\n<p style=\"text-align: justify;\">Bu arada, \u00e7\u0131kabilecek bir olaya m\u00fcdahale i\u00e7in takviye polis ekiplerinin olay yerine sevk edilmesinde kullan\u0131lacak otob\u00fcsler de yerle\u015fke b\u00fcnyesinde bekletiliyor.<\/p>\n<p style=\"text-align: justify;\"><strong>27 B\u0130N POL\u0130S <\/strong><\/p>\n<p style=\"text-align: justify;\">\u0130stanbul&#8217;da 1 May\u0131s&#8217;ta 27 bin polis g\u00f6rev yap\u0131yor. Di\u011fer illerden de \u0130stanbul&#8217;a polis takviyesi yap\u0131ld\u0131.<\/p>\n<p style=\"text-align: justify;\"><span style=\"font-family: Arial,Verdana,Helvetica,sans-serif; font-size: x-small;\"><span style=\"color: #888888;\">Kaynak : Vatan<\/span><br \/>\n<\/span><\/p>\n","protected":false},"excerpt":{"rendered":"<p style=\"text-align: center;\">\n<p style=\"text-align: justify;\">Yakla\u015f\u0131k 3-4 bin ki\u015filik D\u0130SK ve KESK&#8217;ten olu\u015fan kortej Taksim meydan\u0131na do\u011fru ba\u015flatt\u0131klar\u0131 y\u00fcr\u00fcy\u00fc\u015fe ara verdi. D\u0130SK yetkilileri, ara sokaklardan gelip de kendilerine kat\u0131lmak isteyen daha k\u00fc\u00e7\u00fck say\u0131daki gruplara polis izin verene kadar bekleyecek.<\/p>\n<p>31 YIL SONRA TAKS\u0130M&#8217;DE<\/p>\n<p style=\"text-align: justify;\">Polis ile sendikalar aras\u0131nda 31 y\u0131l \u00f6nce 37 i\u015f\u00e7inin hayat\u0131n\u0131 <\/p>\n","protected":false},"author":1,"featured_media":0,"comment_status":"open","ping_status":"closed","sticky":false,"template":"","format":"standard","meta":{"footnotes":""},"categories":[105],"tags":[],"class_list":["post-8757","post","type-post","status-publish","format-standard","hentry","category-gundem","odd"],"_links":{"self":[{"href":"http:\/\/www.korhanyilmaz.com\/index.php?rest_route=\/wp\/v2\/posts\/8757","targetHints":{"allow":["GET"]}}],"collection":[{"href":"http:\/\/www.korhanyilmaz.com\/index.php?rest_route=\/wp\/v2\/posts"}],"about":[{"href":"http:\/\/www.korhanyilmaz.com\/index.php?rest_route=\/wp\/v2\/types\/post"}],"author":[{"embeddable":true,"href":"http:\/\/www.korhanyilmaz.com\/index.php?rest_route=\/wp\/v2\/users\/1"}],"replies":[{"embeddable":true,"href":"http:\/\/www.korhanyilmaz.com\/index.php?rest_route=%2Fwp%2Fv2%2Fcomments&post=8757"}],"version-history":[{"count":0,"href":"http:\/\/www.korhanyilmaz.com\/index.php?rest_route=\/wp\/v2\/posts\/8757\/revisions"}],"wp:attachment":[{"href":"http:\/\/www.korhanyilmaz.com\/index.php?rest_route=%2Fwp%2Fv2%2Fmedia&parent=8757"}],"wp:term":[{"taxonomy":"category","embeddable":true,"href":"http:\/\/www.korhanyilmaz.com\/index.php?rest_route=%2Fwp%2Fv2%2Fcategories&post=8757"},{"taxonomy":"post_tag","embeddable":true,"href":"http:\/\/www.korhanyilmaz.com\/index.php?rest_route=%2Fwp%2Fv2%2Ftags&post=8757"}],"curies":[{"name":"wp","href":"https:\/\/api.w.org\/{rel}","templated":true}]}}