{"id":8753,"date":"2009-05-01T15:28:02","date_gmt":"2009-05-01T12:28:02","guid":{"rendered":"http:\/\/www.korhanyilmaz.com\/?p=8753"},"modified":"2009-05-01T15:28:02","modified_gmt":"2009-05-01T12:28:02","slug":"ankarada-olaylar-cikti","status":"publish","type":"post","link":"http:\/\/www.korhanyilmaz.com\/?p=8753","title":{"rendered":"Ankara&#039;da olaylar \u00e7\u0131kt\u0131"},"content":{"rendered":"<p style=\"text-align: center;\"><img loading=\"lazy\" decoding=\"async\" class=\"aligncenter size-full wp-image-8754\" title=\"Ankara'da olaylar \u00e7\u0131kt\u0131\" src=\"http:\/\/www.korhanyilmaz.com\/wp-content\/uploads\/2009\/05\/010520091724023324911.jpg\" alt=\"Ankara'da olaylar \u00e7\u0131kt\u0131\" width=\"329\" height=\"210\" \/><\/p>\n<p style=\"text-align: justify;\"><strong>Ankara&#8217;daki 1 May\u0131s kutlamalar\u0131n\u0131n yap\u0131laca\u011f\u0131 S\u0131hhiye Meydan\u0131&#8217;na giri\u015flerdeki arama noktas\u0131nda polis ile g\u00f6stericiler aras\u0131nda arbede \u00e7\u0131kt\u0131.<\/strong><\/p>\n<p style=\"text-align: justify;\">Ankara&#8217;daki 1 May\u0131s kutlamalar\u0131n\u0131n yap\u0131laca\u011f\u0131 S\u0131hhiye Meydan\u0131&#8217;na giri\u015flerdeki arama noktas\u0131nda polis ile g\u00f6stericiler aras\u0131nda \u00e7\u0131kan arbedede 15 polisin yaraland\u0131\u011f\u0131 bildirildi.<\/p>\n<p style=\"text-align: justify;\">S\u0131hhiye Meydan\u0131&#8217;ndaki mitinge girmek \u00fczere arama noktas\u0131na geldikleri s\u0131rada \u00fczerlerini aratmak istemeyen halk evleri grubu ile polis aras\u0131nda \u00e7\u0131kan arbede s\u0131ras\u0131nda 15 polis yaraland\u0131. Yaral\u0131 polisler, ambulanslarla Numune Hastanesi&#8217;ne ta\u015f\u0131nd\u0131. Yaralanan polislerden 14&#8217;\u00fcn\u00fcn ayakta tedavi edildi\u011fi, kafas\u0131na ta\u015f isabet eden bir polisin ise hayati tehlikesinin bulundu\u011fu kaydedildi. <!--more--><\/p>\n<p style=\"text-align: justify;\">Olaylar\u0131n ard\u0131ndan g\u00f6stericiler, polisin arama noktas\u0131n\u0131 y\u0131kt\u0131lar. Konulan bariyerleri yerlerde s\u00fcr\u00fckleyen g\u00f6stericiler, yolu ikiye ay\u0131ran camlar\u0131n bir b\u00f6l\u00fcm\u00fcn\u00fc de k\u0131rd\u0131lar.<\/p>\n<p style=\"text-align: justify;\">Arama noktas\u0131n\u0131n ortadan kalkmas\u0131 \u00fczerine, mitinge kat\u0131lanlar\u0131n yakla\u015f\u0131k 3&#8217;te birinin \u00fcst aramas\u0131 yap\u0131lamad\u0131.<\/p>\n<p style=\"text-align: justify;\"><strong>6 G\u00d6ZALTI <\/strong><\/p>\n<p style=\"text-align: justify;\">Bu arada, mitinge kat\u0131lmak isteyenlerin Gar&#8217;dan y\u00fcr\u00fcy\u00fc\u015fe ge\u00e7ti\u011fi s\u0131rada Hacettepe Hastanesi istikametinden kendilerine \u201cKa\u011f\u0131t \u0130\u015f\u00e7ileri Platformu\u201d ad\u0131 veren bir grup, yanlar\u0131nda ka\u011f\u0131t toplad\u0131klar\u0131 arabalarla birlikte S\u0131hhiye Meydan\u0131&#8217;na do\u011fru y\u00fcr\u00fcmek istedi.<\/p>\n<p style=\"text-align: justify;\">Polisin ikazlar\u0131na ra\u011fmen y\u00fcr\u00fcy\u00fc\u015fte \u0131srar eden i\u015f\u00e7ilerden 6&#8217;s\u0131 g\u00f6zalt\u0131na al\u0131nd\u0131. \u201cPolise mukavemet\u201d iddias\u0131yla g\u00f6zalt\u0131na al\u0131nd\u0131klar\u0131 bildirilen 6 ki\u015fi, emniyete g\u00f6t\u00fcr\u00fcld\u00fc.<\/p>\n<p style=\"text-align: justify;\"><span style=\"color: #888888;\">Kaynak : Vatan<\/span><\/p>\n","protected":false},"excerpt":{"rendered":"<p style=\"text-align: center;\">\n<p style=\"text-align: justify;\">Ankara&#8217;daki 1 May\u0131s kutlamalar\u0131n\u0131n yap\u0131laca\u011f\u0131 S\u0131hhiye Meydan\u0131&#8217;na giri\u015flerdeki arama noktas\u0131nda polis ile g\u00f6stericiler aras\u0131nda arbede \u00e7\u0131kt\u0131.<\/p>\n<p style=\"text-align: justify;\">Ankara&#8217;daki 1 May\u0131s kutlamalar\u0131n\u0131n yap\u0131laca\u011f\u0131 S\u0131hhiye Meydan\u0131&#8217;na giri\u015flerdeki arama noktas\u0131nda polis ile g\u00f6stericiler aras\u0131nda \u00e7\u0131kan arbedede 15 polisin yaraland\u0131\u011f\u0131 bildirildi.<\/p>\n<p style=\"text-align: justify;\">S\u0131hhiye Meydan\u0131&#8217;ndaki mitinge girmek \u00fczere arama noktas\u0131na geldikleri s\u0131rada \u00fczerlerini <\/p>\n","protected":false},"author":1,"featured_media":0,"comment_status":"open","ping_status":"closed","sticky":false,"template":"","format":"standard","meta":{"footnotes":""},"categories":[105],"tags":[],"class_list":["post-8753","post","type-post","status-publish","format-standard","hentry","category-gundem","odd"],"_links":{"self":[{"href":"http:\/\/www.korhanyilmaz.com\/index.php?rest_route=\/wp\/v2\/posts\/8753","targetHints":{"allow":["GET"]}}],"collection":[{"href":"http:\/\/www.korhanyilmaz.com\/index.php?rest_route=\/wp\/v2\/posts"}],"about":[{"href":"http:\/\/www.korhanyilmaz.com\/index.php?rest_route=\/wp\/v2\/types\/post"}],"author":[{"embeddable":true,"href":"http:\/\/www.korhanyilmaz.com\/index.php?rest_route=\/wp\/v2\/users\/1"}],"replies":[{"embeddable":true,"href":"http:\/\/www.korhanyilmaz.com\/index.php?rest_route=%2Fwp%2Fv2%2Fcomments&post=8753"}],"version-history":[{"count":0,"href":"http:\/\/www.korhanyilmaz.com\/index.php?rest_route=\/wp\/v2\/posts\/8753\/revisions"}],"wp:attachment":[{"href":"http:\/\/www.korhanyilmaz.com\/index.php?rest_route=%2Fwp%2Fv2%2Fmedia&parent=8753"}],"wp:term":[{"taxonomy":"category","embeddable":true,"href":"http:\/\/www.korhanyilmaz.com\/index.php?rest_route=%2Fwp%2Fv2%2Fcategories&post=8753"},{"taxonomy":"post_tag","embeddable":true,"href":"http:\/\/www.korhanyilmaz.com\/index.php?rest_route=%2Fwp%2Fv2%2Ftags&post=8753"}],"curies":[{"name":"wp","href":"https:\/\/api.w.org\/{rel}","templated":true}]}}