{"id":8747,"date":"2009-05-01T09:16:41","date_gmt":"2009-05-01T07:16:41","guid":{"rendered":"http:\/\/www.korhanyilmaz.com\/?p=8747"},"modified":"2009-05-01T09:16:41","modified_gmt":"2009-05-01T07:16:41","slug":"tanidiniz-mi","status":"publish","type":"post","link":"http:\/\/www.korhanyilmaz.com\/?p=8747","title":{"rendered":"Tan\u0131d\u0131n\u0131z m\u0131?"},"content":{"rendered":"<p style=\"text-align: center;\"><a href=\"http:\/\/www.korhanyilmaz.com\/wp-content\/uploads\/2009\/05\/010520090924217267156.jpg\"  class=\"lightview\"><img loading=\"lazy\" decoding=\"async\" class=\"aligncenter size-full wp-image-8748\" src=\"http:\/\/www.korhanyilmaz.com\/wp-content\/uploads\/2009\/05\/010520090924217267156.jpg\" alt=\"010520090924217267156\" width=\"329\" height=\"210\" \/><\/a><\/p>\n<p>1 May\u0131s kutlamalar\u0131n\u0131 Taksim Meydan\u0131&#8217;nda kutlamak isteyen i\u015f\u00e7iler i\u00e7in &#8216;ayak tak\u0131m\u0131&#8217; ifadesini kullanan Ba\u015fbakan Recep Tayyip Erdo\u011fan&#8217;\u0131n 1988 y\u0131l\u0131nda grevdeki i\u015f\u00e7ilere destek verdi\u011fi ortaya \u00e7\u0131kt\u0131.<\/p>\n<p>D\u00f6nemin Refah Partisi \u0130l Ba\u015fkan\u0131 olan Ba\u015fbakan Erdo\u011fan, Bas\u0131n-i\u015f&#8217;e ba\u011fl\u0131 Darphane ve Damga Matbaas\u0131&#8217;nda ya\u015fanan greve destek verip, grev \u00f6nl\u00fc\u011f\u00fc giydi.<\/p>\n<p>Haber, Kent Ya\u015fam gazetesinde yer ald\u0131. Haberde ayr\u0131ca Ba\u015fbakan Erdo\u011fan&#8217;\u0131n o d\u00f6nemki grev s\u0131ras\u0131nda i\u015f\u00e7ilerler birlikte &#8216;grev s\u00f6zc\u00fcs\u00fc&#8217; \u00f6nl\u00fc\u011f\u00fc giymi\u015f bir foto\u011fraf\u0131 da yay\u0131mland\u0131.<!--more--><a href=\"http:\/\/www.korhanyilmaz.com\/wp-content\/uploads\/2009\/05\/010520090932105778093_3.jpg\"  class=\"lightview\"><img loading=\"lazy\" decoding=\"async\" class=\"aligncenter size-full wp-image-8749\" src=\"http:\/\/www.korhanyilmaz.com\/wp-content\/uploads\/2009\/05\/010520090932105778093_3.jpg\" alt=\"\" width=\"292\" height=\"198\" \/><\/a><\/p>\n<p style=\"text-align: justify;\">20 y\u0131l \u00f6nce Refah Partisi \u0130stanbul \u0130l Ba\u015fkan\u0131 g\u00f6revindeyken; Darphane ve Damga Matbaas\u0131 i\u015fyerinde grev yapan i\u015f\u00e7ileri ziyaret eden Erdo\u011fan, o zamanki konu\u015fmas\u0131nda &#8220;\u00dclkemizde i\u015f\u00e7iler, kira bile \u00f6deyemeyecek zorluklar i\u00e7inde. B\u00f6ylesine hakl\u0131 m\u00fccadelenin yan\u0131nda olmak inanc\u0131m\u0131z gere\u011fidir&#8221; demi\u015fti.<\/p>\n<p style=\"text-align: justify;\">Grevin 28&#8217;inci g\u00fcn\u00fcnde i\u015f\u00e7ileri ziyaret eden Erdo\u011fan i\u015f\u00e7ilerin an\u0131 defterini de imzalayarak, &#8220;\u00dclkemizde \u00f6zellikle 1980 sonras\u0131 h\u00fck\u00fcmetler i\u015f\u00e7i haklar\u0131na, insan onuruna yak\u0131\u015fmayacak \u015fekilde ilgisiz kalmaktad\u0131r. Al\u0131n teri kutsall\u0131\u011f\u0131n\u0131 yitirmi\u015ftir. \u00dclkemizde i\u015f\u00e7iler kira \u00fccretlerini dahi \u00f6deyemeyecek zorluklar i\u00e7erisinde k\u0131vranmaktad\u0131r. Bu zulme son verene kadar hakl\u0131 ve kararl\u0131 m\u00fccadelelerin yan\u0131nda olmay\u0131 inanc\u0131m\u0131z\u0131n bir gere\u011fi olarak bir g\u00f6rev telakki ederiz&#8221; a\u00e7\u0131klamas\u0131n\u0131 yapm\u0131\u015ft\u0131.<\/p>\n<p style=\"text-align: justify;\"><span style=\"color: #888888;\">Kaynak : Haber Ajanslar\u0131<\/span><\/p>\n","protected":false},"excerpt":{"rendered":"<p style=\"text-align: center;\">\n<p>1 May\u0131s kutlamalar\u0131n\u0131 Taksim Meydan\u0131&#8217;nda kutlamak isteyen i\u015f\u00e7iler i\u00e7in &#8216;ayak tak\u0131m\u0131&#8217; ifadesini kullanan Ba\u015fbakan Recep Tayyip Erdo\u011fan&#8217;\u0131n 1988 y\u0131l\u0131nda grevdeki i\u015f\u00e7ilere destek verdi\u011fi ortaya \u00e7\u0131kt\u0131.<\/p>\n<p>D\u00f6nemin Refah Partisi \u0130l Ba\u015fkan\u0131 olan Ba\u015fbakan Erdo\u011fan, Bas\u0131n-i\u015f&#8217;e ba\u011fl\u0131 Darphane ve Damga Matbaas\u0131&#8217;nda ya\u015fanan greve destek verip, grev \u00f6nl\u00fc\u011f\u00fc giydi.<\/p>\n<p>Haber, Kent Ya\u015fam gazetesinde yer ald\u0131. <\/p>\n","protected":false},"author":1,"featured_media":0,"comment_status":"open","ping_status":"closed","sticky":false,"template":"","format":"standard","meta":{"footnotes":""},"categories":[105],"tags":[],"class_list":["post-8747","post","type-post","status-publish","format-standard","hentry","category-gundem","odd"],"_links":{"self":[{"href":"http:\/\/www.korhanyilmaz.com\/index.php?rest_route=\/wp\/v2\/posts\/8747","targetHints":{"allow":["GET"]}}],"collection":[{"href":"http:\/\/www.korhanyilmaz.com\/index.php?rest_route=\/wp\/v2\/posts"}],"about":[{"href":"http:\/\/www.korhanyilmaz.com\/index.php?rest_route=\/wp\/v2\/types\/post"}],"author":[{"embeddable":true,"href":"http:\/\/www.korhanyilmaz.com\/index.php?rest_route=\/wp\/v2\/users\/1"}],"replies":[{"embeddable":true,"href":"http:\/\/www.korhanyilmaz.com\/index.php?rest_route=%2Fwp%2Fv2%2Fcomments&post=8747"}],"version-history":[{"count":0,"href":"http:\/\/www.korhanyilmaz.com\/index.php?rest_route=\/wp\/v2\/posts\/8747\/revisions"}],"wp:attachment":[{"href":"http:\/\/www.korhanyilmaz.com\/index.php?rest_route=%2Fwp%2Fv2%2Fmedia&parent=8747"}],"wp:term":[{"taxonomy":"category","embeddable":true,"href":"http:\/\/www.korhanyilmaz.com\/index.php?rest_route=%2Fwp%2Fv2%2Fcategories&post=8747"},{"taxonomy":"post_tag","embeddable":true,"href":"http:\/\/www.korhanyilmaz.com\/index.php?rest_route=%2Fwp%2Fv2%2Ftags&post=8747"}],"curies":[{"name":"wp","href":"https:\/\/api.w.org\/{rel}","templated":true}]}}