{"id":8743,"date":"2009-04-30T15:09:25","date_gmt":"2009-04-30T12:09:25","guid":{"rendered":"http:\/\/www.korhanyilmaz.com\/?p=8743"},"modified":"2009-04-30T15:09:25","modified_gmt":"2009-04-30T12:09:25","slug":"sehitler-son-yolculuguna-ugurlaniyor","status":"publish","type":"post","link":"http:\/\/www.korhanyilmaz.com\/?p=8743","title":{"rendered":"\u015eehitler son yolculu\u011funa u\u011furlan\u0131yor"},"content":{"rendered":"<p style=\"text-align: center;\"><img loading=\"lazy\" decoding=\"async\" class=\"aligncenter size-full wp-image-8744\" title=\"\u015eehitler son yolculu\u011funa u\u011furlan\u0131yor\" src=\"http:\/\/www.korhanyilmaz.com\/wp-content\/uploads\/2009\/05\/fft28_mf165049.jpeg\" alt=\"\u015eehitler son yolculu\u011funa u\u011furlan\u0131yor\" width=\"306\" height=\"204\" \/><\/p>\n<p style=\"text-align: justify;\"><strong>Diyarbak\u0131r&#8217;\u0131n Lice il\u00e7esi ve Hakkari&#8217;de PKK&#8217;n\u0131n d\u00fczenledi\u011fi ter\u00f6r sald\u0131r\u0131lar\u0131nda \u015fehit d\u00fc\u015fen 10 asker u\u011furlan\u0131yor. <\/strong><\/p>\n<p style=\"text-align: justify;\">Gaziantep:<\/p>\n<p style=\"text-align: justify;\">\u015eehit olan 9 askerden piyade er Zeynel Direk\u00e7i&#8217;nin cenazesi, Gaziantep&#8217;te topra\u011fa verildi.<\/p>\n<p style=\"text-align: justify;\">\u015eehit Zeynel Direk\u00e7i&#8217;nin cenazesi Diyarbak\u0131r&#8217;daki t\u00f6renin ard\u0131ndan helikopterle Gaziantep&#8217;e getirildi.<\/p>\n<p style=\"text-align: justify;\">Zeynel Direk\u00e7i i\u00e7in Gaziantep Ulu Cami&#8217;de d\u00fczenlenen t\u00f6rene, \u015fehidin annesi Sultan Direk\u00e7i ve karde\u015fleri ile yak\u0131nlar\u0131n\u0131n yan\u0131 s\u0131ra Devlet Bakan\u0131 Mehmet \u015eim\u015fek, AK Parti Gaziantep milletvekilleri \u00d6zlem M\u00fcft\u00fco\u011flu, Mehmet Erdo\u011fan, Mehmet Sar\u0131, Gaziantep Valisi S\u00fcleyman Kam\u00e7\u0131, B\u00fcy\u00fck\u015fehir Belediye Ba\u015fkan\u0131 As\u0131m G\u00fczelbey, 5. Z\u0131rhl\u0131 Tugay Komutan\u0131 Tu\u011fgeneral \u015eendo\u011fan Karaku\u015f, askeri ve idari erkan, sivil toplum kurulu\u015flar\u0131 temsilcileri ve \u00e7ok say\u0131da vatanda\u015f kat\u0131ld\u0131. <!--more--><\/p>\n<p style=\"text-align: justify;\">\u015eehidin annesi Sultan Direk\u00e7i, yak\u0131nlar\u0131yla birlikte o\u011flunun tabutuna sar\u0131larak g\u00f6zya\u015f\u0131 d\u00f6kt\u00fc. Kendisini sakinle\u015ftirmeye \u00e7al\u0131\u015fan askerlere &#8220;Ben onu nas\u0131l b\u00fcy\u00fctt\u00fcn biliyor musunuz?&#8221; diyen Sultan Direk\u00e7i, o\u011flunun foto\u011fraf\u0131n\u0131 \u00f6pt\u00fc, tabutunun \u00fczerine kapand\u0131.<\/p>\n<p style=\"text-align: justify;\">\u015eehidin, \u00f6zge\u00e7mi\u015finin okunmas\u0131n\u0131n ard\u0131ndan T\u00fcrk Silahl\u0131 Kuvvetleri ad\u0131na konu\u015fmalar yap\u0131ld\u0131 ve sayg\u0131 duru\u015funda bulunuldu.<\/p>\n<p style=\"text-align: justify;\">Bir s\u00fcre eller \u00fczerinde ta\u015f\u0131nan \u015fehit cenazesi, hada sonra top arabas\u0131na al\u0131nd\u0131.<\/p>\n<p style=\"text-align: justify;\">Mar\u015f e\u015fli\u011finde yakla\u015f\u0131k 200 metre top arabas\u0131nda ta\u015f\u0131nan \u015fehit Zeynel Direk\u00e7i&#8217;nin naa\u015f\u0131, Ye\u015filkent Mezarl\u0131\u011f\u0131&#8217;ndaki \u015eehitlik&#8217;te topra\u011fa verildi.<\/p>\n<p style=\"text-align: justify;\">Kilis:<\/p>\n<p style=\"text-align: justify;\">\u015eehit d\u00fc\u015fen Piyade Uzman \u00c7avu\u015f 33 ya\u015f\u0131ndaki \u0130lhami Hardal&#8217;\u0131n cenazesi de, Kilis&#8217;te topra\u011fa verildi.<\/p>\n<p style=\"text-align: justify;\">\u015eehit \u0130lhami Hardal&#8217;\u0131n cenazesinin bulundu\u011fu ambulans, \u0130smet Pa\u015fa Mahallesi Yayla Sokak&#8217;taki baba evine getirildi.<\/p>\n<p style=\"text-align: justify;\">Buradan Cumhuriyet Meydan\u0131&#8217;ndaki Canpolat Pa\u015fa Camii&#8217;ne g\u00f6t\u00fcr\u00fcl\u00fclen \u015fehit Hardal&#8217;\u0131n cenazesi, k\u0131l\u0131nan cenaze namaz\u0131n\u0131n ard\u0131ndan Kilis \u015eehitli\u011fi&#8217;nde topra\u011fa verildi.<\/p>\n<p style=\"text-align: justify;\">T\u00f6rene Vali Turhan Ayvaz, 6&#8217;nc\u0131 Kolordu Komutan\u0131 Korgeneral Nejat Bek, Belediye Ba\u015fkan\u0131 AKP&#8217;li M.Abdi Bulut, \u0130l Jandarma Komutan\u0131 Albay Mehmet Kadan, \u015fehidin yak\u0131nlar\u0131 ile yakla\u015f\u0131k 20 bin ki\u015fi kat\u0131ld\u0131.<\/p>\n<p style=\"text-align: justify;\">Bu arada, &#8216;\u015eehitler \u00f6lmez, vatan b\u00f6l\u00fcnmez&#8217;, &#8216;Kahrolsun PKK&#8217; sloganlar\u0131 at\u0131lan t\u00f6rende bir \u00e7ok kad\u0131n g\u00f6\u011fs\u00fcne T\u00fcrk Bayra\u011f\u0131 ast\u0131.<\/p>\n<p style=\"text-align: justify;\">\u015eehitler defnedilecekleri illere g\u00f6nderildi.<\/p>\n<p style=\"text-align: justify;\">Lice il\u00e7esine ba\u011fl\u0131 Abal\u0131 k\u00f6y\u00fc yak\u0131nlar\u0131nda PKK&#8217;l\u0131 ter\u00f6ristlerin yola d\u00f6\u015fedi\u011fi may\u0131n\u0131n patlamas\u0131 nedeniyle \u015fehit olan 2&#8217;si uzman \u00e7avu\u015f, 7&#8217;si er 9 askerin cenazesi Diyarbak\u0131r&#8217;da d\u00fczenlenen t\u00f6renin ard\u0131ndan bug\u00fcn topra\u011fa verilece\u011fi illere g\u00f6nderildi.<\/p>\n<p style=\"text-align: justify;\">\u015eehitler i\u00e7in Diyarbak\u0131r Asker Hastanesi&#8217;nde de t\u00f6ren yap\u0131ld\u0131.<\/p>\n<p style=\"text-align: justify;\">T\u00f6rene Milli Savunma Bakan\u0131 Vecdi G\u00f6n\u00fcl, Tar\u0131m ve K\u00f6yi\u015fleri Bakan\u0131 Mehmet Mehdi Eker, AK Parti Genel Ba\u015fkan Yard\u0131mc\u0131s\u0131 Abd\u00fclkadir Aksu, Vali H\u00fcseyin Avni Mutlu, baz\u0131 sivil toplum kurulu\u015fu temsilcileri ve askeri yetkililer kat\u0131ld\u0131.<\/p>\n<p style=\"text-align: justify;\">T\u00f6renin ard\u0131ndan Uzman \u00e7avu\u015f Salih Aky\u00fcrek&#8217;in cenazesi Yozgat, Uzman \u00e7avu\u015f \u0130lhami Hardal&#8217;\u0131n cenazesi Kilis, erler Onur G\u00f6rmez&#8217;in cenazesi Ayd\u0131n&#8217;\u0131n \u00c7ineil\u00e7esi, Emrah Polat&#8217;\u0131n cenazesi Kars&#8217;\u0131n Sar\u0131kam\u0131\u015f il\u00e7esi, Erdal Oral&#8217;\u0131n cenazesi Kars&#8217;\u0131n Ka\u011f\u0131zman il\u00e7esi, Zeynel Direk\u00e7i&#8217;nin cenazesi Gaziantep, Murat \u00c7avdar&#8217;\u0131n cenazesi Trabzon&#8217;un Ma\u00e7ka il\u00e7esi, Mehmet Ali Karaduman&#8217;\u0131n cenazesi Manisa&#8217;n\u0131nKula il\u00e7esi, Miktat Beder&#8217;in cenazesi Trabzon&#8217;un Arsin i\u00e7esine g\u00f6nderilmek \u00fczere ambulanslarla Diyarbak\u0131r Havaalan\u0131&#8217;na g\u00f6t\u00fcr\u00fcld\u00fc.<\/p>\n<p style=\"text-align: justify;\">Diyarbak\u0131r Asker Hastanesi \u00f6n\u00fcnde bekleyen asker yak\u0131nlar\u0131 g\u00f6zya\u015flar\u0131na bo\u011fuldu. Vatanda\u015flar, ter\u00f6re lanet ya\u011fd\u0131rd\u0131.<\/p>\n<p style=\"text-align: justify;\"><span style=\"color: #888888;\">Kaynak : Radikal<\/span><\/p>\n","protected":false},"excerpt":{"rendered":"<p style=\"text-align: center;\">\n<p style=\"text-align: justify;\">Diyarbak\u0131r&#8217;\u0131n Lice il\u00e7esi ve Hakkari&#8217;de PKK&#8217;n\u0131n d\u00fczenledi\u011fi ter\u00f6r sald\u0131r\u0131lar\u0131nda \u015fehit d\u00fc\u015fen 10 asker u\u011furlan\u0131yor. <\/p>\n<p style=\"text-align: justify;\">Gaziantep:<\/p>\n<p style=\"text-align: justify;\">\u015eehit olan 9 askerden piyade er Zeynel Direk\u00e7i&#8217;nin cenazesi, Gaziantep&#8217;te topra\u011fa verildi.<\/p>\n<p style=\"text-align: justify;\">\u015eehit Zeynel Direk\u00e7i&#8217;nin cenazesi Diyarbak\u0131r&#8217;daki t\u00f6renin ard\u0131ndan helikopterle Gaziantep&#8217;e getirildi.<\/p>\n<p style=\"text-align: justify;\">Zeynel Direk\u00e7i i\u00e7in Gaziantep <\/p>\n","protected":false},"author":1,"featured_media":0,"comment_status":"open","ping_status":"closed","sticky":false,"template":"","format":"standard","meta":{"footnotes":""},"categories":[105],"tags":[],"class_list":["post-8743","post","type-post","status-publish","format-standard","hentry","category-gundem","odd"],"_links":{"self":[{"href":"http:\/\/www.korhanyilmaz.com\/index.php?rest_route=\/wp\/v2\/posts\/8743","targetHints":{"allow":["GET"]}}],"collection":[{"href":"http:\/\/www.korhanyilmaz.com\/index.php?rest_route=\/wp\/v2\/posts"}],"about":[{"href":"http:\/\/www.korhanyilmaz.com\/index.php?rest_route=\/wp\/v2\/types\/post"}],"author":[{"embeddable":true,"href":"http:\/\/www.korhanyilmaz.com\/index.php?rest_route=\/wp\/v2\/users\/1"}],"replies":[{"embeddable":true,"href":"http:\/\/www.korhanyilmaz.com\/index.php?rest_route=%2Fwp%2Fv2%2Fcomments&post=8743"}],"version-history":[{"count":0,"href":"http:\/\/www.korhanyilmaz.com\/index.php?rest_route=\/wp\/v2\/posts\/8743\/revisions"}],"wp:attachment":[{"href":"http:\/\/www.korhanyilmaz.com\/index.php?rest_route=%2Fwp%2Fv2%2Fmedia&parent=8743"}],"wp:term":[{"taxonomy":"category","embeddable":true,"href":"http:\/\/www.korhanyilmaz.com\/index.php?rest_route=%2Fwp%2Fv2%2Fcategories&post=8743"},{"taxonomy":"post_tag","embeddable":true,"href":"http:\/\/www.korhanyilmaz.com\/index.php?rest_route=%2Fwp%2Fv2%2Ftags&post=8743"}],"curies":[{"name":"wp","href":"https:\/\/api.w.org\/{rel}","templated":true}]}}