{"id":8737,"date":"2009-04-26T12:01:52","date_gmt":"2009-04-26T09:01:52","guid":{"rendered":"http:\/\/www.korhanyilmaz.com\/?p=8737"},"modified":"2009-04-26T12:01:52","modified_gmt":"2009-04-26T09:01:52","slug":"dtpnin-kapatilma-gerekcesi-mi-hazirlaniyor","status":"publish","type":"post","link":"http:\/\/www.korhanyilmaz.com\/?p=8737","title":{"rendered":"DTP&#039;nin kapat\u0131lma gerek\u00e7esi mi haz\u0131rlan\u0131yor?"},"content":{"rendered":"<p style=\"text-align: center;\"><img loading=\"lazy\" decoding=\"async\" class=\"aligncenter size-full wp-image-8738\" title=\"DTP'nin kapat\u0131lma gerek\u00e7esi mi haz\u0131rlan\u0131yor?\" src=\"http:\/\/www.korhanyilmaz.com\/wp-content\/uploads\/2009\/05\/fft28_mf164901.jpeg\" alt=\"DTP'nin kapat\u0131lma gerek\u00e7esi mi haz\u0131rlan\u0131yor?\" width=\"306\" height=\"204\" \/><\/p>\n<address style=\"text-align: center;\"><span style=\"color: #888888;\">DTP\u2019li vekiller, DTP\u2019ye y\u00f6nelik operasyonu protesto i\u00e7in Meclis grubunda bir g\u00fcnl\u00fck eylem yapt\u0131.<\/span><\/address>\n<p style=\"text-align: justify;\">Bug\u00fcne kadar, T\u00fcrkiyeli K\u00fcrt kimli\u011fi merkezli siyaset yapanlar\u0131 dize getirerek, bast\u0131rarak, susturarak, gerekirse ya \u00f6ld\u00fcr\u00fcp ya da hapsederek veya s\u00fcrerek, K\u00fcrtlerin ehveni\u015fere sar\u0131lmalar\u0131n\u0131 sa\u011flamak siyaseti g\u00fcd\u00fcld\u00fc.<\/p>\n<p style=\"text-align: justify;\">DTP 2009 yerel se\u00e7imlerinde b\u00fcy\u00fck bir ba\u015far\u0131 elde etti. AKP\u2019nin, T\u00fcrkiye\u2019de K\u00fcrt kimli\u011finin temsilcili\u011fini muhafazak\u00e2r-liberal bir S\u00fcnni ittifak\u0131 \u00e7er\u00e7evesinde tekeline alma stratejisini bo\u015fa \u00e7\u0131kard\u0131. AKP Diyarbak\u0131r\u2019da, Batman\u2019da belediye ba\u015fkanl\u0131klar\u0131n\u0131 kazanarak, T\u00fcrkiye\u2019nin K\u00fcrt yo\u011funluklu b\u00f6lgelerinin de birinci partisi olamad\u0131. \u00dcstelik yerel se\u00e7imleri K\u00fcrt kimlikli siyasetin temsilcili\u011fi referandumuna d\u00f6n\u00fc\u015ft\u00fcrerek, \u00f6rne\u011fin Siirt ve Van\u2019da da belediye ba\u015fkanl\u0131klar\u0131n\u0131 kaybetti. AKP\u2019nin bu se\u00e7im stratejisi, DTP\u2019ye \u00e7ok \u00f6nemli bir asabiyye kazand\u0131rd\u0131.<!--more--><\/p>\n<p style=\"text-align: justify;\">K\u00fcrt sorunu kar\u015f\u0131s\u0131nda bug\u00fcne kadar s\u00fcrd\u00fcr\u00fclen devlet politikas\u0131n\u0131n art\u0131k b\u00fct\u00fcn\u00fcyle iflas etti\u011fini g\u00f6sterdi bu se\u00e7imler. Elbette siyasette iflas masas\u0131 ve ticaret mahkemesine benzer bir kurulu\u015f olmad\u0131\u011f\u0131 i\u00e7in, g\u00fc\u00e7l\u00fc pozisyonda olan iflas etti\u011fini y\u0131llarca inkar edebilir. Hatta bu durumu gizlemek i\u00e7in \u00f6ncekinden daha fazla eski politika ara\u00e7lar\u0131na sar\u0131l\u0131p, durumu ileride daha da zor \u00e7\u00f6z\u00fcl\u00fcr k\u0131labilir. Galiba i\u00e7inde bulundu\u011fumuz g\u00fcnlerde T\u00fcrkiye\u2019de b\u00f6yle bir iflas etmi\u015f politika \u015fahlan\u0131\u015f\u0131na \u015fahit oluyoruz.<\/p>\n<p style=\"text-align: justify;\"><strong>Ehveni\u015fer AKP<\/strong><\/p>\n<p style=\"text-align: justify;\">Bug\u00fcne kadar T\u00fcrkiyeli K\u00fcrt kimli\u011fi merkezli siyaset yapanlar\u0131 dize getirerek, bast\u0131rarak, susturarak, gerekirse ya \u00f6ld\u00fcr\u00fcp ya da hapsederek veya s\u00fcrerek, K\u00fcrtlerin ehveni\u015fere sar\u0131lmalar\u0131n\u0131 sa\u011flamak siyaseti g\u00fcd\u00fcld\u00fc. \u00d6rne\u011fin son sekiz y\u0131lda, CHP\u2019nin ve MHP\u2019nin b\u00fct\u00fcn\u00fcyle silindi\u011fi bir K\u00fcrt siyasal co\u011frafyas\u0131nda, AKP b\u00f6yle bir ehveni temsil ediyordu. Daha \u00f6nce bu rol\u00fc ANAP \u00fcstlenmi\u015fti. Belediyecilik a\u00e7\u0131s\u0131ndan ba\u015far\u0131l\u0131 say\u0131lamayacak DTP\u2019li belediyelerde, AKP h\u00fck\u00fcmetinin sosyal yard\u0131m paketlerine ve televizyon a\u00e7\u0131l\u0131m\u0131na ra\u011fmen, AKP\u2019nin temsil etti\u011fi ehveni\u015fer yeterince ra\u011fbet g\u00f6rmedi. \u00c7\u00fcnk\u00fc DTP\u2019yi K\u00fcrtleri temsil referandumuna s\u0131k\u0131\u015ft\u0131ran AKP, DTP\u2019yi de T\u00fcrkiye partisi olma iddias\u0131n\u0131 b\u0131rak\u0131p, varg\u00fcc\u00fcyle T\u00fcrkiyeli K\u00fcrt kimli\u011finin simgesi olmaya zorlam\u0131\u015ft\u0131. Emine Ayna, se\u00e7imlerden birka\u00e7 g\u00fcn \u00f6nce, \u2018DTP\u2019ye oy vermeyen K\u00fcrt, hakiki K\u00fcrt de\u011fildir\u2019 iddias\u0131n\u0131 dile getirirken, DTP\u2019nin \u00e7ekilmek zorunda kald\u0131\u011f\u0131 etnik kimlik partisi savunma hatt\u0131n\u0131n gere\u011fini yap\u0131yordu. B\u00f6ylece T\u00fcrkiyeli K\u00fcrtlerin say\u0131sal olmasa da, siyasal temsil yetkisini elinde tuttu\u011funu g\u00f6steren DTP kar\u015f\u0131s\u0131nda AKP sadece m\u0131z\u0131rdanabilirdi. Nitekim se\u00e7im kaybetmi\u015f bir partinin yapaca\u011f\u0131 gibi, \u2018b\u00f6lgede se\u00e7imlerde \u00e7ok b\u00fcy\u00fck bask\u0131lar\u0131n uyguland\u0131\u011f\u0131\u2019 iddias\u0131n\u0131 dile getirdi.<\/p>\n<p style=\"text-align: justify;\">Se\u00e7im sonras\u0131nda, AKP\u2019nin K\u00fcrt sorunu konusunu \u00e7\u00f6zme konusunda se\u00e7im \u00f6ncesinde g\u00f6sterdi\u011fi hevesi koruyamayaca\u011f\u0131 bekleniyordu. Ama bunun yan\u0131nda, geleneksel devlet politikalar\u0131n\u0131n da T\u00fcrkiyeli K\u00fcrtlerin kimlik tan\u0131nmas\u0131 m\u00fccadelesini veren bir partiyi siyasal alanda g\u00f6r\u00fcnmez k\u0131lamayaca\u011f\u0131n\u0131n, art\u0131k bunun hi\u00e7bir ba\u015far\u0131 \u015fans\u0131n\u0131n olmad\u0131\u011f\u0131n\u0131n anla\u015f\u0131laca\u011f\u0131 beklentisine de kap\u0131y\u0131 a\u00e7\u0131yordu. Se\u00e7im sonras\u0131nda PKK\u2019n\u0131n gelecek Haziran ay\u0131na kadar tek tarafl\u0131 ate\u015fkes ilan etmesi, Kuzey Irak K\u00fcrtlerinin bask\u0131s\u0131n\u0131n yan\u0131nda, biraz da bu kap\u0131n\u0131n a\u00e7\u0131lmas\u0131 beklentisiyle ili\u015fkiliydi.<\/p>\n<p style=\"text-align: justify;\">\u0130lker Ba\u015fbu\u011f\u2019un \u2018T\u00fcrkiye halklar\u0131\u2019 tabirini kullanmas\u0131, m\u00fcnhas\u0131ran b\u00fcy\u00fck bir a\u00e7\u0131l\u0131m de\u011fildi ama K\u00fcrt sorunu konusunda kadim devlet politikas\u0131n\u0131n y\u0131lmaz bek\u00e7isi olan bir kurumun ba\u015f\u0131ndan gelmesi, Tayyip Erdo\u011fan\u2019\u0131n Diyarbak\u0131r\u2019da dile getirdi\u011fi alt kimik-\u00fcst kimlik tan\u0131m\u0131na verilen gecikmi\u015f bir destekti. Ama bu konu\u015fman\u0131n yap\u0131ld\u0131\u011f\u0131 s\u0131ralarda, PKK ile ili\u015fkileri oldu\u011fu iddias\u0131yla y\u00fczlerce DTP y\u00f6neticisi g\u00f6zalt\u0131na al\u0131nd\u0131. Aralar\u0131nda genel ba\u015fkan yard\u0131mc\u0131lar\u0131, belediye ba\u015fkanlar\u0131, il ve il\u00e7e \u00f6rg\u00fct\u00fc ba\u015fkan ve y\u00f6neticileri olan bu partililerin 50\u2019den fazlas\u0131 tutukland\u0131. Kadim devlet politikas\u0131nda d\u00fc\u011fmeye bas\u0131lm\u0131\u015ft\u0131.<\/p>\n<p style=\"text-align: justify;\"><strong>Silah\u0131n me\u015fruiyeti?<\/strong><\/p>\n<p style=\"text-align: justify;\">D\u00f6rt y\u0131ldan beri izlendikleri iddia edilen bu ki\u015filerin tutuklanmas\u0131, DTP\u2019nin K\u00fcrt siyasal hareketi i\u00e7inde g\u00fc\u00e7lenerek \u00f6zerkle\u015fmesi olana\u011f\u0131na vurulan a\u011f\u0131r bir darbeydi. DTP\u2019nin giderek PKK\u2019n\u0131n \u00f6n\u00fcne \u00e7\u0131kmas\u0131n\u0131 istemeyenlerin sadece PKK y\u00f6netimi de\u011fil, -bu y\u00f6netimin g\u00fcd\u00fcm\u00fcndekilerin 2007 se\u00e7imleri sonras\u0131 DTP i\u00e7inde Ahmet T\u00fcrk\u2019e yapt\u0131klar\u0131 muameleyi hat\u0131rlayal\u0131m- devlet politikas\u0131n\u0131n mimarlar\u0131 da oldu\u011fu bir kez daha ortaya \u00e7\u0131kt\u0131. PKK\u2019l\u0131 kadrolar\u0131n yasal siyaset alan\u0131na yava\u015f yava\u015f \u00e7ekilmesi, en \u00f6nemlisi gen\u00e7 T\u00fcrkiyeli K\u00fcrtlerin y\u00fczlerini da\u011fa de\u011fil, T\u00fcrkiye i\u00e7inde yasal siyaset organlar\u0131na \u00e7evirmesinin te\u015fvik edilmesinin \u00f6nemsenmedi\u011finin, belki de istenmedi\u011finin i\u015faretiydi bu. En az\u0131ndan, mutlak bir hezimet duygusu i\u00e7inde teslim olmad\u0131k\u00e7a, bu \u00e7evrelerin yasal siyaset alan\u0131na giri\u015flerinin arzulanmad\u0131\u011f\u0131n\u0131 g\u00f6steriyordu. Devlet politikas\u0131n\u0131n sanki bir kan davas\u0131na d\u00f6n\u00fc\u015ft\u00fc\u011f\u00fcn\u00fc bu vesileyle g\u00f6rebildik. Diz \u00e7\u00f6kerek silahlar\u0131n\u0131 teslim eden bir PKK hayali i\u00e7ten i\u00e7e devlet zihniyetinde \u00e7al\u0131\u015fmaya devam ediyordu.<\/p>\n<p style=\"text-align: justify;\">Ahmet Altan, T\u00fcrkiyeli K\u00fcrtlerin PKK konusundaki ikircikli tavr\u0131n\u0131n arkas\u0131nda yatan nedenleri birka\u00e7 c\u00fcmleyle \u00e7ok g\u00fczel tarif etti: \u201cBenim anlad\u0131\u011f\u0131m kadar\u0131yla K\u00fcrtler \u015fimdi \u2018silah\u0131\u2019 bir sava\u015f\u0131 kazanman\u0131n arac\u0131 olarak de\u011fil, \u2018namuslar\u0131n\u0131, onurlar\u0131n\u0131, ki\u015filiklerini, varl\u0131klar\u0131n\u0131\u2019 koruyabilmek i\u00e7in gerekli bir alet olarak g\u00f6r\u00fcyorlar\u201d dedi. Tasvip edelim veya etmeyelim ama bu olguyu dikkate almayan bir politikan\u0131n herhangi bir ba\u015far\u0131 \u015fans\u0131 olmad\u0131\u011f\u0131n\u0131 teslim etmek zorunday\u0131z.<\/p>\n<p style=\"text-align: justify;\">Dikkate almak, silah\u0131n me\u015fruiyetini tan\u0131mak de\u011fil, namusun, onurun, g\u00fcvenli\u011fin, e\u015fitli\u011fin silahs\u0131z daha iyi korunaca\u011f\u0131n\u0131n, bunlara silahs\u0131z daha kolay ula\u015f\u0131labilece\u011finin g\u00fcvencesini vermek demektir. Bu da T\u00fcrkiyeli K\u00fcrt kimli\u011finin siyasal alandaki hareket alan\u0131n\u0131 geni\u015fletmekten ge\u00e7er. DTP grup kurdu diye parlamentoya ayak basmamaktan de\u011fil. Ne de PKK\u2019n\u0131n \u00e7a\u011fr\u0131lar\u0131n\u0131 da dikkate alarak siyasal davran\u0131\u015f\u0131n\u0131 bi\u00e7imlendiren ki\u015filerin \u015feytanla\u015ft\u0131r\u0131lmas\u0131ndan&#8230; Bug\u00fcn DTP\u2019ye oy verenlerin bir k\u0131sm\u0131, hatta hi\u00e7 az\u0131msanmayacak bir b\u00f6l\u00fcm\u00fc \u00d6calan\u2019\u0131 lider, PKK\u2019l\u0131lar\u0131 gerilla, PKK\u2019y\u0131 da ink\u00e2rc\u0131 ve ceberrut politikalara kar\u015f\u0131 direnen bir g\u00fc\u00e7 olarak g\u00f6r\u00fcyor. Silahl\u0131 m\u00fccadeleye ba\u015fvurulmasayd\u0131 bug\u00fcn h\u00e2l\u00e2 generallerin, profes\u00f6rlerin, k\u00f6\u015fe yazarlar\u0131n\u0131n, sendikac\u0131lar\u0131n \u2018K\u00fcrt ve K\u00fcrt\u00e7e yoktur\u2019 iddias\u0131n\u0131 s\u00fcrd\u00fcrece\u011fine inan\u0131yor. Bunun y\u00fczde y\u00fcz yanl\u0131\u015f bir inan\u00e7 oldu\u011funu kim iddia edebilir? T\u00fcrkiyeli K\u00fcrtlerin, \u2018da\u011f T\u00fcrkleri\u2019 stat\u00fcs\u00fcnden T\u00fcrkiye halklar\u0131n\u0131n i\u00e7inde bir halk konumuna gelebilmesi, devletin, d\u00fczen partilerinin, y\u00fcksek yarg\u0131n\u0131n, Y\u00d6K ve \u00fcniversitelerin, medyan\u0131n \u00e7abalar\u0131yla m\u0131 oldu? Y\u0131llard\u0131r yapt\u0131\u011f\u0131 gibi Y\u00d6K h\u00e2l\u00e2 y\u0131lda \u00fc\u00e7 veya d\u00f6rt kez \u00fcniversitelerden \u2018b\u00f6l\u00fcc\u00fc faaliyetlere kar\u015f\u0131 y\u00fcr\u00fct\u00fclen faaliyetler\u2019 raporu sormaya devam ediyor.<\/p>\n<p style=\"text-align: justify;\">PKK\u2019n\u0131n ter\u00f6r y\u00f6ntemlerini de kullanan, \u015fiddet politikalar\u0131n\u0131 me\u015fru bulan, silahl\u0131 m\u00fccadeleyi y\u00fccelten yasad\u0131\u015f\u0131 bir \u00f6rg\u00fct olmas\u0131, PKK\u2019n\u0131n DTP taban\u0131n\u0131 etkileme kapasitesini ink\u00e2r etmeyi gerektirmez. Hatta tersine bu etkileme g\u00fcc\u00fcn\u00fcn nedenlerini anlamaya \u00e7al\u0131\u015fmay\u0131 emreder. Halbuki bug\u00fcn ilgin\u00e7 bir zamanlamayla d\u00fc\u011fmesine bas\u0131lan DTP i\u00e7indeki PKK\u2019l\u0131 av\u0131 operasyonu, b\u00f6yle bir anlama amac\u0131n\u0131n bile olmad\u0131\u011f\u0131n\u0131 g\u00f6steriyor. Se\u00e7imlerden siyasal ve toplumsal me\u015fruiyeti \u00e7ok daha g\u00fc\u00e7lenerek \u00e7\u0131kan DTP hakk\u0131nda, yakla\u015f\u0131k iki y\u0131l \u00f6nce Anayasa Mahkemesi\u2019nde a\u00e7\u0131lan kapatma davas\u0131n\u0131n gerek\u00e7eli karar\u0131na sanki bu operasyonla uygun zemin haz\u0131rlanmak isteniyor.<\/p>\n<p style=\"text-align: justify;\">Kimse a\u011fz\u0131na alm\u0131yor ama DTP hakk\u0131nda art\u0131k son a\u015famaya gelmi\u015f olmas\u0131 gereken bir kapatma davas\u0131 var. DTP i\u00e7inde PKK ba\u011flant\u0131s\u0131 iddias\u0131n\u0131n mahkemenin bu karar\u0131n\u0131 etkileyip etkilemeyece\u011fini bilemeyiz. Ama e\u011fer mahkeme kapatma y\u00f6n\u00fcnde bir karar alacaksa, se\u00e7im sonu\u00e7lar\u0131n\u0131n etkisini azaltan, hatta s\u0131f\u0131rlayan bir toplumsal ve siyasal me\u015fruiyet zemine ihtiya\u00e7 duyuldu\u011funu tahmin edebiliriz. Bu tutuklama operasyonu tam da bu imkan\u0131 vermiyor mu? Bir kez daha, s\u00fcren bir davada konjonkt\u00fcrel geli\u015fmelere ba\u011fl\u0131 olarak bir \u2018balans ayar\u0131\u2019 m\u0131 yap\u0131ld\u0131 sorusu bo\u011fucu a\u011f\u0131rl\u0131\u011f\u0131yla ortada duruyor.<\/p>\n<p style=\"text-align: justify;\">Diyarbak\u0131r Ticaret Odas\u0131 Ba\u015fkan\u0131, durumu bir c\u00fcmlede \u00f6zetliyor: \u2018PKK\u2019n\u0131n siyasalla\u015fmas\u0131ndan de\u011fil, DTP\u2019nin silahlanmas\u0131ndan korkun\u2019. B\u00f6yle diyor ama bug\u00fcn gene K\u00fcrt sorununda \u00e7\u00f6z\u00fcms\u00fczl\u00fc\u011f\u00fc, \u00e7at\u0131\u015fmay\u0131, bast\u0131rma ve ink\u00e2r politikalar\u0131n\u0131 \u2018ter\u00f6rle m\u00fccadele\u2019 gerek\u00e7esi alt\u0131nda empoze etmeye \u00e7al\u0131\u015fan bir el, bu oyunu yeniden kurmaya \u00e7al\u0131\u015f\u0131yor. K\u00fcrt sorununu S\u00fcnni M\u00fcsl\u00fcman kimli\u011fi \u00fczerinden ve milliyet\u00e7i T\u00fcrklerin arzulad\u0131\u011f\u0131 \u015fekilde \u00e7\u00f6zmenin m\u00fcmk\u00fcn olmad\u0131\u011f\u0131n\u0131 g\u00f6renler, sanki geleneksel ink\u00e2r ve bask\u0131 politikas\u0131na d\u00f6n\u00fc\u015f yolunu haz\u0131rl\u0131yorlar.<\/p>\n<p style=\"text-align: justify;\">DTP\u2019nin kapat\u0131lmas\u0131 i\u00e7in u\u011fra\u015fanlar; parlamentoya girdi\u011fi g\u00fcnden beri, PKK\u2019y\u0131 lanetleyen bir tav\u0131r almas\u0131 i\u00e7in DTP\u2019yi zorlayanlar, PKK\u2019n\u0131n silahl\u0131 m\u00fccadeleye devam etmesinin gizli destek\u00e7ileri ve z\u0131mni m\u00fcttefikleridir. T\u00fcrkiye\u2019de K\u00fcrt sorunu, DTP\u2019nin ve yasal siyasal alanda kimlik tan\u0131nmas\u0131 m\u00fccadelesi veren di\u011fer T\u00fcrkiyeli K\u00fcrtlerin evrilmesinden \u00f6nce, T\u00fcrkiye\u2019de kendini g\u00fc\u00e7l\u00fc ve egemen olarak g\u00f6renlerin zihniyet d\u00fcnyas\u0131nda, K\u00fcrtlerin e\u015fitlik talebi kabul g\u00f6rd\u00fc\u011f\u00fc g\u00fcn \u00e7\u00f6z\u00fclmeye ba\u015flayacakt\u0131r.<\/p>\n<p style=\"text-align: justify;\"><span style=\"color: #888888;\">Kaynak : Radikal<\/span><\/p>\n","protected":false},"excerpt":{"rendered":"<p style=\"text-align: center;\">\n<p> DTP\u2019li vekiller, DTP\u2019ye y\u00f6nelik operasyonu protesto i\u00e7in Meclis grubunda bir g\u00fcnl\u00fck eylem yapt\u0131. <\/p>\n<p style=\"text-align: justify;\">Bug\u00fcne kadar, T\u00fcrkiyeli K\u00fcrt kimli\u011fi merkezli siyaset yapanlar\u0131 dize getirerek, bast\u0131rarak, susturarak, gerekirse ya \u00f6ld\u00fcr\u00fcp ya da hapsederek veya s\u00fcrerek, K\u00fcrtlerin ehveni\u015fere sar\u0131lmalar\u0131n\u0131 sa\u011flamak siyaseti g\u00fcd\u00fcld\u00fc.<\/p>\n<p style=\"text-align: justify;\">DTP 2009 yerel se\u00e7imlerinde b\u00fcy\u00fck bir ba\u015far\u0131 elde etti. <\/p>\n","protected":false},"author":1,"featured_media":0,"comment_status":"open","ping_status":"closed","sticky":false,"template":"","format":"standard","meta":{"footnotes":""},"categories":[105],"tags":[],"class_list":["post-8737","post","type-post","status-publish","format-standard","hentry","category-gundem","odd"],"_links":{"self":[{"href":"http:\/\/www.korhanyilmaz.com\/index.php?rest_route=\/wp\/v2\/posts\/8737","targetHints":{"allow":["GET"]}}],"collection":[{"href":"http:\/\/www.korhanyilmaz.com\/index.php?rest_route=\/wp\/v2\/posts"}],"about":[{"href":"http:\/\/www.korhanyilmaz.com\/index.php?rest_route=\/wp\/v2\/types\/post"}],"author":[{"embeddable":true,"href":"http:\/\/www.korhanyilmaz.com\/index.php?rest_route=\/wp\/v2\/users\/1"}],"replies":[{"embeddable":true,"href":"http:\/\/www.korhanyilmaz.com\/index.php?rest_route=%2Fwp%2Fv2%2Fcomments&post=8737"}],"version-history":[{"count":0,"href":"http:\/\/www.korhanyilmaz.com\/index.php?rest_route=\/wp\/v2\/posts\/8737\/revisions"}],"wp:attachment":[{"href":"http:\/\/www.korhanyilmaz.com\/index.php?rest_route=%2Fwp%2Fv2%2Fmedia&parent=8737"}],"wp:term":[{"taxonomy":"category","embeddable":true,"href":"http:\/\/www.korhanyilmaz.com\/index.php?rest_route=%2Fwp%2Fv2%2Fcategories&post=8737"},{"taxonomy":"post_tag","embeddable":true,"href":"http:\/\/www.korhanyilmaz.com\/index.php?rest_route=%2Fwp%2Fv2%2Ftags&post=8737"}],"curies":[{"name":"wp","href":"https:\/\/api.w.org\/{rel}","templated":true}]}}