{"id":8728,"date":"2009-04-30T16:50:34","date_gmt":"2009-04-30T13:50:34","guid":{"rendered":"http:\/\/www.korhanyilmaz.com\/?p=8728"},"modified":"2009-04-30T16:50:34","modified_gmt":"2009-04-30T13:50:34","slug":"cift-haneli-eksi-buyumeye-hazir-olalim","status":"publish","type":"post","link":"http:\/\/www.korhanyilmaz.com\/?p=8728","title":{"rendered":"\u00c7ift haneli eksi b\u00fcy\u00fcmeye haz\u0131r olal\u0131m"},"content":{"rendered":"<p style=\"text-align: center;\"><img loading=\"lazy\" decoding=\"async\" class=\"aligncenter size-full wp-image-8729\" title=\"\u00c7ift haneli eksi b\u00fcy\u00fcmeye haz\u0131r olal\u0131m \" src=\"http:\/\/www.korhanyilmaz.com\/wp-content\/uploads\/2009\/05\/010520090339201033519-jpg.gif\" alt=\"\u00c7ift haneli eksi b\u00fcy\u00fcmeye haz\u0131r olal\u0131m \" width=\"329\" height=\"210\" \/><\/p>\n<p style=\"text-align: justify;\"><strong>Merkez Bankas\u0131 Ba\u015fkan\u0131 Y\u0131lmaz \u00f6nemli mesajlar verdi. <\/strong><\/p>\n<p style=\"text-align: justify;\">Merkez Bankas\u0131 Ba\u015fkan\u0131, ikinci enflasyon raporunu a\u00e7\u0131klad\u0131\u011f\u0131 toplant\u0131da \u00f6nemli mesajlar verdi. Toplamda 700 baz puan\u0131 bulan faiz indirimlerini daha yava\u015f tempoda yapmalar\u0131 halinde bunun b\u00fcy\u00fcmeye eksi 2.4\u2019l\u00fck katk\u0131s\u0131 olaca\u011f\u0131n\u0131 s\u00f6yleyen Y\u0131lmaz, T\u00fcrkiye\u2019nin ilk \u00e7eyrekte \u00e7ift haneli eksi b\u00fcy\u00fcyece\u011fini, son \u00e7eyrekte ise pozitif bir b\u00fcy\u00fcme beklendi\u011fini belirtti.<!--more--><\/p>\n<p style=\"text-align: justify;\">ANKARA &#8211; Merkez Bankas\u0131 Ba\u015fkan\u0131 Durmu\u015f Y\u0131lmaz, y\u0131l\u0131n ikinci Enflasyon Raporu\u2019nu a\u00e7\u0131klad\u0131\u011f\u0131 toplant\u0131da, ekonomik krizde toparlanman\u0131n, 2009 y\u0131l\u0131 \u00fc\u00e7\u00fcnc\u00fc \u00e7eyre\u011finde ba\u015flayaca\u011f\u0131 y\u00f6n\u00fcndeki tahminlerinden vazge\u00e7tiklerini, son geli\u015fmeler \u0131\u015f\u0131\u011f\u0131nda toparlanman\u0131n, 2010 y\u0131l\u0131n\u0131n ortalar\u0131nda ba\u015flayabilece\u011fini \u00f6ng\u00f6rd\u00fcklerini s\u00f6yledi. Merkez Bankas\u0131 taraf\u0131ndan haz\u0131rlanan \u201cEnflasyon Raporu\u201dnu d\u00fcn bas\u0131n toplant\u0131s\u0131yla a\u00e7\u0131klayan Y\u0131lmaz, ayr\u0131ca 2009 y\u0131l\u0131n\u0131n ilk \u00e7eyre\u011finde T\u00fcrkiye\u2019nin \u201c\u00e7ift haneli eksi b\u00fcy\u00fcme\u201d g\u00f6rece\u011fine i\u015faret etti.<\/p>\n<p style=\"text-align: justify;\">Ba\u015fkan Y\u0131lmaz, \u201cGSY\u0130H geli\u015fmelerine ili\u015fkin olarak, yak\u0131n d\u00f6nemde a\u00e7\u0131klanan veriler, iktisadi faaliyetin Ocak ay\u0131 Enflasyon Raporu\u2019nda sunmu\u015f oldu\u011fumuz varsay\u0131mlara k\u0131yasla daha sert bir yava\u015flama sergileyece\u011fine ve y\u0131l\u0131n ilk \u00e7eyre\u011finde ekonomideki daralman\u0131n \u00e7ift haneli rakamlara ula\u015faca\u011f\u0131na i\u015faret etmi\u015ftir\u201d dedi.<\/p>\n<p style=\"text-align: justify;\">Durmu\u015f Y\u0131lmaz, \u201cY\u0131l\u0131n ilk \u00e7eyre\u011finde \u00e7ift haneli ekonomik daralma g\u00f6rebiliriz. Ancak bu demek de\u011fildir ki 2009 y\u0131l\u0131n\u0131n tamam\u0131nda b\u00f6yle bir durum olacak. 2009 y\u0131l\u0131n\u0131n son \u00e7eyre\u011finde pozitif bir b\u00fcy\u00fcme olacak. Dolay\u0131s\u0131yla 2009 y\u0131l\u0131n\u0131n tamam\u0131nda ekonomik b\u00fcy\u00fcme (daralma) \u015fu anda birinci \u00e7eyrekte s\u00f6z\u00fcn\u00fc etti\u011fimizden \u00e7ok daha alt\u0131nda ger\u00e7ekle\u015fecek\u201d diye konu\u015ftu.<\/p>\n<p style=\"text-align: justify;\"><strong>Daralma derin olur <\/strong><\/p>\n<p style=\"text-align: justify;\">2009 y\u0131l\u0131n\u0131n ilk \u00e7eyre\u011finde k\u00fcresel ekonomideki yava\u015flaman\u0131n ve bunun yurt i\u00e7i iktisadi faaliyete yans\u0131malar\u0131n\u0131n \u00f6ng\u00f6r\u00fclenin de \u00f6tesine ge\u00e7ti\u011fini belirten Y\u0131lmaz, toplam talepteki daralman\u0131n daha sert ya\u015fanaca\u011f\u0131n\u0131 ifade etti.<\/p>\n<p style=\"text-align: justify;\">Uluslararas\u0131 kredi piyasalar\u0131ndaki sorunlar\u0131n devam etti\u011fini ve k\u00fcresel ekonomiye ili\u015fkin g\u00f6stergelerde hen\u00fcz somut bir iyile\u015fme g\u00f6zlenmedi\u011fini vurgulayan Y\u0131lmaz, \u015f\u00f6yle devam etti:<\/p>\n<p style=\"text-align: justify;\">\u201cSon 3 ay i\u00e7inde k\u00fcresel iktisadi faaliyete ili\u015fkin g\u00fcncellenen tahminler, Ocak Enflasyon Raporu\u2019ndaki varsay\u0131mlar\u0131m\u0131za k\u0131yasla 2009 y\u0131l\u0131 i\u00e7in daha derin bir daralmaya, 2010 y\u0131l\u0131 i\u00e7in ise daha kademeli ve yava\u015f bir toparlanmaya i\u015faret etmektedir. Bu \u00e7er\u00e7evede a\u00e7\u0131klad\u0131\u011f\u0131m\u0131z Nisan 2009 Enflasyon Raporu\u2019nda, 2009 y\u0131l\u0131nda k\u00fcresel ekonomideki daralman\u0131n bir \u00f6nceki rapor d\u00f6nemine k\u0131yasla daha derin olaca\u011f\u0131 ve toparlanman\u0131n 2010 y\u0131l\u0131n\u0131n ortalar\u0131na do\u011fru ger\u00e7ekle\u015fece\u011fi bir \u00e7er\u00e7eve esas al\u0131nm\u0131\u015ft\u0131r.\u201d<\/p>\n<p style=\"text-align: justify;\"><strong>\u2018Erken yap\u0131lmas\u0131 gereken biraz ge\u00e7 yap\u0131lm\u0131\u015f olabilir\u2019 <\/strong><\/p>\n<p style=\"text-align: justify;\">Sanayi ve Ticaret Bakan\u0131 Zafer \u00c7a\u011flayan d\u00fcn Ankara Sanayi Odas\u0131\u2019n\u0131n toplant\u0131s\u0131na kat\u0131ld\u0131 ve \u201cH\u00fck\u00fcmet krizi okumakta g\u00f6rmekte \u00f6nlem almakta ge\u00e7 kald\u0131\u201d ele\u015ftirilerini yan\u0131tlad\u0131. \u00c7a\u011flayan, \u201cH\u00fck\u00fcmet krizi yok sayd\u0131, ge\u00e7 g\u00f6rd\u00fc\u201d \u015feklindeki ele\u015ftirileri haks\u0131z buldu\u011funu belirtirken, \u201cEvet belki zamanlama konusunda gecikmeler olmu\u015f olabilir. Belki biraz daha erken yap\u0131lmas\u0131 gereken biraz daha ge\u00e7 yap\u0131lm\u0131\u015f olabilir, ancak bunun Hazinesi, Maliyesi, b\u00fct\u00e7e gibi bir\u00e7ok boyutunun oldu\u011funu dikkate almam\u0131z gerekiyor\u201d dedi.<\/p>\n<p style=\"text-align: justify;\"><strong>\u2018Gelir \u0130daresi\u2019nde mutabakat\u2019 mesaj\u0131 Borsa\u2019ya doping oldu <\/strong><\/p>\n<p style=\"text-align: justify;\">Merkez Bankas\u0131 Ba\u015fkan\u0131 Durmu\u015f Y\u0131lmaz, IMF ile Gelir \u0130daresi Reformu\u2019yla ilgili talep konusunda herhangi bir sorunun olmad\u0131\u011f\u0131n\u0131 kaydederek, o konuda bir mutabakat bulundu\u011funu s\u00f6yledi. Y\u0131lmaz, Enflasyon Raporu\u2019nun a\u00e7\u0131kland\u0131\u011f\u0131 toplant\u0131n\u0131n ard\u0131ndan gazetecilerin sorular\u0131n\u0131 yan\u0131tlad\u0131.<\/p>\n<p style=\"text-align: justify;\">IMF ile anla\u015fmaya ili\u015fkin sorular \u00fczerine Y\u0131lmaz, IMF-D\u00fcnya Bankas\u0131 \u0130lkbahar Toplant\u0131lar\u0131\u2019ndan hen\u00fcz d\u00fcn d\u00f6nd\u00fcklerini hat\u0131rlatarak, ilgililerle konunun g\u00f6r\u00fc\u015f\u00fcld\u00fc\u011f\u00fcn\u00fc ve Gelir \u0130daresi Reformu ile ilgili talep konusunda herhangi bir sorunun olmad\u0131\u011f\u0131n\u0131, o konuda bir mutabakat bulundu\u011funu kaydetti.<\/p>\n<p style=\"text-align: justify;\">Vergilendirmenin \u00e7apraz denetimi ile ilgili \u00f6nemli farkl\u0131l\u0131klar\u0131n giderildi\u011fini ve \u00f6nemli \u00f6l\u00e7\u00fcde mutabakat sa\u011fland\u0131\u011f\u0131n\u0131 da belirten Y\u0131lmaz, 2009-2010 y\u0131l\u0131 mali \u00f6nlemlerinin b\u00fcy\u00fckl\u00fc\u011f\u00fc ve i\u00e7eri\u011fi ile ilgili olarak T\u00fcrk taraf\u0131n\u0131n IMF\u2019ye bir g\u00f6r\u00fc\u015f bildirdi\u011fini s\u00f6zlerine ekledi.<\/p>\n<p style=\"text-align: justify;\">Y\u0131lmaz\u2019\u0131n bu de\u011ferlendirmesi IMF ile g\u00f6r\u00fc\u015fmelerde en b\u00fcy\u00fck t\u0131kanma noktalar\u0131ndan birinin a\u015f\u0131ld\u0131\u011f\u0131 \u015feklinde alg\u0131lan\u0131nca, Borsa\u2019da d\u00fcn y\u00fckseli\u015f h\u0131zland\u0131. Endeks g\u00fcn\u00fc y\u00fczde 3\u2019e yak\u0131n art\u0131\u015fla 31 bin 651 puandan kapad\u0131.<\/p>\n<p style=\"text-align: justify;\"><span style=\"color: #888888;\">Kaynak : Vatan<\/span><\/p>\n","protected":false},"excerpt":{"rendered":"<p style=\"text-align: center;\">\n<p style=\"text-align: justify;\">Merkez Bankas\u0131 Ba\u015fkan\u0131 Y\u0131lmaz \u00f6nemli mesajlar verdi. <\/p>\n<p style=\"text-align: justify;\">Merkez Bankas\u0131 Ba\u015fkan\u0131, ikinci enflasyon raporunu a\u00e7\u0131klad\u0131\u011f\u0131 toplant\u0131da \u00f6nemli mesajlar verdi. Toplamda 700 baz puan\u0131 bulan faiz indirimlerini daha yava\u015f tempoda yapmalar\u0131 halinde bunun b\u00fcy\u00fcmeye eksi 2.4\u2019l\u00fck katk\u0131s\u0131 olaca\u011f\u0131n\u0131 s\u00f6yleyen Y\u0131lmaz, T\u00fcrkiye\u2019nin ilk \u00e7eyrekte \u00e7ift haneli eksi b\u00fcy\u00fcyece\u011fini, son \u00e7eyrekte <\/p>\n","protected":false},"author":1,"featured_media":0,"comment_status":"open","ping_status":"closed","sticky":false,"template":"","format":"standard","meta":{"footnotes":""},"categories":[105],"tags":[],"class_list":["post-8728","post","type-post","status-publish","format-standard","hentry","category-gundem","odd"],"_links":{"self":[{"href":"http:\/\/www.korhanyilmaz.com\/index.php?rest_route=\/wp\/v2\/posts\/8728","targetHints":{"allow":["GET"]}}],"collection":[{"href":"http:\/\/www.korhanyilmaz.com\/index.php?rest_route=\/wp\/v2\/posts"}],"about":[{"href":"http:\/\/www.korhanyilmaz.com\/index.php?rest_route=\/wp\/v2\/types\/post"}],"author":[{"embeddable":true,"href":"http:\/\/www.korhanyilmaz.com\/index.php?rest_route=\/wp\/v2\/users\/1"}],"replies":[{"embeddable":true,"href":"http:\/\/www.korhanyilmaz.com\/index.php?rest_route=%2Fwp%2Fv2%2Fcomments&post=8728"}],"version-history":[{"count":0,"href":"http:\/\/www.korhanyilmaz.com\/index.php?rest_route=\/wp\/v2\/posts\/8728\/revisions"}],"wp:attachment":[{"href":"http:\/\/www.korhanyilmaz.com\/index.php?rest_route=%2Fwp%2Fv2%2Fmedia&parent=8728"}],"wp:term":[{"taxonomy":"category","embeddable":true,"href":"http:\/\/www.korhanyilmaz.com\/index.php?rest_route=%2Fwp%2Fv2%2Fcategories&post=8728"},{"taxonomy":"post_tag","embeddable":true,"href":"http:\/\/www.korhanyilmaz.com\/index.php?rest_route=%2Fwp%2Fv2%2Ftags&post=8728"}],"curies":[{"name":"wp","href":"https:\/\/api.w.org\/{rel}","templated":true}]}}