{"id":8720,"date":"2009-05-01T09:40:11","date_gmt":"2009-05-01T07:40:11","guid":{"rendered":"http:\/\/www.korhanyilmaz.com\/?p=8720"},"modified":"2009-05-01T09:40:11","modified_gmt":"2009-05-01T07:40:11","slug":"akpnin-bassavci-plani","status":"publish","type":"post","link":"http:\/\/www.korhanyilmaz.com\/?p=8720","title":{"rendered":"AKP&#039;nin Ba\u015fsavc\u0131 plan\u0131!"},"content":{"rendered":"<p style=\"text-align: justify;\"><strong><\/strong><\/p>\n<p style=\"text-align: justify;\"><strong><\/strong><\/p>\n<p style=\"text-align: justify;\"><strong><\/strong><\/p>\n<p style=\"text-align: justify;\"><strong><\/strong><\/p>\n<p style=\"text-align: justify;\"><strong><\/strong><\/p>\n<p style=\"text-align: justify;\"><strong><\/strong><\/p>\n<p style=\"text-align: justify;\"><strong><\/strong><\/p>\n<p style=\"text-align: justify;\"><strong><\/strong><\/p>\n<p style=\"text-align: justify;\"><strong><\/strong><\/p>\n<p style=\"text-align: justify;\"><strong><\/strong><\/p>\n<p style=\"text-align: justify;\"><strong><\/strong><\/p>\n<p style=\"text-align: justify;\"><strong><\/strong><\/p>\n<p style=\"text-align: center;\"><strong><span style=\"font-family: Arial;\"> <img loading=\"lazy\" decoding=\"async\" class=\"aligncenter size-full wp-image-8725\" src=\"http:\/\/www.korhanyilmaz.com\/wp-content\/uploads\/2009\/05\/0105200909404540856261.jpg\" alt=\"\" width=\"329\" height=\"210\" \/><\/span><\/strong><\/p>\n<p style=\"text-align: justify;\"><strong><span style=\"font-family: Arial;\">AKP, siyasi partileri kapatma davas\u0131nda savc\u0131y\u0131 devre d\u0131\u015f\u0131 b\u0131rakmak istiyor<\/span><\/strong><\/p>\n<p style=\"text-align: justify;\">Anayasa paketi \u00fczerindeki \u00e7al\u0131\u015fmalar\u0131nda sona yakla\u015fan AKP, siyasi partilerin kapat\u0131lmas\u0131nda getirilecek kriterleri netle\u015ftirmeye \u00e7al\u0131\u015f\u0131yor. Yarg\u0131tay Cumhuriyet Ba\u015fsavc\u0131s\u0131n\u0131n kapatma davas\u0131 a\u00e7mas\u0131n\u0131n zorla\u015ft\u0131r\u0131lmas\u0131 hedeflenirken, kapatma davas\u0131 a\u00e7mak i\u00e7in TBMM\u2019den ya da Yarg\u0131tay\u2019da olu\u015fturulacak bir kuruldan izin al\u0131nmas\u0131 form\u00fcl\u00fc \u00fczerinde duruluyor. AKP y\u00f6netiminde, iznin TBMM taraf\u0131ndan verilmesi g\u00f6r\u00fc\u015f\u00fc a\u011f\u0131rl\u0131k kazand\u0131.<\/p>\n<p style=\"text-align: justify;\">Anayasa paketini b\u00fcy\u00fck oranda tamamlayan AKP, siyasi partilerin kapat\u0131lmas\u0131 ve Anayasa Mahkemesi\u2019nin yap\u0131s\u0131yla ilgili getirilecek kriterleri netle\u015ftirmeye \u00e7al\u0131\u015f\u0131yor. <!--more--><\/p>\n<p style=\"text-align: justify;\">Siyasi partiler hakk\u0131nda ancak \u201cter\u00f6r ve \u015fiddete\u201d kar\u0131\u015fma halinde kapatma davas\u0131 a\u00e7\u0131labilmesini \u00f6ng\u00f6ren AKP y\u00f6netimi, kapatma davas\u0131n\u0131n a\u00e7\u0131lmas\u0131n\u0131 da zorla\u015ft\u0131rmak istiyor.<\/p>\n<p style=\"text-align: justify;\">Bunun i\u00e7in Yarg\u0131tay Cumhuriyet Ba\u015fsavc\u0131s\u0131\u2019n\u0131n do\u011frudan kapatma davas\u0131 a\u00e7ma yetkisinin kald\u0131r\u0131lmas\u0131, davan\u0131n ancak TBMM ya da Yarg\u0131tay\u2019da olu\u015fturulacak bir kurulun izin vermesi ko\u015fuluyla a\u00e7\u0131labilmesi form\u00fcl\u00fc \u00fczerinde duruluyor.<\/p>\n<p style=\"text-align: justify;\">\u0130znin TBMM taraf\u0131ndan verilmesi g\u00f6r\u00fc\u015f\u00fc a\u011f\u0131rl\u0131k kazan\u0131rken Anayasa Mahkemesi\u2019nin de, kapatma kararlar\u0131n\u0131 ancak \u00fc\u00e7te iki ya da d\u00f6rtte \u00fc\u00e7 \u00e7o\u011funlukla alabilmesi h\u00fckm\u00fcn\u00fcn getirilmesi planlan\u0131yor.<\/p>\n<p style=\"text-align: justify;\">Anayasa paketinde hangi d\u00fczenlemelerin yer alaca\u011f\u0131n\u0131 b\u00fcy\u00fck oranda kesinle\u015ftiren AKP, de\u011fi\u015fikliklerin i\u00e7eri\u011fini netle\u015ftirmeye \u00e7al\u0131\u015f\u0131yor.<\/p>\n<p style=\"text-align: justify;\">Metin yaz\u0131m\u0131 a\u015famas\u0131na gelinirken, hafta sonunda tasla\u011f\u0131n Ba\u015fbakan Tayyip Erdo\u011fan\u2019a sunulmas\u0131, hafta ba\u015f\u0131nda yap\u0131lacak MYK toplant\u0131s\u0131nda ise tasla\u011fa son \u015feklinin verilmesi bekleniyor. Siyasi partilerin kapat\u0131lmas\u0131n\u0131n Venedik kriterlerine ba\u011flanmas\u0131 ve Anayasa Mahkemesi\u2019nin yap\u0131s\u0131n\u0131n de\u011fi\u015ftirilmesiyle ilgili d\u00fczenlemelerin pakette yer almas\u0131na karar veren AKP y\u00f6netimi, iki konuda hangi kriterlerin getirilece\u011fini tart\u0131\u015f\u0131yor. Bu konuda g\u00fcndeme getirilen form\u00fcller \u015f\u00f6yle:<\/p>\n<p style=\"text-align: justify;\">Siyasi partilerin kapat\u0131lmas\u0131: Avrupa Birli\u011fi Venedik Komisyonu\u2019nun siyasi partilerin kapat\u0131lmas\u0131na ili\u015fkin kriterlerin anayasaya ta\u015f\u0131nmas\u0131 tart\u0131\u015f\u0131l\u0131yor. Bu kapsamda siyasi partiler hakk\u0131nda ancak \u201c\u015fiddet ve ter\u00f6re\u201d kar\u0131\u015fmas\u0131 ve ter\u00f6r olaylar\u0131n\u0131 do\u011frudan desteklemesi ile yurtd\u0131\u015f\u0131ndan para yard\u0131m\u0131 almas\u0131 durumunda kapatma davas\u0131 a\u00e7\u0131labilmesi form\u00fcl\u00fc \u00fczerinde duruluyor. Anayasan\u0131n 68. maddesinde de\u011fi\u015fiklik yap\u0131larak, siyasi partilerin t\u00fcz\u00fck ve programlar\u0131n\u0131n anayasan\u0131n temel ilkelerine ayk\u0131r\u0131 olamayaca\u011f\u0131na ili\u015fkin h\u00fck\u00fcm nedeniyle kapatma davas\u0131 a\u00e7\u0131lamamas\u0131, ancak bunlar\u0131n eyleme d\u00f6n\u00fc\u015fmesi durumunda yapt\u0131r\u0131m uygulanmas\u0131 tart\u0131\u015f\u0131l\u0131yor. Anayasada yap\u0131lacak de\u011fi\u015fiklikle Hazine yard\u0131m\u0131 alamayan partilere, se\u00e7ime girememe cezas\u0131 verilmesi de tart\u0131\u015f\u0131l\u0131yor. Bu yolla DTP\u2019nin se\u00e7imlere girmesinin \u00f6n\u00fcne ge\u00e7ilebilece\u011fine dikkat \u00e7ekiliyor.<\/p>\n<p style=\"text-align: justify;\"><strong>Savc\u0131n\u0131n dava a\u00e7ma yetkisi:<\/strong> Kapatma davas\u0131 a\u00e7\u0131lmas\u0131 a\u011f\u0131r ko\u015fullara ba\u011flan\u0131rken Yarg\u0131tay Cumhuriyet Ba\u015fsavc\u0131s\u0131\u2019n\u0131n do\u011frudan dava a\u00e7mas\u0131 yetkisinin de s\u0131n\u0131rland\u0131r\u0131lmas\u0131 tart\u0131\u015f\u0131l\u0131yor. Bunun i\u00e7in savc\u0131n\u0131n dava a\u00e7abilmesi i\u00e7in TBMM Genel Kurulu\u2019ndan ya da Yarg\u0131tay\u2019da olu\u015fturulacak bir kuruldan izin almas\u0131 form\u00fcl\u00fc \u00fczerinde duruluyor. AKP y\u00f6netiminde, iznin TBMM taraf\u0131ndan verilmesi g\u00f6r\u00fc\u015f\u00fc a\u011f\u0131rl\u0131k kazan\u0131rken, karar\u0131n hangi oy \u00e7o\u011funlu\u011fuyla al\u0131naca\u011f\u0131 tart\u0131\u015f\u0131l\u0131yor. Bunun i\u00e7in milletvekillerinin ancak \u00fc\u00e7te iki ya da d\u00f6rtte \u00fc\u00e7 \u00e7o\u011funlukla kapatma davas\u0131 a\u00e7\u0131lmas\u0131na izin verebilece\u011fi g\u00f6r\u00fc\u015f\u00fc dile getiriliyor.<\/p>\n<p style=\"text-align: justify;\"><strong>Kapatmaya oran artt\u0131r\u0131m\u0131:<\/strong> AKP y\u00f6netimi, Anayasa Mahkemesi\u2019nin partiler hakk\u0131nda kapatma karar\u0131 verebilmesini de zorla\u015ft\u0131rmak istiyor. Bunun i\u00e7in mahkemenin ancak \u00fc\u00e7te iki ya da d\u00f6rtte \u00fc\u00e7 \u00e7o\u011funlukla kapatma karar\u0131 alabilmesi form\u00fcl\u00fc \u00fczerinde duruluyor. Bu oran\u0131n mahkemenin \u00fcye say\u0131s\u0131n\u0131n ka\u00e7a \u00e7\u0131kar\u0131laca\u011f\u0131na g\u00f6re belirlenece\u011fi belirtiliyor.<\/p>\n<p style=\"text-align: justify;\"><strong>Mahkeme \u00fcyelerine y\u0131l s\u0131n\u0131r\u0131: <\/strong>Anayasa Mahkemesi\u2019nin \u00fcye say\u0131s\u0131n\u0131 artt\u0131rmak isteyen AKP y\u00f6netimi, say\u0131y\u0131 17\u2019ye \u00e7\u0131karmay\u0131, \u00fcyelerin 8\u2019inin TBMM Genel Kurulu taraf\u0131ndan se\u00e7ilmesine ili\u015fkin d\u00fczenleme getirmeyi hedefliyor. Ancak \u00fcye say\u0131s\u0131n\u0131n 19 ya da 21 olmas\u0131 da tart\u0131\u015f\u0131l\u0131yor. Yeni yap\u0131yla birlikte emekli oluncaya kadar \u00fcyelerin g\u00f6revlerini s\u00fcrd\u00fcrmesi yerine \u00fcyelik s\u00fcresinin 9 ya da 10 y\u0131lla s\u0131n\u0131rland\u0131r\u0131lmas\u0131 se\u00e7ene\u011fi \u00fczerinde duruluyor.<\/p>\n<p style=\"text-align: justify;\"><span style=\"color: #888888;\">Kaynak : Emine Kaplan &#8211; Cumhuriyet<\/span><\/p>\n<p style=\"text-align: justify;\"><span style=\"font-family: Arial,Verdana,Helvetica,sans-serif; font-size: x-small;\"> <\/span><\/p>\n","protected":false},"excerpt":{"rendered":"<p style=\"text-align: justify;\">\n<p style=\"text-align: justify;\">\n<p style=\"text-align: justify;\">\n<p style=\"text-align: justify;\">\n<p style=\"text-align: justify;\">\n<p style=\"text-align: justify;\">\n<p style=\"text-align: justify;\">\n<p style=\"text-align: justify;\">\n<p style=\"text-align: justify;\">\n<p style=\"text-align: justify;\">\n<p style=\"text-align: justify;\">\n<p style=\"text-align: justify;\">\n<p style=\"text-align: center;\">\n<p style=\"text-align: justify;\">AKP, siyasi partileri kapatma davas\u0131nda savc\u0131y\u0131 devre d\u0131\u015f\u0131 b\u0131rakmak istiyor<\/p>\n<p style=\"text-align: justify;\">Anayasa <\/p>\n","protected":false},"author":1,"featured_media":0,"comment_status":"open","ping_status":"closed","sticky":false,"template":"","format":"standard","meta":{"footnotes":""},"categories":[105],"tags":[],"class_list":["post-8720","post","type-post","status-publish","format-standard","hentry","category-gundem","odd"],"_links":{"self":[{"href":"http:\/\/www.korhanyilmaz.com\/index.php?rest_route=\/wp\/v2\/posts\/8720","targetHints":{"allow":["GET"]}}],"collection":[{"href":"http:\/\/www.korhanyilmaz.com\/index.php?rest_route=\/wp\/v2\/posts"}],"about":[{"href":"http:\/\/www.korhanyilmaz.com\/index.php?rest_route=\/wp\/v2\/types\/post"}],"author":[{"embeddable":true,"href":"http:\/\/www.korhanyilmaz.com\/index.php?rest_route=\/wp\/v2\/users\/1"}],"replies":[{"embeddable":true,"href":"http:\/\/www.korhanyilmaz.com\/index.php?rest_route=%2Fwp%2Fv2%2Fcomments&post=8720"}],"version-history":[{"count":0,"href":"http:\/\/www.korhanyilmaz.com\/index.php?rest_route=\/wp\/v2\/posts\/8720\/revisions"}],"wp:attachment":[{"href":"http:\/\/www.korhanyilmaz.com\/index.php?rest_route=%2Fwp%2Fv2%2Fmedia&parent=8720"}],"wp:term":[{"taxonomy":"category","embeddable":true,"href":"http:\/\/www.korhanyilmaz.com\/index.php?rest_route=%2Fwp%2Fv2%2Fcategories&post=8720"},{"taxonomy":"post_tag","embeddable":true,"href":"http:\/\/www.korhanyilmaz.com\/index.php?rest_route=%2Fwp%2Fv2%2Ftags&post=8720"}],"curies":[{"name":"wp","href":"https:\/\/api.w.org\/{rel}","templated":true}]}}