{"id":8715,"date":"2009-05-01T09:25:12","date_gmt":"2009-05-01T06:25:12","guid":{"rendered":"http:\/\/www.korhanyilmaz.com\/?p=8715"},"modified":"2009-05-01T09:25:12","modified_gmt":"2009-05-01T06:25:12","slug":"1-mayisa-yine-polis-mudahalesi","status":"publish","type":"post","link":"http:\/\/www.korhanyilmaz.com\/?p=8715","title":{"rendered":"1 May\u0131s&#039;a yine polis m\u00fcdahalesi"},"content":{"rendered":"<p style=\"text-align: center;\"><img loading=\"lazy\" decoding=\"async\" class=\"aligncenter size-full wp-image-8716\" title=\"1 May\u0131s'a yine polis m\u00fcdahalesi\" src=\"http:\/\/www.korhanyilmaz.com\/wp-content\/uploads\/2009\/05\/fft28_mf165519.jpeg\" alt=\"1 May\u0131s'a yine polis m\u00fcdahalesi\" width=\"306\" height=\"204\" \/><\/p>\n<p style=\"text-align: justify;\"><strong>1 May\u0131s kutlamalar\u0131 gergin ba\u015flad\u0131. Polis bir\u00e7ok gruba m\u00fcdahale ediyor. T\u00fcrk &#8211; \u0130\u015e Taksim&#8217;e; D\u0130SK ve KESK ise Pangalt\u0131&#8217;ya ula\u015ft\u0131.<br \/>\n<\/strong><br \/>\n1 May\u0131s Emek ve Dayan\u0131\u015fma G\u00fcn\u00fc, bug\u00fcn ilk kez resmi tatil olarak, ba\u015fta \u0130stanbul, bir\u00e7ok yerde kutlan\u0131yor.. \u0130stanbul Valili\u011fi, 1 May\u0131s\u2019\u0131n Taksim\u2019de kutlanmas\u0131na izin vermemesine kar\u015f\u0131n D\u0130SK bu sabah Taksim\u2019e y\u00fcr\u00fcmek \u00fczere Pangalt\u0131\u2019da \u2019makul bir say\u0131da\u2019 toplanacaklar\u0131n\u0131 duyurmi\u015fti. Vali Muammer G\u00fcler, &#8220;Makul say\u0131n\u0131n \u00e7ok \u00e7ok \u00fczerinde miting bir say\u0131yla gelinirse bu kanunsuz olur&#8221; uyar\u0131s\u0131 yapt\u0131. D\u0130SK ve KESK y\u00fcr\u00fcy\u00fc\u015fe ge\u00e7erek Pangalt\u0131&#8217;ya ula\u015ft\u0131. T\u00fcrk-\u0130\u015f ise G\u00fcm\u00fc\u015fsuyu \u00fczerinden Taksim&#8217;e \u00e7\u0131kt\u0131.\n<\/p>\n<p style=\"text-align: justify;\"><strong>MAKUL SAYI <\/strong><\/p>\n<p style=\"text-align: justify;\">\u00c7elebi, 1 May\u0131s kutlamalar\u0131n\u0131n bu y\u0131l 100. y\u0131l d\u00f6n\u00fcm\u00fcn\u00fcn kutlanaca\u011f\u0131n\u0131 belirterek, &#8220;Saat 10.00\u2019da Pangalt\u0131\u2019da toplanaca\u011f\u0131z. Makul bir say\u0131da olaca\u011f\u0131z. Bu say\u0131 di\u011fer \u00f6rg\u00fctlerle k\u0131yaslanmamal\u0131. Asla gerginli\u011fin taraf\u0131 olmayaca\u011f\u0131z, en ufak \u015fiddet i\u00e7eren yakla\u015f\u0131m\u0131n i\u00e7inde olmayaca\u011f\u0131z ve \u00f6z\u00fcne uygun \u00f6zg\u00fcr ortamda Taksim\u2019de olmak istiyoruz&#8221; diye konu\u015ftu. <!--more--><\/p>\n<p style=\"text-align: justify;\">Halaskargazi Caddesi\u2019nden Taksim\u2019e y\u00fcr\u00fcmek isteyen bir gruba polis izin vermedi. Cadde \u00fczerinde slogan atarak toplanan yakla\u015f\u0131k 500 ki\u015filik bir grup, Taksim Meydan\u0131\u2019na y\u00fcr\u00fcme te\u015febb\u00fcs\u00fcnde bulundu.<br \/>\n\u00c7evik kuvvet ekipleri, gruba tazyikli su s\u0131karak m\u00fcdahale etti. Ara sokaklara ka\u00e7an gruptakiler, polise ta\u015f atarak kar\u015f\u0131l\u0131k verdi. Polis ile g\u00f6stericiler aras\u0131ndaki kovalamaca ara sokaklarda bir s\u00fcre devam etti.\u00a0 Taksim Meydan\u0131 ile \u015ei\u015fli b\u00f6lgesi, bir polis helikopteri taraf\u0131ndan havadan kontrol ediliyor.\u00a0 Bu arada, Halaskargazi Caddesi \u00fczerindeki d\u00fckkanlar\u0131n kapal\u0131 oldu\u011fu g\u00f6zlendi.<br \/>\n\u00d6te yandan, Pangaalt\u0131\u2019ndan Taksim Meydan\u0131\u2019na y\u00fcr\u00fcmek isteyen k\u00fc\u00e7\u00fck bir grup da, polisin panzerle su s\u0131kmas\u0131 \u00fczerine da\u011f\u0131ld\u0131.\n<\/p>\n<p style=\"text-align: justify;\"><strong>T\u00dcRK-\u0130\u015e, G\u00dcM\u00dc\u015eSUYU\u2019NDAN TAKS\u0130M\u2019E Y\u00dcR\u00dcMEYE BA\u015eLADI <\/strong><\/p>\n<p style=\"text-align: justify;\">T\u00fcrk-\u0130\u015f, 1 May\u0131s Emek ve Dayan\u0131\u015fma G\u00fcn\u00fc kutlamalar\u0131 \u00e7er\u00e7evesinde, G\u00fcm\u00fc\u015fsuyu\u2019ndan Taksim\u2019e do\u011fru y\u00fcr\u00fcy\u00fc\u015fe ge\u00e7ti.<br \/>\nT\u00fcrk-i\u015f\u2019in, G\u00fcm\u00fc\u015fsuyu\u2019ndaki 1. B\u00f6lge Temsilcili\u011fi \u00f6n\u00fcnde toplanan sendikal\u0131lar, k\u0131rm\u0131z\u0131 beyaz karanfiller kullan\u0131larak &#8220;1 May\u0131s T\u00fcrk-\u0130\u015f&#8221; yaz\u0131l\u0131 bir \u00e7elengin arkas\u0131nda y\u00fcr\u00fcmeye ba\u015flad\u0131.<br \/>\nGrup, &#8220;Ya\u015fas\u0131n direni\u015f, ya\u015fas\u0131n 1 May\u0131s&#8221;, &#8220;Ya\u015fas\u0131n sendika m\u00fccadelemiz&#8221;, &#8220;\u0130\u015f\u00e7iyiz, hakl\u0131y\u0131z kazanaca\u011f\u0131z&#8221;, &#8220;Direne direne kazanaca\u011f\u0131z&#8221; \u015feklinde sloganlar att\u0131.<br \/>\nY\u00fcr\u00fcy\u00fc\u015fe, T\u00fcrk-\u0130\u015f Genel Ba\u015fkan Mustafa Kumlu ve y\u00f6netim kurulu \u00fcyeleriyle konfederasyona ba\u011fl\u0131 sendikalar\u0131n genel ba\u015fkanlar\u0131, \u0130stanbul \u015fube ba\u015fkanlar\u0131, \u0130P, EMEP ve baz\u0131 partilerin temsilcileri ile CHP \u0130stanbul Milletvekili Bayram Meral de kat\u0131ld\u0131.<br \/>\nY\u00fcr\u00fcy\u00fc\u015fte, Turkuvaz Grubuna ba\u011fl\u0131 ATV ve Sabah gazetesinde greve \u00e7\u0131kan gazeteciler de \u00f6n s\u0131rada yer ald\u0131.<br \/>\nY\u00fcr\u00fcy\u00fc\u015fe kat\u0131lanlar\u0131n, ellerinde k\u0131rm\u0131z\u0131 karanfiller ta\u015f\u0131d\u0131\u011f\u0131 g\u00f6r\u00fcld\u00fc.<br \/>\nBu arada, y\u00fcr\u00fcy\u00fc\u015fe kat\u0131lmak isteyen bir grubun, Dolmabah\u00e7e\u2019den G\u00fcm\u00fc\u015fsuyu\u2019na ara\u00e7lar\u0131yla al\u0131nmamas\u0131 \u00fczerine, y\u00fcr\u00fcy\u00fc\u015f 25 dakika ge\u00e7 ba\u015flad\u0131.\n<\/p>\n<p style=\"text-align: justify;\"><strong>27 B\u0130N POL\u0130S <\/strong><\/p>\n<p style=\"text-align: justify;\">\u0130stanbul&#8217;da 1 May\u0131s&#8217;ta 27 bin polis g\u00f6rev yap\u0131yor. Di\u011fer illerden de \u0130stanbul&#8217;a polis takviyesi yap\u0131ld\u0131.<\/p>\n<p style=\"text-align: justify;\">Kaynak : Radikal<\/p>\n","protected":false},"excerpt":{"rendered":"<p style=\"text-align: center;\">\n<p style=\"text-align: justify;\">1 May\u0131s kutlamalar\u0131 gergin ba\u015flad\u0131. Polis bir\u00e7ok gruba m\u00fcdahale ediyor. T\u00fcrk &#8211; \u0130\u015e Taksim&#8217;e; D\u0130SK ve KESK ise Pangalt\u0131&#8217;ya ula\u015ft\u0131. 1 May\u0131s Emek ve Dayan\u0131\u015fma G\u00fcn\u00fc, bug\u00fcn ilk kez resmi tatil olarak, ba\u015fta \u0130stanbul, bir\u00e7ok yerde kutlan\u0131yor.. \u0130stanbul Valili\u011fi, 1 May\u0131s\u2019\u0131n Taksim\u2019de kutlanmas\u0131na izin vermemesine kar\u015f\u0131n D\u0130SK bu sabah Taksim\u2019e <\/p>\n","protected":false},"author":1,"featured_media":0,"comment_status":"open","ping_status":"closed","sticky":false,"template":"","format":"standard","meta":{"footnotes":""},"categories":[105],"tags":[],"class_list":["post-8715","post","type-post","status-publish","format-standard","hentry","category-gundem","odd"],"_links":{"self":[{"href":"http:\/\/www.korhanyilmaz.com\/index.php?rest_route=\/wp\/v2\/posts\/8715","targetHints":{"allow":["GET"]}}],"collection":[{"href":"http:\/\/www.korhanyilmaz.com\/index.php?rest_route=\/wp\/v2\/posts"}],"about":[{"href":"http:\/\/www.korhanyilmaz.com\/index.php?rest_route=\/wp\/v2\/types\/post"}],"author":[{"embeddable":true,"href":"http:\/\/www.korhanyilmaz.com\/index.php?rest_route=\/wp\/v2\/users\/1"}],"replies":[{"embeddable":true,"href":"http:\/\/www.korhanyilmaz.com\/index.php?rest_route=%2Fwp%2Fv2%2Fcomments&post=8715"}],"version-history":[{"count":0,"href":"http:\/\/www.korhanyilmaz.com\/index.php?rest_route=\/wp\/v2\/posts\/8715\/revisions"}],"wp:attachment":[{"href":"http:\/\/www.korhanyilmaz.com\/index.php?rest_route=%2Fwp%2Fv2%2Fmedia&parent=8715"}],"wp:term":[{"taxonomy":"category","embeddable":true,"href":"http:\/\/www.korhanyilmaz.com\/index.php?rest_route=%2Fwp%2Fv2%2Fcategories&post=8715"},{"taxonomy":"post_tag","embeddable":true,"href":"http:\/\/www.korhanyilmaz.com\/index.php?rest_route=%2Fwp%2Fv2%2Ftags&post=8715"}],"curies":[{"name":"wp","href":"https:\/\/api.w.org\/{rel}","templated":true}]}}