{"id":8708,"date":"2009-04-30T17:34:57","date_gmt":"2009-04-30T14:34:57","guid":{"rendered":"http:\/\/www.korhanyilmaz.com\/?p=8708"},"modified":"2009-04-30T17:34:57","modified_gmt":"2009-04-30T14:34:57","slug":"calik-boru-hatti-icin-bana-geldi","status":"publish","type":"post","link":"http:\/\/www.korhanyilmaz.com\/?p=8708","title":{"rendered":"&#039;\u00c7al\u0131k, boru hatt\u0131 i\u00e7in bana geldi&#039;"},"content":{"rendered":"<p style=\"text-align: center;\"><a href=\"http:\/\/www.korhanyilmaz.com\/wp-content\/uploads\/2009\/05\/010520090912586561416.jpg\"  class=\"lightview\"><img loading=\"lazy\" decoding=\"async\" class=\"aligncenter size-full wp-image-8709\" title=\"'\u00c7al\u0131k, boru hatt\u0131 i\u00e7in bana geldi' \" src=\"http:\/\/www.korhanyilmaz.com\/wp-content\/uploads\/2009\/05\/010520090912586561416.jpg\" alt=\"'\u00c7al\u0131k, boru hatt\u0131 i\u00e7in bana geldi' \" width=\"329\" height=\"210\" \/><\/a><\/p>\n<p style=\"text-align: justify;\"><strong><span style=\"font-family: Arial;\">Deniz Kuvvetleri eski Komutan\u0131 \u00d6zden \u00d6rnek&#8217;e ait g\u00fcnl\u00fcklerdeki ilgin\u00e7 detay&#8230;<\/span><\/strong><\/p>\n<p style=\"text-align: justify;\">Nokta dergisinin iki y\u0131l \u00f6nce yay\u0131nlad\u0131\u011f\u0131 \u201cdarbe g\u00fcnl\u00fckleri\u201d T\u00fcrkiye g\u00fcndemini sarsm\u0131\u015ft\u0131. Bask\u0131na ve soru\u015fturmaya u\u011frayan dergi kapand\u0131. \u00d6rnek, \u201cG\u00fcnl\u00fck bana ait de\u011fil, hakarete u\u011frad\u0131m\u201d diye Yay\u0131n Y\u00f6netmeni Alper G\u00f6rm\u00fc\u015f\u2019e dava a\u00e7t\u0131. G\u00f6rm\u00fc\u015f, beraat etti, g\u00fcnl\u00fcklerin kime ait oldu\u011fu ara\u015ft\u0131r\u0131lmad\u0131.<\/p>\n<p style=\"text-align: justify;\"><strong>G\u00fcnl\u00fck yarg\u0131 \u00f6n\u00fcnde<\/strong><\/p>\n<p style=\"text-align: justify;\">Ergenekon savc\u0131lar\u0131, G\u00f6rm\u00fc\u015f\u2019ten ald\u0131klar\u0131 CD\u2019yi polise inceletti ve \u00d6rnek\u2019in bilgisayar\u0131ndan \u00e7\u0131kt\u0131\u011f\u0131n\u0131 belirledi. Ayr\u0131ca ADD\u2019de ayn\u0131 g\u00fcnl\u00fckler ele ge\u00e7ti. \u015eimdi bu belgeler, \u0130stanbul 13. A\u011f\u0131r Ceza Mahkemesi\u2019nin 2009\/268 esas nolu dosyas\u0131n\u0131n ekleri aras\u0131nda. VATAN, bu g\u00fcnl\u00fc\u011f\u00fcn ilgin\u00e7 b\u00f6l\u00fcmlerini derledi.<!--more--><\/p>\n<p style=\"text-align: justify;\">\u0130\u015fte \u00c7al\u0131k Holding&#8217;in patronu Ahmet \u00c7al\u0131k ile ilgili b\u00f6l\u00fcmler:<\/p>\n<p style=\"text-align: justify;\"><strong>\u00c7al\u0131k Aziz Y\u0131ld\u0131r\u0131m Putin ili\u015fkisini sordu<\/strong><\/p>\n<p style=\"text-align: justify;\"><strong>1 A\u011fustos 2004<\/strong><\/p>\n<p style=\"text-align: justify;\">1 A\u011fustos 2004 tarihli g\u00fcnl\u00fckte \u00d6rnek, harbiyeli \u00f6\u011frencilerinin mezuniyet t\u00f6renin ard\u0131ndan helikopterle gitti\u011fi Sar\u0131yer\u2019de i\u015fadam\u0131 Ahmet \u00c7al\u0131k ile o\u011flu Burak \u00d6rnek\u2019le birlikte kendisini bekledi\u011fini yaz\u0131yor.  \u00d6rnek \u015f\u00f6yle devam ediyor: \u201cSar\u0131yer\u2019de Ahmet \u00c7al\u0131k, Burak bekliyordu. Ahmet \u00c7al\u0131k Enerji sekt\u00f6r\u00fcnde oldu\u011fu gibi Ruslar m\u00fc\u015ftereken yap\u0131lacak olan Samsun-Ceyhan hatt\u0131 hakk\u0131nda benim g\u00f6r\u00fc\u015f\u00fcm\u00fc almaya gelmi\u015fti. Bir di\u011fer sordu\u011fu konuda Aziz Y\u0131ld\u0131r\u0131m\u2019\u0131n ger\u00e7ekten Putin ile ili\u015fkisinin derecesini \u00f6\u011frenmekti. Konu\u015fmalardan anlad\u0131\u011f\u0131ma g\u00f6re bu adam ben emekliye ayr\u0131l\u0131ncaya benim pe\u015fimi b\u0131rakmayacak ve bana enerji ile ilgili bir nevi dan\u0131\u015fmanl\u0131k yapt\u0131racak. Tabii ben kabul edersem!<\/p>\n<p style=\"text-align: justify;\"><strong>BA\u015eBAKAN \u0130LK BURAK\u2019I SORDU<\/strong><\/p>\n<p style=\"text-align: justify;\"><strong>03 Aral\u0131k 2003<\/strong><\/p>\n<p style=\"text-align: justify;\">\u00d6rnek, 3 Aral\u0131k 2003\u2019teki g\u00fcnl\u00fckte de Ba\u015fbakan Erdo\u011fan\u2019la bir yemekte biraraya gelerek yanyana oturdu\u011fu Ba\u015fbakan Recep Tayyip Erdo\u011fan\u2019la g\u00f6r\u00fc\u015fmesini \u015f\u00f6yle anlat\u0131yor: \u201d Yemekte BA\u015eBAKAN RECEP TAYY\u0130P ERDO\u011eAN ile yan yana oturduk. Hemen Burak\u2019\u0131 sordu. Sonra olduk\u00e7a uzun sohbet ettik.<\/p>\n<p style=\"text-align: justify;\"><strong>VATAN\u2019\u0131n notu<\/strong><\/p>\n<p style=\"text-align: justify;\">\u00d6rnek\u2019in iki o\u011flundan biri olan Burak \u00d6rnek, daha sonra \u00c7al\u0131k Grubu\u2019nun sahibi oldu\u011fu Bursa Gaz\u2019da Y\u00f6netim Kurulu \u00dcyesi olarak i\u015fe ba\u015flad\u0131. \u00c7al\u0131k Grubu, Gelibolu Belgeseli\u2019ni \u00e7eken \u00d6zden \u00d6rnek\u2019in di\u011fer o\u011flu Tolga \u00d6rnek\u2019e de sporsor olmu\u015ftu. \u00d6zden \u00d6rnek, ge\u00e7ti\u011fimiz y\u0131l Star TV\u2019den Murat \u00c7elik\u2019e verdi\u011fi r\u00f6portajda \u015funlar\u0131 s\u00f6ylemi\u015fti: \u201cB\u00fcy\u00fck o\u011flum Tolga\u2019n\u0131n filmlerinin hepsinin ba\u015f\u0131nda, o yap\u0131ma kimlerin, hangi firmalar\u0131n sponsor oldu\u011fu yaz\u0131yor. Bunun gizlisi sakl\u0131s\u0131 yok. K\u00fc\u00e7\u00fck o\u011flum Burak\u2019\u0131n \u00e7al\u0131\u015ft\u0131\u011f\u0131 yer de s\u0131r de\u011fil. Herkesin bildi\u011fi, herkese a\u00e7\u0131k bir bilgi. Burak, Bursa Gaz Y\u00f6netim Kurulu \u00dcyesi ve Bursa Gaz, \u00c7al\u0131k Grubu\u2019nun bir \u015firketi. \u0130ki bilgi de gizli de\u011fil. Senelerdir kamuoyunun g\u00f6z\u00fc \u00f6n\u00fcnde ya\u015fan\u0131yor. \u015eimdi bu konular\u0131, bu \u015fekilde g\u00fcndeme getirip, insanlar\u0131n kafalar\u0131n\u0131 kar\u0131\u015ft\u0131r\u0131p, soru i\u015faretleri olu\u015fturarak kim neyi ama\u00e7l\u0131yor bilmiyorum.\u201d<\/p>\n<p style=\"text-align: justify;\"><span style=\"color: #888888;\">Kaynak : Vatan<\/span><\/p>\n","protected":false},"excerpt":{"rendered":"<p style=\"text-align: center;\">\n<p style=\"text-align: justify;\">Deniz Kuvvetleri eski Komutan\u0131 \u00d6zden \u00d6rnek&#8217;e ait g\u00fcnl\u00fcklerdeki ilgin\u00e7 detay&#8230;<\/p>\n<p style=\"text-align: justify;\">Nokta dergisinin iki y\u0131l \u00f6nce yay\u0131nlad\u0131\u011f\u0131 \u201cdarbe g\u00fcnl\u00fckleri\u201d T\u00fcrkiye g\u00fcndemini sarsm\u0131\u015ft\u0131. Bask\u0131na ve soru\u015fturmaya u\u011frayan dergi kapand\u0131. \u00d6rnek, \u201cG\u00fcnl\u00fck bana ait de\u011fil, hakarete u\u011frad\u0131m\u201d diye Yay\u0131n Y\u00f6netmeni Alper G\u00f6rm\u00fc\u015f\u2019e dava a\u00e7t\u0131. G\u00f6rm\u00fc\u015f, beraat etti, g\u00fcnl\u00fcklerin kime ait oldu\u011fu <\/p>\n","protected":false},"author":1,"featured_media":0,"comment_status":"open","ping_status":"closed","sticky":false,"template":"","format":"standard","meta":{"footnotes":""},"categories":[105],"tags":[],"class_list":["post-8708","post","type-post","status-publish","format-standard","hentry","category-gundem","odd"],"_links":{"self":[{"href":"http:\/\/www.korhanyilmaz.com\/index.php?rest_route=\/wp\/v2\/posts\/8708","targetHints":{"allow":["GET"]}}],"collection":[{"href":"http:\/\/www.korhanyilmaz.com\/index.php?rest_route=\/wp\/v2\/posts"}],"about":[{"href":"http:\/\/www.korhanyilmaz.com\/index.php?rest_route=\/wp\/v2\/types\/post"}],"author":[{"embeddable":true,"href":"http:\/\/www.korhanyilmaz.com\/index.php?rest_route=\/wp\/v2\/users\/1"}],"replies":[{"embeddable":true,"href":"http:\/\/www.korhanyilmaz.com\/index.php?rest_route=%2Fwp%2Fv2%2Fcomments&post=8708"}],"version-history":[{"count":0,"href":"http:\/\/www.korhanyilmaz.com\/index.php?rest_route=\/wp\/v2\/posts\/8708\/revisions"}],"wp:attachment":[{"href":"http:\/\/www.korhanyilmaz.com\/index.php?rest_route=%2Fwp%2Fv2%2Fmedia&parent=8708"}],"wp:term":[{"taxonomy":"category","embeddable":true,"href":"http:\/\/www.korhanyilmaz.com\/index.php?rest_route=%2Fwp%2Fv2%2Fcategories&post=8708"},{"taxonomy":"post_tag","embeddable":true,"href":"http:\/\/www.korhanyilmaz.com\/index.php?rest_route=%2Fwp%2Fv2%2Ftags&post=8708"}],"curies":[{"name":"wp","href":"https:\/\/api.w.org\/{rel}","templated":true}]}}