{"id":8701,"date":"2009-04-30T21:29:39","date_gmt":"2009-04-30T18:29:39","guid":{"rendered":"http:\/\/www.korhanyilmaz.com\/?p=8701"},"modified":"2009-04-30T21:29:39","modified_gmt":"2009-04-30T18:29:39","slug":"yeni-kabine-belirlendi","status":"publish","type":"post","link":"http:\/\/www.korhanyilmaz.com\/?p=8701","title":{"rendered":"Yeni kabine belirlendi"},"content":{"rendered":"<p style=\"text-align: center;\"><img loading=\"lazy\" decoding=\"async\" class=\"aligncenter size-full wp-image-8702\" title=\"Yeni kabine belirlendi \" src=\"http:\/\/www.korhanyilmaz.com\/wp-content\/uploads\/2009\/05\/010520090342511281935-jpg.gif\" alt=\"Yeni kabine belirlendi \" width=\"329\" height=\"210\" \/><strong><\/strong><\/p>\n<p style=\"text-align: justify;\"><strong><span style=\"font-family: Arial;\">Ba\u015fkent siyasi kulislerinde bug\u00fcn a\u00e7\u0131klanmas\u0131 beklenen yeni kabinede yer alacak bakanlar aras\u0131nda Ahmet Davuto\u011flu, Nihat Erg\u00fcn, Fatma \u015eahin ve \u0130dris Naim Aky\u00fcz\u2019\u00fcn isimleri ge\u00e7iyor.<\/span><\/strong><\/p>\n<p style=\"text-align: justify;\">ANKARA &#8211; Kamuoyunun ve AKP grubunun uzun s\u00fcredir bekledi\u011fi kabine revizyonu i\u00e7in D\u0131\u015fi\u015fleri Konutu d\u00fcn gece s\u00fcrpriz bir bulu\u015fmaya ev sahipli\u011fi yapt\u0131. Prag gezisinden d\u00f6n\u00fc\u015f\u00fcn\u00fc 1 saat \u00f6ne alarak, d\u00fcn \u00f6\u011flen saatlerinden itibaren Meclis ve siyaset kulislerinde kabine de\u011fi\u015fikli\u011fi beklentisini doru\u011fa \u00e7\u0131kartan Cumhurba\u015fkan\u0131 G\u00fcl, D\u0131\u015fi\u015fleri Konutu\u2019nda Ba\u015fbakan Erdo\u011fan ile bir araya geldi.<\/p>\n<p style=\"text-align: justify;\"><span style=\"font-family: Arial,Verdana,Helvetica,sans-serif; font-size: x-small;\"><!--more--><\/span><\/p>\n<p style=\"text-align: justify;\"><strong>Listeyi bug\u00fcn sunacak<\/strong><\/p>\n<p style=\"text-align: justify;\">G\u00fcl, Prag\u2019dan saat 18.20\u2019de Ankara\u2019ya d\u00f6nd\u00fc. D\u00fcn ayr\u0131ca G\u00fcl\u2019le Erdo\u011fan\u2019\u0131n haftal\u0131k g\u00f6r\u00fc\u015fme g\u00fcn\u00fcyd\u00fc ve Erdo\u011fan saat 21.10\u2019da G\u00fcl\u2019le g\u00f6r\u00fc\u015fmek i\u00e7in D\u0131\u015fi\u015fleri Konutu\u2019na gitti. G\u00f6r\u00fc\u015fme 22.15\u2019e kadar s\u00fcrd\u00fc. Konuttan ayr\u0131lan Erdo\u011fan bir a\u00e7\u0131klama yapmad\u0131. Erdo\u011fan\u2019\u0131n d\u00fcn geceki g\u00f6r\u00fc\u015fmede kabine revizyonunu G\u00fcl ile payla\u015ft\u0131\u011f\u0131 ancak listeyi bug\u00fcn sunaca\u011f\u0131 ifade ediliyor.<\/p>\n<p style=\"text-align: justify;\"><strong>2 bakanl\u0131kta g\u00f6r\u00fc\u015f ayr\u0131l\u0131\u011f\u0131<\/strong><\/p>\n<p style=\"text-align: justify;\">\u0130kilinin \u00c7ankaya K\u00f6\u015fk\u00fc yerine D\u0131\u015fi\u015fleri Konutu\u2019nda bir araya gelmesi ve g\u00f6r\u00fc\u015fme sonras\u0131 a\u00e7\u0131klama yap\u0131lmamas\u0131, G\u00fcl ile Erdo\u011fan aras\u0131nda kabine listesi i\u00e7in \u00f6n \u00e7al\u0131\u015fma y\u00fcr\u00fct\u00fcld\u00fc\u011f\u00fc ve baz\u0131 isimler konusunda \u201cpazarl\u0131k\u201d yap\u0131ld\u0131\u011f\u0131 yorumlar\u0131na neden oldu.<\/p>\n<p style=\"text-align: justify;\">G\u00fcl ve Erdo\u011fan aras\u0131nda \u0130\u00e7i\u015fleri ve D\u0131\u015fi\u015fleri Bakanl\u0131klar\u0131 konusunda yap\u0131lacak de\u011fi\u015fikli\u011fe ili\u015fkin \u201cp\u00fcr\u00fcz\u201d \u00e7\u0131kt\u0131\u011f\u0131 ifade edilirken, AKP kaynaklar\u0131 \u201cG\u00f6r\u00fc\u015f ayr\u0131l\u0131\u011f\u0131 ya\u015fanm\u0131\u015f olsa bile, o g\u00f6r\u00fc\u015fmenin bitmesi demek g\u00f6r\u00fc\u015f ayr\u0131l\u0131\u011f\u0131n\u0131n da a\u015f\u0131ld\u0131\u011f\u0131 anlam\u0131na gelir\u201d de\u011ferlendirmesini yapt\u0131. Kulislerde Erdo\u011fan\u2019\u0131n, D\u0131\u015fi\u015fleri Bakan\u0131 Ali Babacan\u2019\u0131 eski g\u00f6rev alan\u0131na \u00e7ekip ekonominin ba\u015f\u0131na getirmek istedi\u011fi, Babacan\u2019\u0131n yerine de D\u0131\u015fpolitika Ba\u015fdan\u0131\u015fman\u0131 Ahmet Davuto\u011flu\u2019nu d\u0131\u015far\u0131dan bakan olarak atamay\u0131 d\u00fc\u015f\u00fcnd\u00fc\u011f\u00fc, \u0130\u00e7i\u015fleri Bakan\u0131 Be\u015fir Atalay\u2019\u0131n yerine de Grup Ba\u015fkanvekili Nihat Erg\u00fcn\u2019\u00fc getirmek istedi\u011fi ancak G\u00fcl\u2019\u00fcn bu iki bakan\u0131n yerinde kalmas\u0131 g\u00f6r\u00fc\u015f\u00fcn\u00fc savundu\u011fu \u00f6ne s\u00fcr\u00fcld\u00fc.<\/p>\n<p style=\"text-align: justify;\"><strong>5-6 yeni isim de\u011fi\u015fecek <\/strong><\/p>\n<p style=\"text-align: justify;\">Kulislerde AKP grubundaki yo\u011fun beklenti nedeniyle kabine revizyonunun olduk\u00e7a kapsaml\u0131 olaca\u011f\u0131 ve 7 y\u0131ld\u0131r g\u00f6rev yapan 13 bakandan en az 5-6\u2019s\u0131n\u0131n de\u011fi\u015fece\u011fi ifade ediliyor.<\/p>\n<p style=\"text-align: justify;\">Kabine d\u0131\u015f\u0131 kalacak isimler aras\u0131nda CHP\u2019nin hakk\u0131nda gensoru verdi\u011fi Adalet Bakan\u0131 Mehmet Ali \u015eahin\u2019in de olabilece\u011fi konu\u015fuluyor. Erdo\u011fan\u2019\u0131n \u015eahin\u2019i bakanl\u0131ktan alarak, CHP\u2019nin gensoru \u00f6nergesini d\u00fc\u015f\u00fcrebilece\u011fi ve deneyimli bakan\u0131n\u0131 partide de\u011ferlendirmeyi tercih edece\u011fi iddia ediliyor.<\/p>\n<p style=\"text-align: justify;\">G\u00f6revden al\u0131nacak ya da g\u00f6rev yerleri de\u011fi\u015ftirilecek isimler aras\u0131nda Ba\u015fbakan Yard\u0131mc\u0131s\u0131 Cemil \u00c7i\u00e7ek, Enerji Bakan\u0131 Hilmi G\u00fcler, Devlet Bakan\u0131 K\u00fcr\u015fad T\u00fczmen de g\u00f6steriliyor. Kulislerde Genel Ba\u015fkan Yard\u0131mc\u0131lar\u0131 Fatma \u015eahin ve \u0130dris Naim Aky\u00fcz\u2019\u00fcn adlar\u0131 da yeni kabinede g\u00f6rev alacak isimler olarak dillendiriliyor.<\/p>\n<p style=\"text-align: justify;\"><span style=\"color: #888888;\">Kaynak : Vatan<\/span><\/p>\n","protected":false},"excerpt":{"rendered":"<p style=\"text-align: center;\">\n<p style=\"text-align: justify;\">Ba\u015fkent siyasi kulislerinde bug\u00fcn a\u00e7\u0131klanmas\u0131 beklenen yeni kabinede yer alacak bakanlar aras\u0131nda Ahmet Davuto\u011flu, Nihat Erg\u00fcn, Fatma \u015eahin ve \u0130dris Naim Aky\u00fcz\u2019\u00fcn isimleri ge\u00e7iyor.<\/p>\n<p style=\"text-align: justify;\">ANKARA &#8211; Kamuoyunun ve AKP grubunun uzun s\u00fcredir bekledi\u011fi kabine revizyonu i\u00e7in D\u0131\u015fi\u015fleri Konutu d\u00fcn gece s\u00fcrpriz bir bulu\u015fmaya ev sahipli\u011fi yapt\u0131. Prag gezisinden <\/p>\n","protected":false},"author":1,"featured_media":0,"comment_status":"open","ping_status":"closed","sticky":false,"template":"","format":"standard","meta":{"footnotes":""},"categories":[105],"tags":[],"class_list":["post-8701","post","type-post","status-publish","format-standard","hentry","category-gundem","odd"],"_links":{"self":[{"href":"http:\/\/www.korhanyilmaz.com\/index.php?rest_route=\/wp\/v2\/posts\/8701","targetHints":{"allow":["GET"]}}],"collection":[{"href":"http:\/\/www.korhanyilmaz.com\/index.php?rest_route=\/wp\/v2\/posts"}],"about":[{"href":"http:\/\/www.korhanyilmaz.com\/index.php?rest_route=\/wp\/v2\/types\/post"}],"author":[{"embeddable":true,"href":"http:\/\/www.korhanyilmaz.com\/index.php?rest_route=\/wp\/v2\/users\/1"}],"replies":[{"embeddable":true,"href":"http:\/\/www.korhanyilmaz.com\/index.php?rest_route=%2Fwp%2Fv2%2Fcomments&post=8701"}],"version-history":[{"count":0,"href":"http:\/\/www.korhanyilmaz.com\/index.php?rest_route=\/wp\/v2\/posts\/8701\/revisions"}],"wp:attachment":[{"href":"http:\/\/www.korhanyilmaz.com\/index.php?rest_route=%2Fwp%2Fv2%2Fmedia&parent=8701"}],"wp:term":[{"taxonomy":"category","embeddable":true,"href":"http:\/\/www.korhanyilmaz.com\/index.php?rest_route=%2Fwp%2Fv2%2Fcategories&post=8701"},{"taxonomy":"post_tag","embeddable":true,"href":"http:\/\/www.korhanyilmaz.com\/index.php?rest_route=%2Fwp%2Fv2%2Ftags&post=8701"}],"curies":[{"name":"wp","href":"https:\/\/api.w.org\/{rel}","templated":true}]}}