{"id":8696,"date":"2009-05-01T08:25:56","date_gmt":"2009-05-01T05:25:56","guid":{"rendered":"http:\/\/www.korhanyilmaz.com\/?p=8696"},"modified":"2009-05-01T08:25:56","modified_gmt":"2009-05-01T05:25:56","slug":"meslegim-bir-hirsiz-ile-bir-aptalin-esiri-oldu","status":"publish","type":"post","link":"http:\/\/www.korhanyilmaz.com\/?p=8696","title":{"rendered":"&#039;Mesle\u011fim bir h\u0131rs\u0131z ile bir aptal\u0131n esiri oldu&#039;"},"content":{"rendered":"<p style=\"text-align: justify;\"><img loading=\"lazy\" decoding=\"async\" class=\"aligncenter size-full wp-image-8697\" title=\"'Mesle\u011fim bir h\u0131rs\u0131z ile bir aptal\u0131n esiri oldu' \" src=\"http:\/\/www.korhanyilmaz.com\/wp-content\/uploads\/2009\/05\/010520090342021226796-jpg.gif\" alt=\"'Mesle\u011fim bir h\u0131rs\u0131z ile bir aptal\u0131n esiri oldu' \" width=\"329\" height=\"210\" \/><strong><span style=\"font-family: Arial;\">\u00d6zden \u00d6rnek&#8217;in Ergenekon davas\u0131n\u0131n eklerine giren g\u00fcnl\u00fcklerinden&#8230;<\/span><\/strong><\/p>\n<p>\u00d6rnek, g\u00fcnl\u00fcklerde birlikte g\u00f6rev yapt\u0131\u011f\u0131 iki komutanla ilgili d\u00fc\u015f\u00fcncelerini anlat\u0131yor. \u0130\u015fte dosyadaki o b\u00f6l\u00fcmler:<\/p>\n<p style=\"text-align: justify;\"><strong>Erdil intihar etmeyi d\u00fc\u015f\u00fcnm\u00fc\u015f<\/strong><\/p>\n<p style=\"text-align: justify;\"><strong>31 A\u011fustos 2004<\/strong><\/p>\n<p style=\"text-align: justify;\">\u00d6zden \u00d6rnek, Tuzla\u2019da g\u00f6rd\u00fc\u011f\u00fc \u0130lhami Erdil\u2019in kendisine nas\u0131l dert yand\u0131\u011f\u0131n\u0131 \u015f\u00f6yle yaz\u0131yor: \u201cTuzla\u2019ya gittik. Eski komutanlardan sadece \u0130lhami Pa\u015fa gelmi\u015fti. Beni g\u00f6r\u00fcnce hemen yan\u0131ma geldi ve \u00e7ok \u00fcz\u00fcnt\u00fcl\u00fc dolu g\u00f6zler ile \u201dKarde\u015fim bu i\u015ften b\u0131kt\u0131m ay\u0131n d\u00f6rd\u00fcnde savc\u0131 tekrar ifademi alacakm\u0131\u015f bana haber g\u00f6ndermi\u015f. Sorgulayaca\u011f\u0131 konuda Bahri\u2019nin verdi\u011fi ifade ile ilgili ve evimi nereden sat\u0131n ald\u0131\u011f\u0131m konusu. Benim bir tane evim var. Herkesin ka\u00e7 tane evi oldu\u011funu hepimiz biliyoruz. Ben \u00e7ok y\u0131prand\u0131m art\u0131k dayanam\u0131yorum. Her t\u00fcrl\u00fc hastal\u0131\u011fa yakaland\u0131m. \u0130ntihar etmeyi bile d\u00fc\u015f\u00fcn\u00fcyorum. Beni Heybeliada\u2019ya g\u00f6mersiniz ve k\u00fc\u00e7\u00fck bir t\u00f6ren yapars\u0131n\u0131z\u201c dedi. Onu bu halde g\u00f6rmek ger\u00e7ekten \u00fcz\u00fcnt\u00fc vericiydi. Bahri ile d\u00fcn olan konu\u015fmam\u0131z\u0131 kendisine anlatt\u0131m. Hemen tutumu de\u011fi\u015fti ve ho\u015funa gitti. \u201d <!--more--><\/p>\n<p style=\"text-align: justify;\"><strong>VATAN\u2019\u0131n Notu: <\/strong><\/p>\n<p style=\"text-align: justify;\">Genelkurmay Askeri Mahkemesi taraf\u0131ndan hakk\u0131nda a\u00e7\u0131lan davada \u201chaks\u0131z mal edinme\u201d su\u00e7undan 3 y\u0131l hapse mahkum edilen ve b\u00fct\u00fcn askeri terfileri geri al\u0131nan Deniz Kuvvetleri eski Komutan\u0131 \u0130lhami Erdil, 3 Temmuz 2007\u2019de Tekirda\u011f Saray Cezaevi\u2019ne konulmu\u015ftu. Eski TCK\u2019n\u0131n 59. maddesine g\u00f6re cezas\u0131 6\u2019da 1 oran\u0131nda indirilerek 2 y\u0131l 6 ay olarak kararla\u015ft\u0131r\u0131len Erdil, ge\u00e7ti\u011fimiz y\u0131l Temmuz ay\u0131nda tahliye olmu\u015ftu.<\/p>\n<p style=\"text-align: justify;\"><strong>\u201cERD\u0130L\u2019DEN \u0130LK KEZ 1994\u2019TE KU\u015eKULANDIM\u201d<\/strong><\/p>\n<p style=\"text-align: justify;\"><strong>29 Kas\u0131m 1999<\/strong><\/p>\n<p style=\"text-align: justify;\">\u00d6rnek, \u0130lhami Erdil\u2019in \u2019\u015f\u00fcpheli baz\u0131 i\u015fler yapt\u0131\u011f\u0131ndan \u201cilk kez 1994 y\u0131l\u0131nda ku\u015fkuland\u0131\u011f\u0131n\u0131 da yaz\u0131yor:<\/p>\n<p style=\"text-align: justify;\">\u201dOra. \u0130lhami Erdil\u2019in \u015f\u00fcpheli baz\u0131 i\u015fler yapt\u0131\u011f\u0131na dair ilk ku\u015fkular\u0131m 1994 y\u0131l\u0131nda ben lojistik ba\u015fkan\u0131 iken ba\u015flad\u0131. Bize gelen baz\u0131 ihbarlar sonucu Komutan emri gere\u011fince t\u00fcm sat\u0131nalma komisyonunu da\u011f\u0131tacak \u015fekilde bir planlama i\u00e7ine girmi\u015ftik. Per B\u015fk. Tu\u011fa. Metin Ac\u0131muz\u2019a konuyu donanma K. ile g\u00f6r\u00fc\u015fmesini bildirdim. Ancak hi\u00e7 ummad\u0131\u011f\u0131m\u0131z \u015fekilde bir reaksiyon ile kar\u015f\u0131la\u015ft\u0131k. Memnun olaca\u011f\u0131na komisyon ba\u015fkan\u0131n\u0131n yerinde kalmas\u0131n\u0131 istedi. O zaman aralar\u0131nda gizli bir ili\u015fki olmas\u0131ndan ku\u015fkuland\u0131m. Bu ili\u015fki hakk\u0131nda ilk dedikodular\u0131 ayn\u0131 y\u0131l Yzb. H\u0131zarc\u0131o\u011flu\u2019ndan \u00f6\u011frendim. Donanma Komutan\u0131 yap\u0131lan ihaleleri adamlar\u0131na verdirerek komisyon al\u0131yordu.<\/p>\n<p style=\"text-align: justify;\"><strong>\u201cKIZININ C\u0130P\u2019\u0130 VAR!\u201d<\/strong><\/p>\n<p style=\"text-align: justify;\">\u201cK\u0131z\u0131n\u0131n alt\u0131nda \u015fimdi bir tane jeep var. \u015eof\u00f6r\u00fcn\u00fc Yzb. Yal\u00e7\u0131n Ankara\u2019daki erlerin aras\u0131ndan se\u00e7iyor ve bu er yasal olmayan bir \u015fekilde k\u0131z\u0131na \u015fof\u00f6rl\u00fck yap\u0131yor. Jeep\u2019in Sefer Ulusoy taraf\u0131ndan hediye edildi\u011fini sonradan \u00f6\u011frendim. \u015eof\u00f6r erler ise Y\u0131ld\u0131z lojmanlar\u0131n\u0131n alt\u0131nda kendilerine yap\u0131lan yerlerde kal\u0131yorlar.\u201d<\/p>\n<p style=\"text-align: justify;\"><strong>ORG. ALPKAYA\u2019NIN KONU\u015eMASI KAYDED\u0130LM\u0130\u015e<\/strong><\/p>\n<p style=\"text-align: justify;\"><strong>30 Temmuz 2003<\/strong><\/p>\n<p style=\"text-align: justify;\">30 Temmuz g\u00fcn\u00fc Ankara\u2019ya gittik. Kuvvet komutan\u0131n\u0131n ziyaret ederek orduevine geri d\u00f6nd\u00fcm. Kendisini ziyaret esnas\u0131nda havalar\u0131n s\u0131cak olmas\u0131 ve rutubetten konu\u015ftuk. Sonra bana 92 idari soru\u015fturma a\u00e7t\u0131rd\u0131\u011f\u0131n\u0131 ve bunlardan 58 adedi i\u00e7in adli soru\u015fturma emri verdi\u011fini anlatt\u0131. Herkesin ba\u015far\u0131 \u00f6l\u00e7\u00fcs\u00fc de\u011fi\u015fik. Geri geldikten bir m\u00fcddet sonra Albay Belg\u00fctay Var\u0131ml\u0131\u2019n\u0131n geldi\u011fini s\u00f6ylediler. Kendisini kabul ettim ve bana bir ses dosyas\u0131n\u0131n kay\u0131tl\u0131 oldu\u011fu bir disket verdi. Ses file\u2019da kendisinin Genelkurmay Ba\u015fkan\u0131 (H\u0130LM\u0130 \u00d6ZK\u00d6K) ile 24 Haziran 2003 g\u00fcn\u00fc yapt\u0131\u011f\u0131 bir konu\u015fma var. Daha \u00f6nce bana s\u00f6ylediklerinin ayn\u0131s\u0131 kay\u0131tl\u0131. Kay\u0131t\u0131n i\u00e7erisinde B\u00fclent Pa\u015fa ile 6 Ocak 2003 tarihi 18:00\u2019da bulu\u015ftu\u011funu ve bu bulu\u015fma i\u00e7in B\u00fclent pa\u015fa (Dnz. Kuvvetleri Komutan\u0131 Oramiral B\u00fclent Alpkaya) taraf\u0131ndan kendisinin Deniz Kuvvetlerini binas\u0131n\u0131n en az kullan\u0131lan E kap\u0131s\u0131ndan gelmesinin istendi\u011fini belirtiliyor.<\/p>\n<p style=\"text-align: justify;\"><strong>HIRSIZ VE APTAL <\/strong><\/p>\n<p style=\"text-align: justify;\">Adeta bir m\u00fcsabakay\u0131 kazanm\u0131\u015f gibiydim. Ya\u015fad\u0131\u011f\u0131m bunca olaydan sonra ula\u015ft\u0131\u011f\u0131m nokta benim i\u00e7in mutlu sondu. Belki bundan sonra daha \u00e7ok yorulacakt\u0131m ama bahriyeye daha \u00e7ok \u015feyler verece\u011fime inan\u0131yordum. Zavall\u0131 mesle\u011fim iki y\u0131l bir h\u0131rs\u0131z\u0131n arkas\u0131ndan iki y\u0131l daha bir aptal\u0131n esiri olmu\u015ftu. Son d\u00f6rt y\u0131lda kaybetti\u011fimiz de\u011ferlerin ve maddiyat\u0131n bana g\u00f6re yerine konmas\u0131 \u00e7ok zordu.<\/p>\n<p style=\"text-align: justify;\">VATAN\u2019\u0131n NOTU: \u00d6zden \u00d6rnek\u2019in h\u0131rs\u0131z olarak itham etti\u011fi ismin Deniz Kuvvetleri eski Komutan\u0131 \u0130lhami Erdil, aptal olarak itham etti\u011fi ismin ise Deniz Kuvvetleri Komutan\u0131 Oramiral B\u00fclent Alpkaya oldu\u011fu anla\u015f\u0131l\u0131yor.<\/p>\n<p style=\"text-align: justify;\"><span style=\"color: #888888;\">Vatan<\/span><\/p>\n","protected":false},"excerpt":{"rendered":"<p style=\"text-align: justify;\">\u00d6zden \u00d6rnek&#8217;in Ergenekon davas\u0131n\u0131n eklerine giren g\u00fcnl\u00fcklerinden&#8230;<\/p>\n<p>\u00d6rnek, g\u00fcnl\u00fcklerde birlikte g\u00f6rev yapt\u0131\u011f\u0131 iki komutanla ilgili d\u00fc\u015f\u00fcncelerini anlat\u0131yor. \u0130\u015fte dosyadaki o b\u00f6l\u00fcmler:<\/p>\n<p style=\"text-align: justify;\">Erdil intihar etmeyi d\u00fc\u015f\u00fcnm\u00fc\u015f<\/p>\n<p style=\"text-align: justify;\">31 A\u011fustos 2004<\/p>\n<p style=\"text-align: justify;\">\u00d6zden \u00d6rnek, Tuzla\u2019da g\u00f6rd\u00fc\u011f\u00fc \u0130lhami Erdil\u2019in kendisine nas\u0131l dert yand\u0131\u011f\u0131n\u0131 \u015f\u00f6yle yaz\u0131yor: \u201cTuzla\u2019ya gittik. Eski komutanlardan sadece \u0130lhami Pa\u015fa <\/p>\n","protected":false},"author":1,"featured_media":0,"comment_status":"open","ping_status":"closed","sticky":false,"template":"","format":"standard","meta":{"footnotes":""},"categories":[105],"tags":[],"class_list":["post-8696","post","type-post","status-publish","format-standard","hentry","category-gundem","odd"],"_links":{"self":[{"href":"http:\/\/www.korhanyilmaz.com\/index.php?rest_route=\/wp\/v2\/posts\/8696","targetHints":{"allow":["GET"]}}],"collection":[{"href":"http:\/\/www.korhanyilmaz.com\/index.php?rest_route=\/wp\/v2\/posts"}],"about":[{"href":"http:\/\/www.korhanyilmaz.com\/index.php?rest_route=\/wp\/v2\/types\/post"}],"author":[{"embeddable":true,"href":"http:\/\/www.korhanyilmaz.com\/index.php?rest_route=\/wp\/v2\/users\/1"}],"replies":[{"embeddable":true,"href":"http:\/\/www.korhanyilmaz.com\/index.php?rest_route=%2Fwp%2Fv2%2Fcomments&post=8696"}],"version-history":[{"count":0,"href":"http:\/\/www.korhanyilmaz.com\/index.php?rest_route=\/wp\/v2\/posts\/8696\/revisions"}],"wp:attachment":[{"href":"http:\/\/www.korhanyilmaz.com\/index.php?rest_route=%2Fwp%2Fv2%2Fmedia&parent=8696"}],"wp:term":[{"taxonomy":"category","embeddable":true,"href":"http:\/\/www.korhanyilmaz.com\/index.php?rest_route=%2Fwp%2Fv2%2Fcategories&post=8696"},{"taxonomy":"post_tag","embeddable":true,"href":"http:\/\/www.korhanyilmaz.com\/index.php?rest_route=%2Fwp%2Fv2%2Ftags&post=8696"}],"curies":[{"name":"wp","href":"https:\/\/api.w.org\/{rel}","templated":true}]}}