{"id":8690,"date":"2009-04-30T17:17:36","date_gmt":"2009-04-30T14:17:36","guid":{"rendered":"http:\/\/www.korhanyilmaz.com\/?p=8690"},"modified":"2009-04-30T17:17:36","modified_gmt":"2009-04-30T14:17:36","slug":"yayinlanmayan-gunlukler-ek-delil-klasorlerinde","status":"publish","type":"post","link":"http:\/\/www.korhanyilmaz.com\/?p=8690","title":{"rendered":"Yay\u0131nlanmayan G\u00fcnl\u00fckler ek delil klas\u00f6rlerinde"},"content":{"rendered":"<p style=\"text-align: center;\"><img loading=\"lazy\" decoding=\"async\" class=\"aligncenter size-full wp-image-8691\" title=\"Yay\u0131nlanmayan G\u00fcnl\u00fckler ek delil klas\u00f6rlerinde \" src=\"http:\/\/www.korhanyilmaz.com\/wp-content\/uploads\/2009\/05\/010520090253089787141-jpg.gif\" alt=\"Yay\u0131nlanmayan G\u00fcnl\u00fckler ek delil klas\u00f6rlerinde \" width=\"329\" height=\"210\" \/><strong><\/strong><\/p>\n<p style=\"text-align: justify;\"><strong><span style=\"font-family: Arial;\">Emekli Oramiral \u00d6zden \u00d6rnek&#8217;a ait &#8220;G\u00fcnl\u00fckler&#8221;in hi\u00e7 yay\u0131nlanmayan b\u00f6l\u00fcmleri de Ergenekon davas\u0131n\u0131n eklerine girdi<\/span><\/strong><\/p>\n<p style=\"text-align: justify;\">Deniz Kuvvetleri eski Komutan\u0131 Oramiral \u00d6zden \u00d6rnek\u2019e ait oldu\u011fu iddia edilen \u201cDarbe G\u00fcnl\u00fckleri\u201d nin daha \u00f6nce yay\u0131nlanmam\u0131\u015f b\u00f6l\u00fcmleri de 13. A\u011f\u0131r Ceza Mahkamesi\u2019nde duru\u015fmalar\u0131 devam eden ve ad\u0131na \u201cErgenekon\u201d denilen dava hakk\u0131nda haz\u0131rlanan ikinci iddianamenin ek delil klas\u00f6rleri aras\u0131nda yer ald\u0131.<\/p>\n<p style=\"text-align: justify;\"><strong>\u0130LK KEZ NOKTA\u2019DA YAYINLANMI\u015eTI<\/strong><\/p>\n<p style=\"text-align: justify;\">\u0130lk kez 2007\u2019nin Mart ay\u0131nda Nokta Dergisi\u2019nde Alper G\u00f6rm\u00fc\u015f taraf\u0131ndan g\u00fcndeme ta\u015f\u0131nan \u201cG\u00fcnl\u00fckler\u201d in, 2003 ve 2004\u2019te tasarland\u0131\u011f\u0131 iddia edilen Ay\u0131\u015f\u0131\u011f\u0131 ve Sar\u0131k\u0131z darbe planlar\u0131 ile ilgili b\u00f6l\u00fcmleri yay\u0131nlanm\u0131\u015ft\u0131. <!--more--><\/p>\n<p style=\"text-align: justify;\">\u00d6rnek\u2019in, 1957\u2019den beri d\u00fczenli olarak tuttu\u011fu 3 bin sayfal\u0131k g\u00fcnl\u00fc\u011f\u00fcn geri kalan\u0131 ise s\u0131r olarak kald\u0131. \u00d6zden, kamuoyunda geni\u015f yank\u0131 uyand\u0131ran ve Nokta\u2019n\u0131n kapanmas\u0131na neden olan bu \u201cG\u00fcnl\u00fckler\u201din kendisine ait olmad\u0131\u011f\u0131n\u0131 iddia etti ve Alper G\u00f6rm\u00fc\u015f hakk\u0131nda \u201chakaret\u201d ve \u201ciftira\u201d davas\u0131 a\u00e7t\u0131.<\/p>\n<p style=\"text-align: justify;\">A\u00e7\u0131lan davadan beraat eden G\u00f6rm\u00fc\u015f, 7 Mart 2008 tarihinde elektronik ortamdaki g\u00fcnl\u00fcklerin bir kopyas\u0131n\u0131 CD halinde Ergenekon soru\u015fturmas\u0131n\u0131 y\u00fcr\u00fcten Savc\u0131 Zekeriya \u00d6z\u2019e verdi. G\u00fcnl\u00fcklerin kime ait oldu\u011funa dair tart\u0131\u015fma devam ederken Alper G\u00f6rm\u00fc\u015f, savc\u0131l\u0131\u011f\u0131n (Zekeriya \u00d6z) yapt\u0131rd\u0131\u011f\u0131 ara\u015ft\u0131rma sonucunda g\u00fcnl\u00fcklerin \u00d6zden \u00d6rnek\u2019in bilgisayar\u0131ndan \u00e7\u0131kt\u0131\u011f\u0131n\u0131 tespit etti\u011fini a\u00e7\u0131klad\u0131.<\/p>\n<p style=\"text-align: justify;\"><strong>ERUYGUR VE BALBAY\u2019DA ORTAYA \u00c7IKTI<\/strong><\/p>\n<p style=\"text-align: justify;\">2007\u2019den beri \u201cdarbe\u201d konulu her tart\u0131\u015fman\u0131n oda\u011f\u0131na oturan \u201cG\u00fcnl\u00fckler\u201d, 5 Temmuz 2008\u2019deki 6. Dalga Operasyonu kapsam\u0131nda g\u00f6zalt\u0131na al\u0131nan eski Jandarma Genel Komutan\u0131 Orgeneral \u015eener Eruygur ile Cumhuriyet Ankara Temsilcisi Mustafa Balbay\u2019da ele ge\u00e7irildi.<\/p>\n<p style=\"text-align: justify;\">Eruygur ile Balbay\u2019daki g\u00fcnl\u00fckler \u00d6zden \u00d6rnek\u2019in bilgisayar\u0131ndan \u00e7\u0131kt\u0131\u011f\u0131 kesinle\u015fen g\u00fcnl\u00fcklerle kar\u015f\u0131la\u015ft\u0131r\u0131ld\u0131. G\u00fcnl\u00fcklerin ayn\u0131 oldu\u011fu anla\u015f\u0131l\u0131nca da soru\u015fturma savc\u0131lar\u0131 taraf\u0131ndan ge\u00e7ti\u011fimiz Pazartesi g\u00fcn\u00fc avukatlara CD halinde sunulan ek delillerin 208 nolu klas\u00f6r\u00fcnde yer ald\u0131.<\/p>\n<p style=\"text-align: justify;\">Daha \u00f6nce kamuoyuna yans\u0131mayan b\u00f6l\u00fcmleri i\u00e7eren bu g\u00fcnl\u00fcklerde \u00d6zden \u00d6rnek\u2019in, Deniz Kuvvetleri Komutanl\u0131\u011f\u0131\u2019na atanmay\u0131 beklerken ge\u00e7irdi\u011fi gerilimli s\u00fcreci, komutanlar\u0131n kendi aralar\u0131ndaki \u00e7eki\u015fmeleri ve \u00d6rnek\u2019in baz\u0131 i\u015fadamlar\u0131yla ili\u015fkileri t\u00fcm detaylar\u0131yla yer ald\u0131.<\/p>\n<p style=\"text-align: justify;\">VATAN, 13. A\u011f\u0131r Ceza Mahkamesi\u2019nde duru\u015fmalar\u0131 devam eden ve ad\u0131na \u201cErgenekon\u201d ad\u0131 verilen davan\u0131n ek delil klas\u00f6rleri aras\u0131nda yer alan g\u00fcnl\u00fcklerin \u00e7arp\u0131c\u0131 b\u00f6l\u00fcmlerini derledi.<\/p>\n<p style=\"text-align: justify;\"><strong>Asker: Bize meydan okudunuz<\/strong><\/p>\n<p style=\"text-align: justify;\"><strong>Erdo\u011fan: Bu tabir do\u011fru de\u011fil<\/strong><\/p>\n<p style=\"text-align: justify;\">\u00d6zden \u00d6rnek\u2019in ek klas\u00f6rlerde yer alan g\u00fcnl\u00fcklerinin en \u00e7arp\u0131c\u0131 b\u00f6l\u00fcmlerinden biri 2003\u2019teki YA\u015e toplant\u0131s\u0131nda askerlerle Ba\u015fbakan Erdo\u011fan aras\u0131nda ge\u00e7en sert tart\u0131\u015fma&#8230;<\/p>\n<p style=\"text-align: justify;\">Ba\u015fbakan Recep Tayyip Erdo\u011fan\u2019\u0131n, 2003\u2019te kat\u0131ld\u0131\u011f\u0131 ilk Y\u00fcksek Askeri \u015eura Toplant\u0131s\u0131\u2019nda 18 subay irticai faaliyette bulundu\u011fu gerek\u00e7esi ile ihra\u00e7 edilmi\u015fti. Ba\u015fbakan Recep Tayyip Erdo\u011fan ile Milli Savunma Bakan\u0131 Vecdi G\u00f6n\u00fcl bu kararlara \u015ferh koymu\u015ftu. Toplant\u0131n\u0131n gergin ge\u00e7ti\u011fi kamuoyuna yans\u0131sa da detaylar pek konu\u015fulmam\u0131\u015ft\u0131.  Daha ilk dakikas\u0131nda tav\u0131rl\u0131 ba\u015flayan YA\u015e\u2019ta, d\u00f6nemin kuvvet komutanlar\u0131 ile Ba\u015fbakan Erdo\u011fan aras\u0131nda ge\u00e7en sert tart\u0131\u015fmalar ve gerilim dozu y\u00fcksek toplant\u0131n\u0131n atmosferine dair detaylar \u00d6zden \u00d6rnek\u2019in g\u00fcnl\u00fcklerinde en ince ayr\u0131nt\u0131s\u0131na kadar yer ald\u0131. \u015eener Eruygur\u2019dan ele ge\u00e7irilen 1 A\u011fustos ba\u015fl\u0131kl\u0131 \u00d6zden \u00d6rnek\u2019e ait g\u00fcnl\u00fc\u011fe o g\u00fcn\u00fcn gerilim dolu atmosferi sat\u0131rlara \u015f\u00f6yle yans\u0131d\u0131:<\/p>\n<p style=\"text-align: justify;\"><strong>SELAMLAMADIK<\/strong><\/p>\n<p style=\"text-align: justify;\"><strong>1 A\u011fustos 2003<\/strong><\/p>\n<p style=\"text-align: justify;\">. RTE (Ba\u015fbakan Recep Tayyip Erdo\u011fan) Genelkurmay Ba\u015fkan\u0131 (Orgeneral Hilmi \u00d6zk\u00f6k) ile beraber salona girdi. Salonda bulunan t\u00fcm orgeneraller ve amiraller kendisine ne selam verdiler ne de aya\u011fa kalkt\u0131lar. Ba\u015fbakan ilk olarak a\u00e7\u0131l\u0131\u015f konu\u015fmas\u0131n\u0131 yapt\u0131. Adam\u0131n b\u00fct\u00fcn konu\u015fmas\u0131 bir takiyye idi. Anayasa\u2019n\u0131n de\u011fi\u015ftirilemeyen maddelerine g\u00f6nderme yapt\u0131 ve Atat\u00fcrk\u2019ten bahsetti. Bunun \u00fczerine ordudan ihra\u00e7 edileceklerin g\u00f6r\u00fc\u015fmesine ge\u00e7ildi. 18 ki\u015finin durumu g\u00f6r\u00fc\u015f\u00fclmeye ba\u015fland\u0131.\u201d<\/p>\n<p style=\"text-align: justify;\"><strong>\u0130K\u0130 MEKTUP <\/strong><\/p>\n<p style=\"text-align: justify;\">MSB. (Milli Savunma Bakan\u0131 Vecdi G\u00f6n\u00fcl) Ge\u00e7en \u015furada oldu\u011fu gibi bu \u015eura\u2019da da \u00e7ekince koyaca\u011f\u0131n\u0131 ve bu \u00e7ekinceyi t\u00fcz\u00fc\u011f\u00fcn 24.inci maddesine g\u00f6re do\u011fal hakk\u0131 oldu\u011funu ifade etti.<\/p>\n<p style=\"text-align: justify;\">Arkas\u0131ndan Ba\u015fbakan da kendisinin de \u00e7ekince koyaca\u011f\u0131n\u0131 a\u00e7\u0131klad\u0131. Bunun \u00fczerine \u00fcyelerden baz\u0131lar\u0131 s\u00f6z alarak konu\u015fmak istediler.<\/p>\n<p style=\"text-align: justify;\">Asporuk Pa\u015fa (Hava Kuvvetleri Komutan\u0131 Orgeneral Cumhur Asparuk) iki mektup okudu. Genel temas\u0131 irtica nedeni ile ihra\u00e7 edilmi\u015f olan iki astsubay\u0131n pi\u015fmanl\u0131k duygular\u0131na dair olan mektuplard\u0131. H\u00fck\u00fcmete mesaj ise bizim yapt\u0131\u011f\u0131m\u0131z iyidir, at\u0131lanlar bile bizi teyit ediyor.<\/p>\n<p style=\"text-align: justify;\"><strong>DO\u011eAN \u00c7IKI\u015eTI<\/strong><\/p>\n<p style=\"text-align: justify;\">\u00c7etin Do\u011fan General ise \u201cSiz Aral\u0131k \u015euras\u0131\u2019nda da \u00e7ekince koydunuz (Abdullah G\u00fcl Ba\u015fbakan olarak kat\u0131lm\u0131\u015ft\u0131 26 Aral\u0131k 2000\u2019deki YA\u015e toplant\u0131s\u0131na) ve o g\u00fcnden bug\u00fcne hi\u00e7bir \u015fey de\u011fi\u015fmedi. Bizim yapt\u0131\u011f\u0131m\u0131z i\u015flem tamamen yasald\u0131r. E\u011fer yap\u0131lan bu yasal ile i\u015flemi be\u011fenmiyorsan\u0131z bug\u00fcne kadar yasal\u0131 de\u011fi\u015ftirseydiniz. Taban\u0131n\u0131za hitap edece\u011fim diye yapt\u0131\u011f\u0131n\u0131z i\u015f \u00fclkeye de\u011fil partinize yaramak ve yaranmak \u00fczere yap\u0131lmaktad\u0131r. Bu nedenle de samimi oldu\u011funa inanm\u0131yoruz ve bunu silahl\u0131 kuvvetler bir meydan okuma olarak kabul ediyoruz\u201d dedi.<\/p>\n<p style=\"text-align: justify;\"><strong>G\u00dcVEN SORUNU<\/strong><\/p>\n<p style=\"text-align: justify;\">S\u00f6z alan Kara Kuvvetleri Komutan\u0131 (Kara Kuvvetleri Komutan\u0131 Orgeneral Ayta\u00e7 Yalman) ise \u201cH\u00fck\u00fcmet ile silahl\u0131 kuvvetler aras\u0131nda b\u00fcy\u00fck bir g\u00fcven sorunu vard\u0131r\u201d dedi. Bilahare s\u00f6z alan MGK Genel Sekreteri Tuncer K\u0131l\u0131n\u00e7 ise, \u201cAt\u0131lan askerlerin devlette veya baz\u0131 siyasi partilerin hakim oldu\u011fu belediyelerde i\u015f bulmalar\u0131 bizi g\u00fccendirmektedir. Bir \u00e7e\u015fit bizimle alay edilmekte ve siz atarsan\u0131z bizde al\u0131r\u0131z denmek istenmektedir\u201d dedi. S\u00f6z alan Jandarma Genel Komutan\u0131 \u015eener Eruygur ise, \u201cBiz \u00e7ok dikkatli davran\u0131yoruz ve \u00e7ok esasl\u0131 bir elemeden ge\u00e7iyoruz hata yapma olas\u0131l\u0131\u011f\u0131m\u0131z az\u201d dedi ve bir \u00f6rnek verdi.<\/p>\n<p style=\"text-align: justify;\"><strong>TAVS\u0130YE<\/strong><\/p>\n<p style=\"text-align: justify;\">Yans\u0131 ile Genelkurmay Ba\u015fkan\u0131 (Orgeneral Hilmi \u00d6zk\u00f6k) s\u00f6z alarak, \u201c\u015eerh koymak yasal hakk\u0131n\u0131z ancak e\u011fer koymazsan\u0131z bu d\u0131\u015far\u0131ya bizim bir b\u00fct\u00fcn oldu\u011fumuz \u015feklinde yans\u0131yacakt\u0131r ve bu d\u00f6nemde ihtiyac\u0131m\u0131z olan konuda budur\u201d dedi.<\/p>\n<p style=\"text-align: justify;\"><strong>SIRA ERDO\u011eAN\u2019DA<\/strong><\/p>\n<p style=\"text-align: justify;\">Bunun \u00fczerine RTE s\u00f6z alarak \u201cBir g\u00fcven bunal\u0131m\u0131 yoktur. Bu konuyu abart\u0131yorsunuz, din istismar\u0131na bizde kar\u015f\u0131y\u0131z. Ama anlamad\u0131\u011f\u0131m\u0131z \u015fey g\u00fczide silahl\u0131 kuvvetlerimiz acaba neden bu sorununu yarg\u0131 yolu ile halletmiyor. Biz di\u011fer kararlar\u0131n \u00f6rne\u011fi terfilerin yarg\u0131ya kapal\u0131 olmas\u0131ndan yanay\u0131z ama at\u0131lanlara da ses \u00e7\u0131karm\u0131yoruz. Onlar\u0131n bunu hak etti\u011fine inan\u0131yoruz ama atma i\u015fleminin hukuk yoluyla ve yarg\u0131ya a\u00e7\u0131k olarak yap\u0131lmas\u0131n\u0131 istiyoruz. Silahl\u0131 kuvvetlerimiz acaba neden askeri yarg\u0131ya g\u00fcvenmiyor. Silahl\u0131 kuvvetlere meydan okuma tabirini uygun bulmad\u0131m ve yanl\u0131\u015f kullan\u0131ld\u0131\u011f\u0131ndan eminim. Baz\u0131 ki\u015filerin at\u0131ld\u0131ktan sonra devlet b\u00fcnyesinde i\u015f bulmalar\u0131 da yanl\u0131\u015f bir \u015fey de\u011fil. Zira atarak ki\u015fiyi cezaland\u0131r\u0131yorsunuz. E\u011fer devlette i\u015f vermezseniz ailesini de cezaland\u0131r\u0131rs\u0131n\u0131z\u201d diye bir konu\u015fma yapt\u0131.<\/p>\n<p style=\"text-align: justify;\"><span style=\"font-family: Arial,Verdana,Helvetica,sans-serif; font-size: x-small;\"><span style=\"color: #888888;\">Kaynak : Vatan<\/span><br \/>\n<\/span><\/p>\n","protected":false},"excerpt":{"rendered":"<p style=\"text-align: center;\">\n<p style=\"text-align: justify;\">Emekli Oramiral \u00d6zden \u00d6rnek&#8217;a ait &#8220;G\u00fcnl\u00fckler&#8221;in hi\u00e7 yay\u0131nlanmayan b\u00f6l\u00fcmleri de Ergenekon davas\u0131n\u0131n eklerine girdi<\/p>\n<p style=\"text-align: justify;\">Deniz Kuvvetleri eski Komutan\u0131 Oramiral \u00d6zden \u00d6rnek\u2019e ait oldu\u011fu iddia edilen \u201cDarbe G\u00fcnl\u00fckleri\u201d nin daha \u00f6nce yay\u0131nlanmam\u0131\u015f b\u00f6l\u00fcmleri de 13. A\u011f\u0131r Ceza Mahkamesi\u2019nde duru\u015fmalar\u0131 devam eden ve ad\u0131na \u201cErgenekon\u201d denilen dava hakk\u0131nda haz\u0131rlanan ikinci <\/p>\n","protected":false},"author":1,"featured_media":0,"comment_status":"open","ping_status":"closed","sticky":false,"template":"","format":"standard","meta":{"footnotes":""},"categories":[105],"tags":[],"class_list":["post-8690","post","type-post","status-publish","format-standard","hentry","category-gundem","odd"],"_links":{"self":[{"href":"http:\/\/www.korhanyilmaz.com\/index.php?rest_route=\/wp\/v2\/posts\/8690","targetHints":{"allow":["GET"]}}],"collection":[{"href":"http:\/\/www.korhanyilmaz.com\/index.php?rest_route=\/wp\/v2\/posts"}],"about":[{"href":"http:\/\/www.korhanyilmaz.com\/index.php?rest_route=\/wp\/v2\/types\/post"}],"author":[{"embeddable":true,"href":"http:\/\/www.korhanyilmaz.com\/index.php?rest_route=\/wp\/v2\/users\/1"}],"replies":[{"embeddable":true,"href":"http:\/\/www.korhanyilmaz.com\/index.php?rest_route=%2Fwp%2Fv2%2Fcomments&post=8690"}],"version-history":[{"count":0,"href":"http:\/\/www.korhanyilmaz.com\/index.php?rest_route=\/wp\/v2\/posts\/8690\/revisions"}],"wp:attachment":[{"href":"http:\/\/www.korhanyilmaz.com\/index.php?rest_route=%2Fwp%2Fv2%2Fmedia&parent=8690"}],"wp:term":[{"taxonomy":"category","embeddable":true,"href":"http:\/\/www.korhanyilmaz.com\/index.php?rest_route=%2Fwp%2Fv2%2Fcategories&post=8690"},{"taxonomy":"post_tag","embeddable":true,"href":"http:\/\/www.korhanyilmaz.com\/index.php?rest_route=%2Fwp%2Fv2%2Ftags&post=8690"}],"curies":[{"name":"wp","href":"https:\/\/api.w.org\/{rel}","templated":true}]}}