{"id":8685,"date":"2009-05-01T09:05:12","date_gmt":"2009-05-01T06:05:12","guid":{"rendered":"http:\/\/www.korhanyilmaz.com\/?p=8685"},"modified":"2009-05-01T09:05:12","modified_gmt":"2009-05-01T06:05:12","slug":"eruygur-neden-yanit-vermedi","status":"publish","type":"post","link":"http:\/\/www.korhanyilmaz.com\/?p=8685","title":{"rendered":"Eruygur neden yan\u0131t vermedi?"},"content":{"rendered":"<p style=\"text-align: justify;\"><img loading=\"lazy\" decoding=\"async\" class=\"aligncenter size-full wp-image-8686\" title=\"Eruygur neden yan\u0131t vermedi? \" src=\"http:\/\/www.korhanyilmaz.com\/wp-content\/uploads\/2009\/05\/010520090903344722540.jpg\" alt=\"Eruygur neden yan\u0131t vermedi? \" width=\"329\" height=\"210\" \/><strong><\/strong><\/p>\n<p style=\"text-align: justify;\"><strong><span style=\"font-family: Arial;\">&#8220;Genelkurmay Ba\u015fkan\u0131m\u0131z Say\u0131n Ya\u015far B\u00fcy\u00fckan\u0131t\u2019\u0131 zehirleme planlar\u0131n\u0131 ni\u00e7in yapt\u0131n\u0131z?&#8221;<\/span><\/strong><\/p>\n<p>Ergenekon ikinci iddianamesine ait ek klas\u00f6rlerde emekli Orgeneral \u015eener Eruygur\u2019a emniyette sorulan sorular da yer ald\u0131.<\/p>\n<p style=\"text-align: justify;\">Eruygur\u2019a sorulan en ilgin\u00e7 soru ise, \u201cGenelkurmay Ba\u015fkan\u0131m\u0131z Say\u0131n Ya\u015far B\u00fcy\u00fckan\u0131t\u2019\u0131 zehirleme planlar\u0131n\u0131 ni\u00e7in yapt\u0131n\u0131z?\u201d oldu. Eruygur bu soru kar\u015f\u0131s\u0131nda susma hakk\u0131n\u0131 kulland\u0131.<\/p>\n<p style=\"text-align: justify;\">Eruygur\u2019a \u0130stanbul Emniyet M\u00fcd\u00fcrl\u00fc\u011f\u00fc\u2019nde sorulan soru \u015f\u00f6yle: <!--more--><\/p>\n<p style=\"text-align: justify;\">\u201c\u00d6zden \u00d6rnek\u2019in Filiz isimli bayanla sizin bir \u015feyler kar\u0131\u015ft\u0131rd\u0131\u011f\u0131n\u0131z\u0131 s\u00f6yledi\u011fi, hatta Ya\u015far B\u00fcy\u00fckan\u0131t\u2019\u0131 zehirlemeye kadar varan planlar haz\u0131rlad\u0131\u011f\u0131n\u0131z\u0131, internet ortam\u0131nda Ya\u015far B\u00fcy\u00fckan\u0131t\u2019\u0131n 3 villa sahibi oldu\u011fu, \u0130mar Bankas\u0131\u2019ndan para \u00e7ekti\u011fi, Sevil isimli bir \u015fah\u0131s ile beraber asker i\u015fi yapt\u0131klar\u0131 gibi konularda haberler \u00e7\u0131kt\u0131\u011f\u0131 ve bu haberlerin sizin taraf\u0131n\u0131zdan yapt\u0131r\u0131ld\u0131\u011f\u0131 \u015feklinde ellerinde tespitler oldu\u011fu anla\u015f\u0131lm\u0131\u015ft\u0131r. \u201cGenelkurmay Ba\u015fkan\u0131m\u0131z Say\u0131n Ya\u015far B\u00fcy\u00fckan\u0131t\u2019\u0131 zehirleme planlar\u0131n\u0131 ni\u00e7in yapt\u0131n\u0131z? Genelkurmay Ba\u015fkan\u0131m\u0131z Say\u0131n Ya\u015far B\u00fcy\u00fckan\u0131t hakk\u0131nda internette \u00e7\u0131kan haberleri servis yapma amac\u0131n\u0131z neydi? A\u00e7\u0131klay\u0131n\u0131z.\u201d<\/p>\n<p style=\"text-align: justify;\"><span style=\"color: #888888;\">Kaynak : Vatan<\/span><\/p>\n<p style=\"text-align: justify;\"><span style=\"font-family: Arial,Verdana,Helvetica,sans-serif; font-size: x-small;\"> <\/span><\/p>\n","protected":false},"excerpt":{"rendered":"<p style=\"text-align: justify;\">\n<p style=\"text-align: justify;\">&#8220;Genelkurmay Ba\u015fkan\u0131m\u0131z Say\u0131n Ya\u015far B\u00fcy\u00fckan\u0131t\u2019\u0131 zehirleme planlar\u0131n\u0131 ni\u00e7in yapt\u0131n\u0131z?&#8221;<\/p>\n<p>Ergenekon ikinci iddianamesine ait ek klas\u00f6rlerde emekli Orgeneral \u015eener Eruygur\u2019a emniyette sorulan sorular da yer ald\u0131.<\/p>\n<p style=\"text-align: justify;\">Eruygur\u2019a sorulan en ilgin\u00e7 soru ise, \u201cGenelkurmay Ba\u015fkan\u0131m\u0131z Say\u0131n Ya\u015far B\u00fcy\u00fckan\u0131t\u2019\u0131 zehirleme planlar\u0131n\u0131 ni\u00e7in yapt\u0131n\u0131z?\u201d oldu. Eruygur bu soru kar\u015f\u0131s\u0131nda susma hakk\u0131n\u0131 kulland\u0131.<\/p>\n","protected":false},"author":1,"featured_media":0,"comment_status":"open","ping_status":"closed","sticky":false,"template":"","format":"standard","meta":{"footnotes":""},"categories":[105],"tags":[],"class_list":["post-8685","post","type-post","status-publish","format-standard","hentry","category-gundem","odd"],"_links":{"self":[{"href":"http:\/\/www.korhanyilmaz.com\/index.php?rest_route=\/wp\/v2\/posts\/8685","targetHints":{"allow":["GET"]}}],"collection":[{"href":"http:\/\/www.korhanyilmaz.com\/index.php?rest_route=\/wp\/v2\/posts"}],"about":[{"href":"http:\/\/www.korhanyilmaz.com\/index.php?rest_route=\/wp\/v2\/types\/post"}],"author":[{"embeddable":true,"href":"http:\/\/www.korhanyilmaz.com\/index.php?rest_route=\/wp\/v2\/users\/1"}],"replies":[{"embeddable":true,"href":"http:\/\/www.korhanyilmaz.com\/index.php?rest_route=%2Fwp%2Fv2%2Fcomments&post=8685"}],"version-history":[{"count":0,"href":"http:\/\/www.korhanyilmaz.com\/index.php?rest_route=\/wp\/v2\/posts\/8685\/revisions"}],"wp:attachment":[{"href":"http:\/\/www.korhanyilmaz.com\/index.php?rest_route=%2Fwp%2Fv2%2Fmedia&parent=8685"}],"wp:term":[{"taxonomy":"category","embeddable":true,"href":"http:\/\/www.korhanyilmaz.com\/index.php?rest_route=%2Fwp%2Fv2%2Fcategories&post=8685"},{"taxonomy":"post_tag","embeddable":true,"href":"http:\/\/www.korhanyilmaz.com\/index.php?rest_route=%2Fwp%2Fv2%2Ftags&post=8685"}],"curies":[{"name":"wp","href":"https:\/\/api.w.org\/{rel}","templated":true}]}}