{"id":8669,"date":"2009-04-30T10:17:05","date_gmt":"2009-04-30T07:17:05","guid":{"rendered":"http:\/\/www.korhanyilmaz.com\/?p=8669"},"modified":"2009-04-30T10:17:05","modified_gmt":"2009-04-30T07:17:05","slug":"yuregimize-aci-dustu-10-asker-sehit-edildi","status":"publish","type":"post","link":"http:\/\/www.korhanyilmaz.com\/?p=8669","title":{"rendered":"Y\u00fcre\u011fimize ac\u0131 d\u00fc\u015ft\u00fc: 10 asker \u015fehit edildi&#8230;"},"content":{"rendered":"<p style=\"text-align: justify;\"><img loading=\"lazy\" decoding=\"async\" class=\"aligncenter size-full wp-image-8670\" title=\"Y\u00fcre\u011fimize ac\u0131 d\u00fc\u015ft\u00fc: 10 asker \u015fehit edildi... \" src=\"http:\/\/www.korhanyilmaz.com\/wp-content\/uploads\/2009\/04\/d4620bec8a0ec44cbd204b96x.jpg\" alt=\"Y\u00fcre\u011fimize ac\u0131 d\u00fc\u015ft\u00fc: 10 asker \u015fehit edildi... \" width=\"475\" height=\"250\" \/>Lice&#8217;de bombal\u0131 tuzak patlat\u0131ld\u0131, z\u0131rhl\u0131 ara\u00e7taki 9 asker \u015fehit oldu. May\u0131na kar\u015f\u0131 korumal\u0131 arac\u0131n par\u00e7alanmas\u0131na, g\u00fc\u00e7l\u00fc patlay\u0131c\u0131n\u0131n neden oldu\u011fu belirtildi. Bir asker de \u015eemdinli&#8217;deki \u00e7at\u0131\u015fmada \u015fehit..<\/p>\n<p style=\"text-align: justify;\"><span class=\"ver11\">T\u00fcrkiye yine \u015fehit haberleriyle sars\u0131ld\u0131. 9 asker may\u0131nla, bir asker de \u00e7at\u0131\u015fmada \u015fehit oldu. Sald\u0131r\u0131, Diyarbak\u0131r&#8217;\u0131n Lice ve Hani il\u00e7eleri ile Bing\u00f6l&#8217;\u00fcn Gen\u00e7 il\u00e7esi aras\u0131ndaki Abal\u0131 K\u00f6y\u00fc k\u0131rsal\u0131nda 06:30 s\u0131ralar\u0131nda ya\u015fand\u0131. B\u00f6lgede devam eden operasyonlara kat\u0131lan askerlere m\u00fchimmat ve askeri malzeme ta\u015f\u0131yan konvoy, Abal\u0131 k\u00f6y\u00fc yak\u0131nlar\u0131ndan ge\u00e7mek \u00fczere yola \u00e7\u0131kt\u0131. Konvoyun yol g\u00fcvenli\u011fini sa\u011flamak amac\u0131yla Abal\u0131 Jandarma Karakolu&#8217;ndan bir tank ve z\u0131rhl\u0131 askeri ara\u00e7 g\u00f6revlendirildi. Abal\u0131 Jandarma Karakolu&#8217;ndan ayr\u0131lan tank ve Z\u0131rhl\u0131 Personel Ta\u015f\u0131y\u0131c\u0131(ZPT) g\u00f6revli askerleri belirlenen noktalarda konu\u015fland\u0131rmak \u00fczere yola \u00e7\u0131kt\u0131. <!--more-->Art arda ilerleyen ara\u00e7lar, ana yoldan ayr\u0131larak, ta\u015f\u0131d\u0131\u011f\u0131 askerleri hakim tepelere yerle\u015ftirmek \u00fczere da\u011fl\u0131k alana y\u00f6neldi. Ara\u00e7lar yolun yakla\u015f\u0131k 400 metre \u00f6tesindeki patika yolda, tepelere do\u011fru ilerlemesini s\u00fcrd\u00fcrd\u00fc. Bu s\u0131rada \u00f6n\u00fcndeki tank\u0131 takip eden personel ta\u015f\u0131y\u0131c\u0131n\u0131n ge\u00e7i\u015fi s\u0131ras\u0131nda PKK&#8217;l\u0131 ter\u00f6ristlerin daha \u00f6nceden d\u00f6\u015fedi\u011fi ve uzaktan kumandal\u0131 oldu\u011fu tahmin edilen patlay\u0131c\u0131 infilak ettirildi. Patlama, tanktaki askerler taraf\u0131ndan birliklerine haber verildi. Personel ta\u015f\u0131y\u0131c\u0131daki askerlere ilk m\u00fcdahaleyi de silah arkada\u015flar\u0131 yapt\u0131. Ara\u00e7ta bulunan askerlerden 8&#8217;i olay yerinde, 1&#8217;si ise Diyarbak\u0131r Asker Hastanesi&#8217;ne kald\u0131r\u0131lmak istenirken yolda \u015fehit oldu. Yaralanan 2 asker ise helikopterle Diyarbak\u0131r Asker Hastanesi&#8217;ne kald\u0131r\u0131ld\u0131. \u015eehit olan askerler: Uzman \u00c7avu\u015f Salih Aky\u00fcrek (Yozgat), Onur G\u00f6rmez (Ayd\u0131n-\u00c7ine), Emrah Polat (Ayd\u0131n-Nazilli), Erdal Oral (Kars-Ka\u011f\u0131zman), Zeynel Direk\u00e7i (Gaziantep), \u0130lhami Hardal (Kilis), Murat \u00c7avdar (Trabzon-Ma\u00e7ka), Mehmet Ali Karaduman (Manisa-Kula) ve Miktad Beder (Trabzon). Sald\u0131r\u0131n\u0131n ard\u0131ndan b\u00f6lgeye \u00e7ok say\u0131da asker sevk edildi. Patlay\u0131c\u0131n\u0131n uzaktan kumandal\u0131 veya kablolu bir mekanizma ile patlat\u0131ld\u0131\u011f\u0131 ihtimalini de\u011ferlendiren askerler, arazide bulunanlar\u0131 incelemeye ald\u0131. \u00c7obanlar ve k\u00f6yl\u00fclerin bilgisine ba\u015fvuruldu. \u00d6zel e\u011fitimli jandarma komando birlikleri karadan takibe ba\u015flarken, b\u00f6lge havadan da abluka alt\u0131na al\u0131nd\u0131.<\/span><\/p>\n<p style=\"text-align: justify;\"><strong>RDX KULLANILDI<br \/>\n<\/strong>Askerlerin i\u00e7inde bulundu\u011fu z\u0131rhl\u0131 arac\u0131n M-113 personel ta\u015f\u0131y\u0131c\u0131 oldu\u011fu a\u00e7\u0131kland\u0131. Alt\u0131 4.5 cm kal\u0131nl\u0131\u011f\u0131nda z\u0131rhla kapl\u0131 olan ara\u00e7, \u00f6zellikle may\u0131nl\u0131 sald\u0131r\u0131lara kar\u015f\u0131 kullan\u0131l\u0131yordu. Ancak patlaman\u0131n ard\u0131ndan arac\u0131n b\u00fcy\u00fck oranda par\u00e7aland\u0131\u011f\u0131, par\u00e7alar\u0131n da geni\u015f bir alana yay\u0131ld\u0131\u011f\u0131 g\u00f6zlendi. Arac\u0131n ana g\u00f6vdesi bir \u00e7ekici ile kald\u0131r\u0131l\u0131rken, inceleme ekipleri saatlerce s\u00fcren \u00e7al\u0131\u015fmayla ara\u00e7 par\u00e7alar\u0131 ve askerlerin \u00e7evreye da\u011f\u0131lan e\u015fyalar\u0131n\u0131 toplad\u0131. S\u00f6z konusu z\u0131rhl\u0131 personel ta\u015f\u0131y\u0131c\u0131s\u0131n\u0131n may\u0131na kar\u015f\u0131 korumal\u0131 olmas\u0131na ra\u011fmen bu denli hasar g\u00f6rmesi ve i\u00e7erisindeki 9 askerin \u015fehit olmas\u0131n\u0131n, kullan\u0131lan patlay\u0131c\u0131n\u0131n \u00e7ok g\u00fc\u00e7l\u00fc olmas\u0131ndan kaynakland\u0131\u011f\u0131 tahmin ediliyor. Ter\u00f6ristlerin muhtemelen uzaktan kumandal\u0131 veya kablolu sistemle patlatt\u0131klar\u0131 d\u00fczenekte TNT ile A4 ve C4 plastik patlay\u0131c\u0131lar\u0131n hammaddesi olarak bilinen RDX kullan\u0131ld\u0131\u011f\u0131 san\u0131l\u0131yor. El yap\u0131m\u0131 olan patlay\u0131c\u0131n\u0131n muhtemelen havan mermisi gibi patlay\u0131c\u0131 veya di\u011fer bombalar ile de g\u00fc\u00e7lendirildi\u011fi ihtimali \u00fczerinde duruluyor. Lice k\u0131rsal\u0131ndaki sald\u0131r\u0131n\u0131n duyulmas\u0131n\u0131n hemen ard\u0131ndan 2. Ordu Komutan\u0131 Orgeneral Necdet \u00d6zel ve 7. Kolordu Komutan\u0131 Korgeneral Bekir Kalyoncu da b\u00f6lgeye giderek incelemelerde bulundu. Ak\u015fam saatlerinde ise Cukurca&#8217;dan kalkan T\u00fcrk sava\u015f u\u00e7aklar\u0131n\u0131n PKK&#8217;n\u0131n- Zap Kamp\u0131&#8217;na y\u00f6neldi\u011fi g\u00f6r\u00fcld\u00fc. \u00d6te yandan Hakkari \u015eemdinli&#8217;de Irak s\u0131n\u0131r\u0131na s\u0131f\u0131r noktada bulunan Derecik beldesi yak\u0131nlar\u0131nda askeri birli\u011fe ate\u015f a\u00e7\u0131ld\u0131. \u00c7\u0131kan \u00e7at\u0131\u015fmada, yaralanan 3 askerden Kars n\u00fcfusuna kay\u0131tl\u0131 Olcay Ko\u00e7ak, hastaneye kald\u0131r\u0131l\u0131rken \u015fehit d\u00fc\u015ft\u00fc. Tunceli k\u0131rsal\u0131nda ki operasyonlarda da bir g\u00fcvenlik g\u00f6revlisi patlayan may\u0131nla yaraland\u0131.\n<\/p>\n<p class=\"haber_baslik baslik_renk\" style=\"text-align: justify;\"><strong>Day\u0131s\u0131 da 14 y\u0131l \u00f6nce \u015fehit olmu\u015f<\/strong><\/p>\n<p class=\"haber_baslik baslik_renk\" style=\"text-align: justify;\"><span class=\"ver11\">Diyarbak\u0131r&#8217;daki sald\u0131r\u0131da \u015fehit olanlardan 21 ya\u015f\u0131ndaki Emrah Polat&#8217;\u0131n day\u0131s\u0131 B\u00fclent \u00d6z\u00e7elik&#8217;in de 1995&#8217;te komando olarak askerli\u011fini yaparken s\u0131n\u0131r \u00f6tesi harekata kat\u0131ld\u0131\u011f\u0131 ve Kuzey Irak&#8217;taki Zaho kenti yak\u0131nlar\u0131nda may\u0131na basarak \u015fehit d\u00fc\u015ft\u00fc\u011f\u00fc ortaya \u00e7\u0131kt\u0131. \u015eehit erin, Ayd\u0131n&#8217;\u0131n Nazilli il\u00e7esindeki evine de ate\u015f d\u00fc\u015ft\u00fc. Ac\u0131 haberi vermeyi, Nazilli Kaymakam\u0131 Caner Y\u0131ld\u0131z \u00fcstlendi. \u015eehit erin evine, \u0130l\u00e7e Garnizon Komutan\u0131 Yarbay H\u00fcseyin Ulukaraa\u011fa\u00e7, \u0130l\u00e7e Jandarma B\u00f6l\u00fck Komutan\u0131 Binba\u015f\u0131 Kadir Ayhan, \u0130l\u00e7e Emniyet M\u00fcd\u00fcr\u00fc Abdullah G\u00fcnal ve sa\u011fl\u0131k ekipleriyle birlikte giden kaymakam zili \u00e7al\u0131nca kap\u0131y\u0131 baba Ya\u015far Polat a\u00e7t\u0131. Ard\u0131ndan da anne Nuran Polat d\u0131\u015far\u0131 \u00e7\u0131kt\u0131. \u00c7ocuklar\u0131n\u0131n ac\u0131 haberinin geldi\u011fini anlayan baba merdivenlere y\u0131\u011f\u0131l\u0131p kald\u0131. Anne Nuran Polat&#8217;ta oldu\u011fu yerde yere d\u00fc\u015ft\u00fc. Bayg\u0131nl\u0131k ge\u00e7iren anne ve babaya ilk olarak Kaymakam Y\u0131ld\u0131z yard\u0131ma gitti.<\/span><\/p>\n<p style=\"text-align: justify;\"><strong>HELALL\u0130K \u0130STED\u0130<br \/>\n<\/strong>Ard\u0131ndan sa\u011fl\u0131k ekipleri ve askeri personel ailenin yan\u0131na ko\u015ftu. Ac\u0131l\u0131 baba, kendisini teselli etmeye \u00e7al\u0131\u015fan \u0130l\u00e7e Jandarma Komutan\u0131 Binba\u015f\u0131 Kadir Ayhan&#8217;a sar\u0131larak g\u00f6zya\u015f\u0131 d\u00f6kt\u00fc. \u015eehidin a\u011fabeyi de \u00e7al\u0131\u015ft\u0131\u011f\u0131 yerde ac\u0131 haberi duyunca eve ko\u015ftu. Karsl\u0131 olan ailenin 4 y\u0131l \u00f6nce daha iyi bir ya\u015fam i\u00e7in Nazilli&#8217;ya g\u00f6\u00e7 etti\u011fi ve \u015fehit erin operasyonlara gitti\u011fi i\u00e7in s\u0131k s\u0131k ailesini arayarak, helallik istedi\u011fi \u00f6\u011frenildi.\n<\/p>\n<p class=\"haber_baslik baslik_renk\" style=\"text-align: justify;\"><strong>Aileler yasta Karaduman alt\u0131 ayl\u0131k askerdi&#8230;<\/strong><\/p>\n<p class=\"haber_baslik baslik_renk\" style=\"text-align: justify;\"><span class=\"ver11\">\u015eehitlerden 20 ya\u015f\u0131ndaki Mehmet Ali Karaduman&#8217;\u0131n, ac\u0131 haberi de Manisa&#8217;n\u0131n Kula il\u00e7esindeki evine \u00e7abuk ula\u015ft\u0131. Baba Kamil Karaduman&#8217;a haberi Kula Kaymakam\u0131 Muzaffer \u015eahiner ve \u0130l\u00e7e Jandarma Komutan\u0131 Y\u00fczba\u015f\u0131 Bayram Akta\u015f verdi. Baba, hastaneye kald\u0131r\u0131l\u0131rken, annesi haberi \u0130zmir&#8217;de ya\u015fayan k\u0131z\u0131 \u00d6zlem Sancar&#8217;\u0131n yan\u0131nda ald\u0131. \u015eehit er Mehmet Ali Karaduman&#8217;\u0131n 6 ayl\u0131k asker oldu\u011fu, acemi e\u011fitimini Isparta&#8217;da bulunan 40. Piyade Komando Alay Komutanl\u0131\u011f\u0131&#8217;na tamamlad\u0131ktan sonra da usta birli\u011fi i\u00e7in Diyarbak\u0131r&#8217;a gitti\u011fi \u00f6\u011frenildi. <\/span><\/p>\n<p class=\"haber_baslik baslik_renk\" style=\"text-align: justify;\"><strong>&#8216;Ben de K\u00fcrd\u00fcm vatan sa\u011folsun&#8217;<\/strong><\/p>\n<p class=\"haber_baslik baslik_renk\" style=\"text-align: justify;\"><span class=\"ver11\">Kars&#8217;\u0131n Ka\u011f\u0131zman il\u00e7esine ba\u011fl\u0131 \u00c7engili k\u00f6y\u00fcnde oturan \u015fehit er Erdal Oral, Rasim ve Mahi Oral \u00e7iftinin 3&#8217;\u00fc k\u0131z 7 \u00e7ocu\u011fundan biriydi. \u0130n\u015faatlarda \u00e7al\u0131\u015farak ailesinin ge\u00e7imini sa\u011flayan Erdal Oral, 6 ay \u00f6nce askere gitti. O\u011fluyla 3 g\u00fcn \u00f6nce telefonda g\u00f6r\u00fc\u015ft\u00fcklerini s\u00f6yleyen babas\u0131, &#8220;Ne mutlu bana ki \u015fehit babas\u0131 oldum. Vatan sa\u011f olsun&#8221; diye konu\u015ftu. Rasim Oral, kendisinin de K\u00fcrt k\u00f6kenli oldu\u011funu ancak hi\u00e7bir zaman vatana ihanet etmedi\u011fini vurgulad\u0131. Baba Oral, DTP lideri Ahmet T\u00fcrk&#8217;e de tepki g\u00f6sterdi. <\/span><\/p>\n<p class=\"haber_baslik baslik_renk\" style=\"text-align: justify;\"><strong>&#8216;Kavak a\u011fac\u0131n\u0131n alt\u0131na g\u00f6m\u00fcn&#8217;<\/strong><\/p>\n<p class=\"haber_baslik baslik_renk\" style=\"text-align: justify;\"><span class=\"ver11\">Trabzon&#8217;un Arsin il\u00e7esine ba\u011fl\u0131 \u00c7i\u00e7ekli k\u00f6y\u00fcn\u00fcn ilk \u015fehidi olan Miktad Beder&#8217;in yak\u0131nlar\u0131 s\u00fcrekli \u015fehit olaca\u011f\u0131n\u0131 s\u00f6yledi\u011fi ve evinin yan\u0131nda bulunan kavak a\u011fac\u0131n\u0131n alt\u0131na g\u00f6m\u00fclmesi i\u00e7in vasiyet verdi\u011fi \u00f6\u011frenildi. 5 ayl\u0131k asker olan Miktat Beder&#8217;in annesi Fatma Beder, &#8220;O\u011flum her \u015fehit haberi ald\u0131\u011f\u0131nda &#8216;Bu k\u00f6y\u00fcn ilk \u015fehidi ben olaca\u011f\u0131m. K\u00f6y\u00fcm\u00fcze \u015ferefli T\u00fcrk bayra\u011f\u0131n\u0131 ben diktirece\u011fim&#8217; diyordu. Dedi\u011fi oldu&#8221; diyerek a\u011f\u0131tlar yakt\u0131. Beder&#8217;in bug\u00fcn Trabzon&#8217;a getirilecek cenazesinin, Arsin&#8217;de topra\u011fa verilece\u011fi belirtildi. <\/span><\/p>\n<p class=\"haber_baslik baslik_renk\" style=\"text-align: justify;\"><strong>Tek erkek evlatt\u0131 o da \u015fehit oldu<\/strong><\/p>\n<p class=\"haber_baslik baslik_renk\" style=\"text-align: justify;\"><span class=\"ver11\">Hain sald\u0131r\u0131n\u0131n kurbanlar\u0131ndan er Murat \u00c7avdar&#8217;\u0131n \u0130stanbul&#8217;daki babaoca\u011f\u0131na ate\u015f d\u00fc\u015ft\u00fc. \u00c7avdar&#8217;\u0131n ac\u0131 haberi Beykoz Pa\u015fabah\u00e7e&#8217;deki evine &#8216;tez&#8217; ula\u015ft\u0131. \u015eehit haberine alan \u00c7avdar Ailesi&#8217;nin evinden feryatlar ve a\u011f\u0131tlar y\u00fckseldi. Trabzon&#8217;lu \u00c7avdar Ailesi&#8217;nin tek erkek evlad\u0131 olan Murat, berberlik yaparken vatan g\u00f6revi i\u00e7in Diyarbak\u0131r&#8217;a gitti. Terhisine 4 ay kala hain sald\u0131r\u0131n\u0131n kurban\u0131 olan Murat, geride y\u00fcre\u011fi yanan anne, baba ile 2 k\u0131zkarde\u015f b\u0131rakt\u0131. \u015eehit \u00c7avdar&#8217;\u0131n cenazesi yar\u0131n \u0130stanbul&#8217;da yap\u0131lacak t\u00f6renin ard\u0131ndan Edirnekap\u0131 \u015eehitli\u011fi&#8217;nde topra\u011fa verilecek.<\/span><\/p>\n<p class=\"haber_baslik baslik_renk\" style=\"text-align: justify;\"><strong>&#8216;Kont\u00f6r bitmi\u015fti konu\u015famad\u0131m&#8217;<\/strong><\/p>\n<p class=\"haber_baslik baslik_renk\" style=\"text-align: justify;\"><span class=\"ver11\">\u015eehitlerden 21 ya\u015f\u0131ndaki Onur G\u00f6rmez&#8217;in, Ayd\u0131n&#8217;\u0131n Karpuzlu il\u00e7esine ba\u011fl\u0131 \u00d6merler k\u00f6y\u00fcndeki ailesi, 5 ay \u00f6nce davul zurnayla askere g\u00f6nderdikleri tek o\u011fullar\u0131n\u0131n \u015fehit d\u00fc\u015ft\u00fc\u011f\u00fcn\u00fc \u00f6\u011frenince y\u0131k\u0131ld\u0131. \u00c7ift\u00e7ilikle u\u011fra\u015fan baba Kamil G\u00f6rmez&#8217;in, e\u015fi ve k\u0131z\u0131n Tennur G\u00f6rmez&#8217;in, o\u011fluyla g\u00f6r\u00fc\u015febilmeleri i\u00e7in kont\u00f6rl\u00fc cep telefonunu eve b\u0131rakt\u0131\u011f\u0131, ancak Onur&#8217;u arayan annesinin, o\u011fluyla kont\u00f6r\u00fc bitti\u011fi i\u00e7in g\u00f6r\u00fc\u015femedi\u011fi \u00f6\u011frenildi. G\u00f6z\u00fc ya\u015fl\u0131 anne Nursel G\u00f6rmez, &#8220;Kont\u00f6r bitti g\u00f6r\u00fc\u015femedim, g\u00fczel yavrum sana doyamad\u0131m&#8221; diye a\u011f\u0131t yakt\u0131. <\/span><\/p>\n<p class=\"haber_baslik baslik_renk\" style=\"text-align: justify;\"><strong>\u015eehit uzman \u00e7avu\u015fun e\u015fi hamile<\/strong><\/p>\n<p style=\"text-align: justify;\"><span class=\"ver11\">\u015eehitlerden 33 ya\u015f\u0131ndaki Kilisli uzman \u00c7avu\u015f \u0130lhami Hardal&#8217;\u0131n ailesi de gelen ac\u0131 haberle y\u0131k\u0131ld\u0131. E\u015fi Seval Hardal&#8217;\u0131n 4 ayl\u0131k hamile oldu\u011fu ortaya \u00e7\u0131kan \u015fehit uzman \u00e7avu\u015funun babas\u0131n\u0131n da birka\u00e7 y\u0131l \u00f6nce ya\u015fam\u0131n\u0131 yitirdi\u011fi \u00f6\u011frenildi. Dokuz y\u0131ll\u0131k evli olan \u015fehit uzman \u00e7avu\u015fun \u015feker hastas\u0131 olan anne Hatice Hardal ise ac\u0131 haberi duyunca fenala\u015ft\u0131. <\/span><\/p>\n<p class=\"haber_baslik baslik_renk\" style=\"text-align: justify;\"><strong>Askerden 7 ay \u00f6nce evlendi<\/strong><\/p>\n<p style=\"text-align: justify;\"><span class=\"ver11\">Gaziantepli 20 ya\u015f\u0131ndaki \u015fehit Er Zeynel Direk\u00e7i&#8217;nin 1 y\u0131l \u00f6nce evlendi\u011fi ve 5 ayl\u0131k asker oldu\u011fu ortaya \u00e7\u0131kt\u0131. Direk\u00e7i ailesinin 4 \u00e7ocu\u011funun ikincisi olan \u015fehit erin babas\u0131n\u0131 3 y\u0131l \u00f6nce kaybetti\u011fi, annesi Sultan Direk\u00e7i&#8217;nin de Nizip&#8217;in Sinan k\u00f6y\u00fcnde ya\u015fad\u0131\u011f\u0131 belirtildi. Ac\u0131 haberi alan \u015fehit erin karde\u015fi Mehmet Direk\u00e7i, sinir krizleri ge\u00e7irdi. <\/span><\/p>\n<p class=\"haber_baslik baslik_renk\" style=\"text-align: justify;\"><span style=\"color: #993300;\"><strong>Tepkiler&#8230;<\/strong><\/span><\/p>\n<p style=\"text-align: justify;\"><span class=\"ver11\"><strong>Kanl\u0131 sald\u0131r\u0131y\u0131 PKK \u00fcstlendi<\/strong><br \/>\n9<strong> <\/strong>askerin \u015fehit oldu\u011fu sald\u0131r\u0131y\u0131 PKK&#8217;n\u0131n askeri kanad\u0131 HPG (Halk Savunma G\u00fc\u00e7leri) \u00fcstlendi. Eylemin savunma amac\u0131yla ger\u00e7ekle\u015ftirildi\u011fi belirtilerek &#8216;eylemsizlik karar\u0131m\u0131za ba\u011fl\u0131y\u0131z&#8217; denildi. HPG&#8217;ye ait oldu\u011fu \u00f6ne s\u00fcr\u00fclen internet sitesinde sald\u0131r\u0131 ile ilgili olarak yap\u0131lan a\u00e7\u0131klamada, eylemin sald\u0131r\u0131 de\u011fil, savunma ama\u00e7l\u0131 bir misilleme oldu\u011fu belirtilerek, &#8220;1 Haziran&#8217;a kadarki eylemsizlik karar\u0131na olan ba\u011fl\u0131l\u0131\u011f\u0131m\u0131z devam etmektedir&#8221; denildi.<\/span><\/p>\n<p style=\"text-align: justify;\"><strong>Nelerin ba\u011flant\u0131l\u0131 oldu\u011fu belli olacak<br \/>\n<\/strong>Ankara<strong>&#8211; <\/strong>Ba\u015fbakan Erdo\u011fan, Lice&#8217;de 9 askerin \u015fehit olmas\u0131n\u0131n ard\u0131ndan, &#8220;Neyin nelerle ilintili oldu\u011fu, ba\u011flant\u0131l\u0131 oldu\u011fu hepsi g\u00fcnbeg\u00fcn g\u00fcn y\u00fcz\u00fcne \u00e7\u0131k\u0131yor. \u0130nan\u0131yorum ki yap\u0131lan bu \u00e7al\u0131\u015fmalarla bunlar g\u00fcn y\u00fcz\u00fcne \u00e7\u0131kmaya da devam edecek&#8221; dedi. TBMM Ba\u015fkan\u0131 K\u00f6ksal Toptan, &#8220;Ter\u00f6r nereden gelirse gelsin, ter\u00f6r\u00fcn bir insanl\u0131k su\u00e7u oldu\u011fu ger\u00e7e\u011fini kesinlikle ortadan kald\u0131rmaz&#8221; dedi.Toptan, T\u00fcrkiye&#8217;nin ter\u00f6rle m\u00fccadelesini bug\u00fcne kadar nas\u0131l y\u00fcr\u00fctt\u00fcyse, bundan sonra da \u00e7ok y\u00f6nl\u00fc olarak s\u00fcrd\u00fcrece\u011fini vurgulad\u0131.<\/p>\n<p style=\"text-align: justify;\"><strong>DTP: Derin bir \u00fcz\u00fcnt\u00fc duyduk<br \/>\n<\/strong>DTP Genel Ba\u015fkan\u0131 Ahmet T\u00fcrk ise yaz\u0131l\u0131 bir a\u00e7\u0131klama yaparak, olaydan \u00fcz\u00fcnt\u00fc duydu\u011funu kaydetti. 9 asker i\u00e7in &#8220;\u015fehit&#8221; s\u00f6zc\u00fcn\u00fc kullanmayan T\u00fcrk&#8217;\u00fcn a\u00e7\u0131klamas\u0131 \u015f\u00f6yle: &#8220;\u00d6ncelikle olaydan derin bir \u00fcz\u00fcnt\u00fc duyuyor, daha hayatlar\u0131n\u0131n bahar\u0131nda iken ya\u015famlar\u0131n\u0131 yitiren gencecik karde\u015flerimize Allah&#8217;tan rahmet, ailelerine de ba\u015fsa\u011fl\u0131\u011f\u0131 diliyoruz. \u0130nsan hayat\u0131n\u0131 hedef alan hi\u00e7bir \u015fiddet eylemini bug\u00fcne kadar tasvip etmedik, tasvip etmeyece\u011fiz. Bu \u00fclkenin sorunlar\u0131n\u0131n bedeli gen\u00e7lerimize ve \u00e7ocuklar\u0131m\u0131za \u00f6detilmemelidir. Bar\u0131\u015f i\u00e7inde bir T\u00fcrkiye \u00f6zlemi ile bu ac\u0131 olaydan duydu\u011fumuz \u00fcz\u00fcnt\u00fcy\u00fc ifade ederken \u00f6l\u00fcmlerin son olmas\u0131n\u0131 diliyoruz.&#8221;<\/p>\n<p style=\"text-align: justify;\"><span class=\"ver11\"><span style=\"color: #808080;\">Kaynak : Sabah <\/span><br \/>\n<\/span><\/p>\n<p class=\"haber_baslik baslik_renk\" style=\"text-align: justify;\"><span class=\"ver11\"><br \/>\n<\/span><\/p>\n","protected":false},"excerpt":{"rendered":"<p style=\"text-align: justify;\">Lice&#8217;de bombal\u0131 tuzak patlat\u0131ld\u0131, z\u0131rhl\u0131 ara\u00e7taki 9 asker \u015fehit oldu. May\u0131na kar\u015f\u0131 korumal\u0131 arac\u0131n par\u00e7alanmas\u0131na, g\u00fc\u00e7l\u00fc patlay\u0131c\u0131n\u0131n neden oldu\u011fu belirtildi. Bir asker de \u015eemdinli&#8217;deki \u00e7at\u0131\u015fmada \u015fehit..<\/p>\n<p style=\"text-align: justify;\">T\u00fcrkiye yine \u015fehit haberleriyle sars\u0131ld\u0131. 9 asker may\u0131nla, bir asker de \u00e7at\u0131\u015fmada \u015fehit oldu. Sald\u0131r\u0131, Diyarbak\u0131r&#8217;\u0131n Lice ve Hani il\u00e7eleri ile Bing\u00f6l&#8217;\u00fcn Gen\u00e7 il\u00e7esi aras\u0131ndaki <\/p>\n","protected":false},"author":1,"featured_media":0,"comment_status":"open","ping_status":"closed","sticky":false,"template":"","format":"standard","meta":{"footnotes":""},"categories":[105],"tags":[],"class_list":["post-8669","post","type-post","status-publish","format-standard","hentry","category-gundem","odd"],"_links":{"self":[{"href":"http:\/\/www.korhanyilmaz.com\/index.php?rest_route=\/wp\/v2\/posts\/8669","targetHints":{"allow":["GET"]}}],"collection":[{"href":"http:\/\/www.korhanyilmaz.com\/index.php?rest_route=\/wp\/v2\/posts"}],"about":[{"href":"http:\/\/www.korhanyilmaz.com\/index.php?rest_route=\/wp\/v2\/types\/post"}],"author":[{"embeddable":true,"href":"http:\/\/www.korhanyilmaz.com\/index.php?rest_route=\/wp\/v2\/users\/1"}],"replies":[{"embeddable":true,"href":"http:\/\/www.korhanyilmaz.com\/index.php?rest_route=%2Fwp%2Fv2%2Fcomments&post=8669"}],"version-history":[{"count":0,"href":"http:\/\/www.korhanyilmaz.com\/index.php?rest_route=\/wp\/v2\/posts\/8669\/revisions"}],"wp:attachment":[{"href":"http:\/\/www.korhanyilmaz.com\/index.php?rest_route=%2Fwp%2Fv2%2Fmedia&parent=8669"}],"wp:term":[{"taxonomy":"category","embeddable":true,"href":"http:\/\/www.korhanyilmaz.com\/index.php?rest_route=%2Fwp%2Fv2%2Fcategories&post=8669"},{"taxonomy":"post_tag","embeddable":true,"href":"http:\/\/www.korhanyilmaz.com\/index.php?rest_route=%2Fwp%2Fv2%2Ftags&post=8669"}],"curies":[{"name":"wp","href":"https:\/\/api.w.org\/{rel}","templated":true}]}}