{"id":8664,"date":"2009-04-27T10:35:03","date_gmt":"2009-04-27T07:35:03","guid":{"rendered":"http:\/\/www.korhanyilmaz.com\/?p=8664"},"modified":"2009-04-27T10:35:03","modified_gmt":"2009-04-27T07:35:03","slug":"aclik-siniri-738-tl","status":"publish","type":"post","link":"http:\/\/www.korhanyilmaz.com\/?p=8664","title":{"rendered":"A\u00e7l\u0131k s\u0131n\u0131r\u0131 738 TL"},"content":{"rendered":"<p style=\"text-align: center;\"><img loading=\"lazy\" decoding=\"async\" class=\"aligncenter size-full wp-image-8665\" title=\"A\u00e7l\u0131k s\u0131n\u0131r\u0131 738 TL \" src=\"http:\/\/www.korhanyilmaz.com\/wp-content\/uploads\/2009\/04\/aysimitsn.jpg\" alt=\"A\u00e7l\u0131k s\u0131n\u0131r\u0131 738 TL \" width=\"329\" height=\"214\" \/><\/p>\n<p style=\"text-align: justify;\">Asgari \u00fccretin 527 TL oldu\u011fu T\u00fcrkiye&#8217;de Nisan ay\u0131nda d\u00f6rt ki\u015filik ailenin a\u00e7l\u0131k s\u0131n\u0131r\u0131n\u0131n 738, yoksulluk s\u0131n\u0131r\u0131n\u0131n 2 bin 404 TL oldu\u011fu hesapland\u0131.<\/p>\n<p style=\"text-align: justify;\">T\u00dcRK-\u0130\u015e, 22 y\u0131ld\u0131r s\u00fcrd\u00fcrd\u00fc\u011f\u00fc A\u00e7l\u0131k ve Yoksulluk S\u0131n\u0131r\u0131 \u00e7al\u0131\u015fmas\u0131n\u0131n Nisan sonu\u00e7lar\u0131n\u0131 a\u00e7\u0131klad\u0131. Buna g\u00f6re; d\u00f6rt ki\u015filik bir ailenin dengeli, sa\u011fl\u0131kl\u0131 ve yeterli beslenebilmesi i\u00e7in yapmas\u0131 gereken g\u0131da harcamas\u0131 tutar\u0131 (a\u00e7l\u0131k s\u0131n\u0131r\u0131) 738.33 TL olarak hesapland\u0131. Mutfak harcamas\u0131 yan\u0131s\u0131ra yap\u0131lmas\u0131 zorunlu konut (kira, yakacak, elektrik, su vb), ula\u015f\u0131m, giyim, e\u011fitim, haberle\u015fme ve benzeri harcamalar da dikkate al\u0131nd\u0131\u011f\u0131nda, di\u011fer bir ifadeyle d\u00f6rt ki\u015filik bir ailenin &#8220;insan onuruna yara\u015f\u0131r&#8221; ya\u015fam s\u00fcrd\u00fcrebilmesi i\u00e7in haneye girmesi gereken toplam tutar(yoksulluk s\u0131n\u0131r\u0131) ise 2 bin 404.97 TL oldu.<!--more--><\/p>\n<p style=\"text-align: justify;\">Ge\u00e7en y\u0131l\u0131n Nisan ay\u0131nda a\u00e7l\u0131k s\u0131n\u0131r\u0131 717.07, yoksulluk s\u0131n\u0131r\u0131 ise 2 bin 335.73 TL olarak hesaplanm\u0131\u015ft\u0131. Mart 2009&#8217;da ise a\u00e7l\u0131k s\u0131n\u0131r\u0131 744.65, yoksulluk s\u0131n\u0131r\u0131 2 bin 425.55 TL olmu\u015ftu.<\/p>\n<p style=\"text-align: justify;\"><strong>-KR\u0130Z ETK\u0130S\u0130 G\u00d6R\u00dcL\u00dcYOR-<\/strong><\/p>\n<p style=\"text-align: justify;\">T\u00dcRK-\u0130\u015e&#8217;in \u00e7al\u0131\u015fmas\u0131na g\u00f6re, d\u00f6rt ki\u015filik ailenin yapmas\u0131 gereken ek harcama tutar\u0131 y\u0131lba\u015f\u0131na g\u00f6re geriledi. Ekonomik krizi ile kendini g\u00f6steren talep gerilemesi zorunlu harcamalarda bile etkisini g\u00f6sterdi. Asl\u0131nda enflasyondaki gerileme bir anlamda sa\u011fl\u0131ks\u0131z ekonominin \u00f6nemli bir g\u00f6stergesi oldu. Bir ayl\u0131k \u00e7al\u0131\u015fman\u0131n kar\u015f\u0131l\u0131\u011f\u0131 olarak elde edilen net asgari \u00fccret halen 527.13 TL d\u00fczeyinde bulunuyor. Ekonomik kriz nedeniyle i\u015fini kaybedip i\u015fsizlik sigortas\u0131 kapsam\u0131nda i\u015fsizlik \u00f6dene\u011fi alabilen s\u0131n\u0131rl\u0131 say\u0131daki \u00e7al\u0131\u015fana yap\u0131lan ortalama ayl\u0131k \u00f6deme ise 348 TL. Kay\u0131td\u0131\u015f\u0131 \u00e7al\u0131\u015fmak durumunda olanlar\u0131n bu \u00f6denekten yararlanma imkan\u0131 zaten bulunmuyor.<\/p>\n<p style=\"text-align: justify;\">T\u00dcRK-\u0130\u015e&#8217;in verileri temel al\u0131nd\u0131\u011f\u0131nda Nisan 2009 ay\u0131 itibariyle &#8220;mutfak enflasyonu&#8221;ndaki de\u011fi\u015fim \u015f\u00f6yle oldu:<br \/>\nAnkara&#8217;da ya\u015fayan d\u00f6rt ki\u015filik bir ailenin &#8220;g\u0131da i\u00e7in&#8221; yapmas\u0131 gereken asgari harcama tutar\u0131 bir \u00f6nceki aya g\u00f6re y\u00fczde 0.85 oran\u0131nda geriledi.\n<\/p>\n<p style=\"text-align: justify;\">Ya\u015fanan ekonomik kriz sonucu gerileyen talep g\u0131da harcamas\u0131 tutar\u0131ndaki de\u011fi\u015fimi de etkilemi\u015f ve y\u0131l\u0131n ilk d\u00f6rt ay\u0131 itibariyle y\u00fczde 0.18 oran\u0131nda gerileme belirlendi.<\/p>\n<p style=\"text-align: justify;\">G\u0131da harcamas\u0131 tutar\u0131ndaki art\u0131\u015f son 12 ay itibariyle sadece y\u00fczde 2.96 d\u00fczeyinde oldu.<\/p>\n<p style=\"text-align: justify;\">Y\u0131ll\u0131k ortalama art\u0131\u015f ise y\u00fczde gerilemeye devam etti ve y\u00fczde 9.51 oran\u0131nda ger\u00e7ekle\u015fti.<\/p>\n<p style=\"text-align: justify;\">G\u0131da harcamas\u0131 \u00e7al\u0131\u015fmas\u0131na temel al\u0131nan beslenme kal\u0131b\u0131nda yer alan baz\u0131 \u00fcr\u00fcnlerin fiyatlar\u0131nda Nisan 2009 itibariyle g\u00f6zlenen de\u011fi\u015fim \u015fu \u015fekilde ger\u00e7ekle\u015fti:<\/p>\n<p style=\"text-align: justify;\"><strong>-GIDA F\u0130YATLARINDA DE\u011e\u0130\u015e\u0130M-<\/strong><\/p>\n<p style=\"text-align: justify;\">S\u00fct, yo\u011furt, peynir grubunda; s\u00fct ve peynir fiyat\u0131 de\u011fi\u015fmedi, peynir fiyat\u0131 ise y\u00fczde 4.02 oran\u0131nda artt\u0131. Bunun etkisiyle mutfak harcamas\u0131na yakla\u015f\u0131k 1.35 TL tutar\u0131nda y\u00fck geldi.<\/p>\n<p style=\"text-align: justify;\">Et, tavuk, bal\u0131k, sakatat, bakliyat gibi \u00fcr\u00fcnlerin bulundu\u011fu grupta; et fiyat\u0131 k\u0131yma ve ku\u015fba\u015f\u0131 olarak y\u00fczde 1.25 ve 1.32 oran\u0131nda artt\u0131, tavuk fiyat\u0131 ise ge\u00e7ti\u011fimiz aya g\u00f6re geriledi. Ayn\u0131 bi\u00e7imde bal\u0131k fiyat\u0131 ortalama olarak geriledi, yumurta ve sakatat fiyat\u0131 ayn\u0131 kald\u0131. Bakliyat \u00fcr\u00fcnleri (kuru fasulye, nohut, ye\u015fil ve k\u0131rm\u0131z\u0131 mercimek, barbunya) fiyat\u0131 ise genelde de\u011fi\u015fmedi, sadece k\u0131rm\u0131z\u0131 mercimek fiyat\u0131nda -\u00e7ok az da olsa- gerileme g\u00f6zlendi. Bu grupta yer alan g\u0131da maddelerindeki fiyat de\u011fi\u015fimi bir b\u00fct\u00fcn olarak de\u011ferlendirildi\u011finde, mutfak harcamas\u0131n\u0131 art\u0131ran etkisi oldu.<\/p>\n<p style=\"text-align: justify;\">Mutfak harcamas\u0131n\u0131 olumlu y\u00f6nde etkileyen unsur \u00f6zellikle sebze fiyatlar\u0131ndaki gerileme oldu. Mart ay\u0131nda ortalama kilogram sebze fiyat\u0131 2.25 TL ve meyve fiyat\u0131 2 TL iken, bu ay sebze fiyat\u0131 1.95 TL ve meyve fiyat\u0131 2.29 TL olarak hesapland\u0131. Hesaplamada pazarda yo\u011fun olarak bulunan ve sat\u0131lan \u00fcr\u00fcnler temel al\u0131nd\u0131. Bu grupta yer alan g\u0131da maddelerindeki fiyat de\u011fi\u015fimi mutfak harcamas\u0131n\u0131 azaltan etkide oldu.<\/p>\n<p style=\"text-align: justify;\">Ekmek, pirin\u00e7, un gibi \u00fcr\u00fcnlerin bulundu\u011fu grupta; ekmek, un ve irmik fiyat\u0131 ayn\u0131 kalm\u0131\u015f, makarna ve bulgur fiyat\u0131nda gerileme g\u00f6r\u00fcld\u00fc. Ancak pirin\u00e7 fiyat\u0131nda bu ay y\u00fczde 13.74 oran\u0131nda art\u0131\u015f g\u00f6r\u00fcld\u00fc. Bu grupta yer alan g\u0131da maddelerindeki fiyat de\u011fi\u015fimi mutfak harcamas\u0131n\u0131 y\u00fckselten y\u00f6nde oldu.<\/p>\n<p style=\"text-align: justify;\">Son grup i\u00e7inde yer alan g\u0131da maddelerinden; tereya\u011f\u0131, margarin, zeytinya\u011f\u0131 ve ay\u00e7i\u00e7e\u011fi ya\u011f\u0131 fiyat\u0131 de\u011fi\u015fmemi\u015f, margarin fiyat\u0131 ise artt\u0131. Siyah zeytin fiyat\u0131 de\u011fi\u015fmezken ye\u015fil zeytin fiyat\u0131 biraz geriledi. Baharatlardan (kimyon, nane, karabiber, vb) fiyat\u0131 de\u011fi\u015fen olmam\u0131\u015f, ayn\u0131 \u015fekilde bal, re\u00e7el, \u015feker, tuz, \u00e7ay, \u0131hlamur, sal\u00e7a fiyat\u0131 da ayn\u0131 kalm\u0131\u015f, pekmez ise ucuzlad\u0131. Ya\u011fl\u0131 tohum (ceviz, f\u0131nd\u0131k, f\u0131st\u0131k, ay\u00e7ekirde\u011fi vb) \u00fcr\u00fcnlerinden ceviz ve antep f\u0131st\u0131\u011f\u0131n\u0131n fiyat\u0131 gerilemi\u015f, f\u0131nd\u0131\u011f\u0131n fiyat\u0131 ise artt\u0131. Bu grupta yer alan g\u0131da maddeleri bir b\u00fct\u00fcn olarak de\u011ferlendirildi\u011finde, fiyatlardaki de\u011fi\u015fim mutfak harcamas\u0131n\u0131 azaltan y\u00f6nde oldu.<\/p>\n<p style=\"text-align: justify;\"><span style=\"color: #888888;\">ANKA<\/span><\/p>\n","protected":false},"excerpt":{"rendered":"<p style=\"text-align: center;\">\n<p style=\"text-align: justify;\">Asgari \u00fccretin 527 TL oldu\u011fu T\u00fcrkiye&#8217;de Nisan ay\u0131nda d\u00f6rt ki\u015filik ailenin a\u00e7l\u0131k s\u0131n\u0131r\u0131n\u0131n 738, yoksulluk s\u0131n\u0131r\u0131n\u0131n 2 bin 404 TL oldu\u011fu hesapland\u0131.<\/p>\n<p style=\"text-align: justify;\">T\u00dcRK-\u0130\u015e, 22 y\u0131ld\u0131r s\u00fcrd\u00fcrd\u00fc\u011f\u00fc A\u00e7l\u0131k ve Yoksulluk S\u0131n\u0131r\u0131 \u00e7al\u0131\u015fmas\u0131n\u0131n Nisan sonu\u00e7lar\u0131n\u0131 a\u00e7\u0131klad\u0131. Buna g\u00f6re; d\u00f6rt ki\u015filik bir ailenin dengeli, sa\u011fl\u0131kl\u0131 ve yeterli beslenebilmesi i\u00e7in yapmas\u0131 gereken <\/p>\n","protected":false},"author":1,"featured_media":0,"comment_status":"open","ping_status":"closed","sticky":false,"template":"","format":"standard","meta":{"footnotes":""},"categories":[7],"tags":[],"class_list":["post-8664","post","type-post","status-publish","format-standard","hentry","category-ekonomi","odd"],"_links":{"self":[{"href":"http:\/\/www.korhanyilmaz.com\/index.php?rest_route=\/wp\/v2\/posts\/8664","targetHints":{"allow":["GET"]}}],"collection":[{"href":"http:\/\/www.korhanyilmaz.com\/index.php?rest_route=\/wp\/v2\/posts"}],"about":[{"href":"http:\/\/www.korhanyilmaz.com\/index.php?rest_route=\/wp\/v2\/types\/post"}],"author":[{"embeddable":true,"href":"http:\/\/www.korhanyilmaz.com\/index.php?rest_route=\/wp\/v2\/users\/1"}],"replies":[{"embeddable":true,"href":"http:\/\/www.korhanyilmaz.com\/index.php?rest_route=%2Fwp%2Fv2%2Fcomments&post=8664"}],"version-history":[{"count":0,"href":"http:\/\/www.korhanyilmaz.com\/index.php?rest_route=\/wp\/v2\/posts\/8664\/revisions"}],"wp:attachment":[{"href":"http:\/\/www.korhanyilmaz.com\/index.php?rest_route=%2Fwp%2Fv2%2Fmedia&parent=8664"}],"wp:term":[{"taxonomy":"category","embeddable":true,"href":"http:\/\/www.korhanyilmaz.com\/index.php?rest_route=%2Fwp%2Fv2%2Fcategories&post=8664"},{"taxonomy":"post_tag","embeddable":true,"href":"http:\/\/www.korhanyilmaz.com\/index.php?rest_route=%2Fwp%2Fv2%2Ftags&post=8664"}],"curies":[{"name":"wp","href":"https:\/\/api.w.org\/{rel}","templated":true}]}}