{"id":8654,"date":"2009-04-27T11:22:59","date_gmt":"2009-04-27T08:22:59","guid":{"rendered":"http:\/\/www.korhanyilmaz.com\/?p=8654"},"modified":"2009-04-27T11:22:59","modified_gmt":"2009-04-27T08:22:59","slug":"ozkokten-sekiz-saatlik-ergenekon-ifadesi","status":"publish","type":"post","link":"http:\/\/www.korhanyilmaz.com\/?p=8654","title":{"rendered":"\u00d6zk\u00f6k&#039;ten sekiz saatlik Ergenekon ifadesi"},"content":{"rendered":"<p style=\"text-align: center;\"><img loading=\"lazy\" decoding=\"async\" class=\"aligncenter size-full wp-image-8655\" title=\"Eski Genelkurmay Ba\u015fkan\u0131 emekli orgeneral Hilmi \u00d6zk\u00f6k\" src=\"http:\/\/www.korhanyilmaz.com\/wp-content\/uploads\/2009\/04\/fft28_mf163385.jpeg\" alt=\"Eski Genelkurmay Ba\u015fkan\u0131 emekli orgeneral Hilmi \u00d6zk\u00f6k\" width=\"306\" height=\"204\" \/><\/p>\n<p style=\"text-align: center;\">\n<p style=\"text-align: justify;\">Eski Genelkurmay Ba\u015fkan\u0131 emekli orgeneral Hilmi \u00d6zk\u00f6k, \u0130zmir Adliyesi&#8217;ndeki \u00f6zel bir odada, Ergenekon soru\u015fturmas\u0131n\u0131 y\u00fcr\u00fcten savc\u0131lar Zekeriya \u00d6z ve Fikret Se\u00e7en&#8217;in 8 saat boyunca sorular\u0131n\u0131 yan\u0131tlad\u0131.<\/p>\n<p style=\"text-align: justify;\">Eski Genelkurmay Ba\u015fkan\u0131, emekli orgeneral Hilmi \u00d6zk\u00f6k, Ergenekon soru\u015fturmas\u0131n\u0131 y\u00fcr\u00fcten iki savc\u0131ya \u0130zmir&#8217;de ifade verdi. Soru\u015fturma savc\u0131lar\u0131 Zekeriya \u00d6z ve Fikret Se\u00e7en ile \u0130zmir Adliyesi&#8217;nde bir araya gelen \u00d6zk\u00f6k, 8 saat boyunca sorular\u0131 yan\u0131tlad\u0131. &#8220;Tan\u0131k&#8221; s\u0131fat\u0131yla savc\u0131lara ifade veren \u00d6zk\u00f6k, Milliyet&#8217;in konuya ili\u015fkin sorular\u0131na, &#8220;yorum yok&#8221; yan\u0131t\u0131n\u0131 verdi. \u00d6zk\u00f6k, bir s\u00fcre \u00f6nce yine Milliyet&#8217;e yapt\u0131\u011f\u0131 a\u00e7\u0131klamada, &#8220;Hukuk \u00e7a\u011f\u0131r\u0131rsa icabet etmek gerekir diye d\u00fc\u015f\u00fcn\u00fcr\u00fcm. San\u0131k veya tan\u0131k olarak mahkeme \u00e7a\u011f\u0131r\u0131rsa &#8216;gitmem&#8217; denilemez&#8221; demi\u015fti. <!--more--><\/p>\n<p style=\"text-align: justify;\"><strong>Savc\u0131 \u00f6nce Bursa&#8217;ya gitti <\/strong><br \/>\nErgenekon soru\u015fturmas\u0131n\u0131 y\u00fcr\u00fcten savc\u0131 Zekeriya \u00d6z, ge\u00e7ti\u011fimiz hafta irtibat kurdu\u011fu \u00d6zk\u00f6k&#8217;le, ikamet etti\u011fi \u0130zmir&#8217;de hafta sonunda bulu\u015fmak \u00fczere randevula\u015ft\u0131. \u00d6z&#8217;\u00fcn, \u0130stanbul&#8217;dan ayr\u0131l\u0131\u015f\u0131n\u0131n dikkat \u00e7ekmemesi amac\u0131yla e\u015fi ve \u00e7ocuklar\u0131 ile birlikte \u00f6nce Bursa&#8217;daki ailesini ziyaret etti\u011fi \u00f6ne s\u00fcr\u00fcld\u00fc. Bu s\u0131rada Ergenekon soru\u015fturmas\u0131nda g\u00f6revli di\u011fer Cumhuriyet Savc\u0131s\u0131 Se\u00e7en de \u0130stanbul&#8217;dan ayr\u0131larak \u0130zmir&#8217;e gitti.<\/p>\n<p style=\"text-align: justify;\"><strong>\u00d6zel oda tahsis edildi <\/strong><br \/>\nAile ziyaretini tamamlayan \u00d6z, makam arac\u0131yla \u0130zmir&#8217;e ge\u00e7ti. \u0130zmir&#8217;de Se\u00e7en ile bulu\u015fan \u00d6z, cuma sabah\u0131 erken saatlerde \u0130zmir Adliyesi&#8217;nde \u00d6zk\u00f6k ile bir araya geldi. \u00c7ok gizli olarak ger\u00e7ekle\u015fen bulu\u015fma i\u00e7in \u0130zmir adliyesi&#8217;nde 2 savc\u0131 ve \u00d6zk\u00f6k&#8217;\u00fcn kullanmas\u0131 amac\u0131yla \u00f6zel bir oda tahsis edildi. Sabah 10.00 s\u0131ralar\u0131nda \u0130zmir Adliyesi&#8217;ne gelen \u00d6zk\u00f6k savc\u0131larla bulu\u015ftu.<\/p>\n<p style=\"text-align: justify;\"><strong>8 saat s\u00fcrd\u00fc <\/strong><br \/>\n\u00d6z ve Se\u00e7en, \u00d6zk\u00f6k&#8217;\u00fcn &#8220;tan\u0131k s\u0131fat\u0131yla&#8221;, 8 saat s\u00fcreyle ifadesini ald\u0131. Savc\u0131lar\u0131n, \u00f6zellikle, ikinci Ergenekon iddianamesinin temelini olu\u015fturan &#8220;darbe&#8221; iddialar\u0131na yo\u011funla\u015ft\u0131\u011f\u0131 \u00f6\u011frenildi. \u00d6zk\u00f6k&#8217;\u00fcn de o d\u00f6nem ya\u015fanan s\u00fcre\u00e7 ve iddialar hakk\u0131nda bilgi verdi\u011fi kaydedildi.<\/p>\n<p style=\"text-align: justify;\"><strong>&#8216;Yorum yok&#8217; <\/strong><br \/>\nMilliyet&#8217;in sorular\u0131n\u0131 yan\u0131tlayan \u00d6zk\u00f6k, &#8220;yorum yok&#8221; demekle yetindi.<br \/>\nErgenekon savc\u0131lar\u0131n\u0131n haz\u0131rlad\u0131\u011f\u0131 ve &#8220;darbe iddialar\u0131&#8221; a\u011f\u0131rl\u0131kl\u0131 ikinci iddianemede, d\u00f6nemin Genelkurmay Ba\u015fkan\u0131 \u00d6zk\u00f6k&#8217;\u00fcn, iddia edilen darbe giri\u015fimlerine d\u00f6n\u00fck olumsuz yakla\u015f\u0131m\u0131na ili\u015fkin b\u00f6l\u00fcmler yer alm\u0131\u015ft\u0131.<\/p>\n<p style=\"text-align: justify;\">&#8216;<strong>\u0130fade veririm&#8217; demi\u015fti <\/strong><br \/>\nErgekon soru\u015fturmas\u0131 kapsam\u0131nda g\u00f6zalt\u0131na al\u0131nan Cumhuriyet Gazetesi Ankara Temsilcisi Mustafa Balbay&#8217;a ait oldu\u011fu \u00f6ne s\u00fcr\u00fclen g\u00fcnl\u00fcklerde de d\u00f6nemin komutanlar\u0131yla yap\u0131lm\u0131\u015f sohbetler yer alm\u0131\u015f, darbe haz\u0131rl\u0131\u011f\u0131 ile ilgili oldu\u011fu \u00f6ne s\u00fcr\u00fclen konu\u015fmalarda, h\u00fck\u00fcmet ve d\u00f6nemin Genelkurmay Ba\u015fkan\u0131 \u00d6zk\u00f6k aleyhine ifadeler oldu\u011fu ortaya \u00e7\u0131km\u0131\u015ft\u0131. \u00d6zk\u00f6k, Milliyet Gazetesi Ankara Temsilcisi Fikret Bila&#8217;ya 18 Mart&#8217;ta yapt\u0131\u011f\u0131 ve b\u00fcy\u00fck yank\u0131 uyand\u0131ran a\u00e7\u0131klamalar\u0131nda, &#8220;G\u00fcnl\u00fcklerdeki iddialar\u0131 nas\u0131l de\u011ferlendiriyorsunuz? Komutanlar\u0131n ve gazetecilerin sizinle ilgili de\u011ferlendirmeleri var&#8221; sorusuna, &#8220;Arkada\u015flar\u0131mdan bana kar\u015f\u0131 b\u00f6yle de\u011ferlendirmeler ve hareketler beklemem&#8221; demi\u015fti. \u00d6zk\u00f6k, &#8220;Mahkeme talep ederse ifade vermeye gider misiniz&#8221; sorusunu ise \u015f\u00f6yle yan\u0131tlam\u0131\u015ft\u0131:<br \/>\n&#8220;Ben faydal\u0131l\u0131k prensibine g\u00f6re hareket ederim. Hukuka bir faydas\u0131 olacaksa diye bakar\u0131m. Hukuka sayg\u0131 duyar\u0131m. Hukuk \u00e7a\u011f\u0131r\u0131rsa o zaman icabet etmek gerekir diye d\u00fc\u015f\u00fcn\u00fcr\u00fcm. San\u0131k veya tan\u0131k olarak mahkeme \u00e7a\u011f\u0131r\u0131rsa herhalde &#8216;gitmem&#8217; denilemez. Tabii avukatlar\u0131ma ve Genelkurmay&#8217;\u0131n hukuk\u00e7ular\u0131na dan\u0131\u015f\u0131r\u0131m. \u00c7\u00fcnk\u00fc o zaman Genelkurmay Ba\u015fkan\u0131&#8217;yd\u0131m. San\u0131k veya tan\u0131k olarak farketmez.&#8221;<\/p>\n<p style=\"text-align: justify;\"><strong>&#8216;Var da demem yok da demem&#8217; <\/strong><br \/>\n\u00d6zk\u00f6k, Milliyet&#8217;e 9 Temmuz 2008&#8217;de yapt\u0131\u011f\u0131 a\u00e7\u0131klamada da, eski Deniz Kuvvetleri Komutan\u0131, emekli Oramiral \u00d6zden \u00d6rnek&#8217;e ait oldu\u011fu \u00f6ne s\u00fcr\u00fclen darbe g\u00fcnl\u00fckleri konusunda, &#8220;Darbe giri\u015fimi var da demem, yok da demem&#8221; diye konu\u015fmu\u015ftu. Balbay&#8217;a ait oldu\u011fu \u00f6ne s\u00fcr\u00fclen g\u00fcnl\u00fcklerde ad\u0131 ge\u00e7enlerden biri olan eski Genelkurmay Ba\u015fkan\u0131 emekli Orgeneral Ya\u015far B\u00fcy\u00fckan\u0131t da Milliyet&#8217;e; &#8220;Mahkeme \u00e7a\u011f\u0131r\u0131rsa &#8216;gitmem&#8217; deme l\u00fcks\u00fc yok. Hukuk \u00e7a\u011f\u0131r\u0131rsa giderim, do\u011fru neyse onu s\u00f6ylerim&#8221; demi\u015fti.\n<\/p>\n<p style=\"text-align: justify;\"><span style=\"color: #888888;\">Kaynak : Radikal<\/span><\/p>\n<p style=\"text-align: justify;\">\n","protected":false},"excerpt":{"rendered":"<p style=\"text-align: center;\">\n<p style=\"text-align: center;\">\n<p style=\"text-align: justify;\">Eski Genelkurmay Ba\u015fkan\u0131 emekli orgeneral Hilmi \u00d6zk\u00f6k, \u0130zmir Adliyesi&#8217;ndeki \u00f6zel bir odada, Ergenekon soru\u015fturmas\u0131n\u0131 y\u00fcr\u00fcten savc\u0131lar Zekeriya \u00d6z ve Fikret Se\u00e7en&#8217;in 8 saat boyunca sorular\u0131n\u0131 yan\u0131tlad\u0131.<\/p>\n<p style=\"text-align: justify;\">Eski Genelkurmay Ba\u015fkan\u0131, emekli orgeneral Hilmi \u00d6zk\u00f6k, Ergenekon soru\u015fturmas\u0131n\u0131 y\u00fcr\u00fcten iki savc\u0131ya \u0130zmir&#8217;de ifade verdi. Soru\u015fturma savc\u0131lar\u0131 Zekeriya \u00d6z <\/p>\n","protected":false},"author":1,"featured_media":0,"comment_status":"open","ping_status":"closed","sticky":false,"template":"","format":"standard","meta":{"footnotes":""},"categories":[105],"tags":[],"class_list":["post-8654","post","type-post","status-publish","format-standard","hentry","category-gundem","odd"],"_links":{"self":[{"href":"http:\/\/www.korhanyilmaz.com\/index.php?rest_route=\/wp\/v2\/posts\/8654","targetHints":{"allow":["GET"]}}],"collection":[{"href":"http:\/\/www.korhanyilmaz.com\/index.php?rest_route=\/wp\/v2\/posts"}],"about":[{"href":"http:\/\/www.korhanyilmaz.com\/index.php?rest_route=\/wp\/v2\/types\/post"}],"author":[{"embeddable":true,"href":"http:\/\/www.korhanyilmaz.com\/index.php?rest_route=\/wp\/v2\/users\/1"}],"replies":[{"embeddable":true,"href":"http:\/\/www.korhanyilmaz.com\/index.php?rest_route=%2Fwp%2Fv2%2Fcomments&post=8654"}],"version-history":[{"count":0,"href":"http:\/\/www.korhanyilmaz.com\/index.php?rest_route=\/wp\/v2\/posts\/8654\/revisions"}],"wp:attachment":[{"href":"http:\/\/www.korhanyilmaz.com\/index.php?rest_route=%2Fwp%2Fv2%2Fmedia&parent=8654"}],"wp:term":[{"taxonomy":"category","embeddable":true,"href":"http:\/\/www.korhanyilmaz.com\/index.php?rest_route=%2Fwp%2Fv2%2Fcategories&post=8654"},{"taxonomy":"post_tag","embeddable":true,"href":"http:\/\/www.korhanyilmaz.com\/index.php?rest_route=%2Fwp%2Fv2%2Ftags&post=8654"}],"curies":[{"name":"wp","href":"https:\/\/api.w.org\/{rel}","templated":true}]}}