{"id":8650,"date":"2009-04-27T10:18:00","date_gmt":"2009-04-27T07:18:00","guid":{"rendered":"http:\/\/www.korhanyilmaz.com\/?p=8650"},"modified":"2009-04-27T10:18:00","modified_gmt":"2009-04-27T07:18:00","slug":"kagithanede-bina-coktu","status":"publish","type":"post","link":"http:\/\/www.korhanyilmaz.com\/?p=8650","title":{"rendered":"Ka\u011f\u0131thane&#039;de bina \u00e7\u00f6kt\u00fc"},"content":{"rendered":"<p style=\"text-align: center;\"><img loading=\"lazy\" decoding=\"async\" class=\"aligncenter size-full wp-image-8651\" title=\"Ka\u011f\u0131thane'de bina \u00e7\u00f6kt\u00fc \" src=\"http:\/\/www.korhanyilmaz.com\/wp-content\/uploads\/2009\/04\/bac7e064076cd14488d5638dr.jpg\" alt=\"Ka\u011f\u0131thane'de bina \u00e7\u00f6kt\u00fc \" width=\"389\" height=\"150\" \/><\/p>\n<p style=\"text-align: justify;\">Ka\u011f\u0131thane&#8217;de in\u015faat halindeki bir binada \u00e7\u00f6kme meydana geldi. Hen\u00fcz ilk kat\u0131 yap\u0131lan in\u015faatta \u00e7al\u0131\u015fan 3 i\u015f\u00e7i yaraland\u0131&#8230;<br \/>\nKa\u011f\u0131thane Cendere Yolu \u00fczerinde yeni yap\u0131lmakta olan bir in\u015faatta \u00e7\u00f6kme meydana geldi.\n<\/p>\n<p style=\"text-align: justify;\">Burada \u00e7al\u0131\u015fan 3 ki\u015fi yaraland\u0131. \u00c7evredeki vatanda\u015flar hemen yard\u0131ma ko\u015farak yaral\u0131lar\u0131 kurtard\u0131. Taksiler ve \u00f6zel ara\u00e7lara al\u0131nan 3 ki\u015fi yak\u0131ndaki \u00f6zel hastaneye kald\u0131r\u0131ld\u0131.<\/p>\n","protected":false},"excerpt":{"rendered":"<p style=\"text-align: center;\">\n<p style=\"text-align: justify;\">Ka\u011f\u0131thane&#8217;de in\u015faat halindeki bir binada \u00e7\u00f6kme meydana geldi. Hen\u00fcz ilk kat\u0131 yap\u0131lan in\u015faatta \u00e7al\u0131\u015fan 3 i\u015f\u00e7i yaraland\u0131&#8230; Ka\u011f\u0131thane Cendere Yolu \u00fczerinde yeni yap\u0131lmakta olan bir in\u015faatta \u00e7\u00f6kme meydana geldi. <\/p>\n<p style=\"text-align: justify;\">Burada \u00e7al\u0131\u015fan 3 ki\u015fi yaraland\u0131. \u00c7evredeki vatanda\u015flar hemen yard\u0131ma ko\u015farak yaral\u0131lar\u0131 kurtard\u0131. Taksiler ve \u00f6zel ara\u00e7lara al\u0131nan 3 <\/p>\n","protected":false},"author":1,"featured_media":0,"comment_status":"open","ping_status":"closed","sticky":false,"template":"","format":"standard","meta":{"footnotes":""},"categories":[105],"tags":[],"class_list":["post-8650","post","type-post","status-publish","format-standard","hentry","category-gundem","odd"],"_links":{"self":[{"href":"http:\/\/www.korhanyilmaz.com\/index.php?rest_route=\/wp\/v2\/posts\/8650","targetHints":{"allow":["GET"]}}],"collection":[{"href":"http:\/\/www.korhanyilmaz.com\/index.php?rest_route=\/wp\/v2\/posts"}],"about":[{"href":"http:\/\/www.korhanyilmaz.com\/index.php?rest_route=\/wp\/v2\/types\/post"}],"author":[{"embeddable":true,"href":"http:\/\/www.korhanyilmaz.com\/index.php?rest_route=\/wp\/v2\/users\/1"}],"replies":[{"embeddable":true,"href":"http:\/\/www.korhanyilmaz.com\/index.php?rest_route=%2Fwp%2Fv2%2Fcomments&post=8650"}],"version-history":[{"count":0,"href":"http:\/\/www.korhanyilmaz.com\/index.php?rest_route=\/wp\/v2\/posts\/8650\/revisions"}],"wp:attachment":[{"href":"http:\/\/www.korhanyilmaz.com\/index.php?rest_route=%2Fwp%2Fv2%2Fmedia&parent=8650"}],"wp:term":[{"taxonomy":"category","embeddable":true,"href":"http:\/\/www.korhanyilmaz.com\/index.php?rest_route=%2Fwp%2Fv2%2Fcategories&post=8650"},{"taxonomy":"post_tag","embeddable":true,"href":"http:\/\/www.korhanyilmaz.com\/index.php?rest_route=%2Fwp%2Fv2%2Ftags&post=8650"}],"curies":[{"name":"wp","href":"https:\/\/api.w.org\/{rel}","templated":true}]}}