{"id":8639,"date":"2009-04-26T13:54:20","date_gmt":"2009-04-26T10:54:20","guid":{"rendered":"http:\/\/www.korhanyilmaz.com\/?p=8639"},"modified":"2009-04-26T13:54:20","modified_gmt":"2009-04-26T10:54:20","slug":"sok-iddia","status":"publish","type":"post","link":"http:\/\/www.korhanyilmaz.com\/?p=8639","title":{"rendered":"\u015eok iddia!"},"content":{"rendered":"<p style=\"text-align: center;\"><img loading=\"lazy\" decoding=\"async\" class=\"aligncenter size-full wp-image-8640\" title=\"\u015eok iddia! \" src=\"http:\/\/www.korhanyilmaz.com\/wp-content\/uploads\/2009\/04\/270420090508384896154.jpg\" alt=\"\u015eok iddia! \" width=\"329\" height=\"210\" \/><\/p>\n<p style=\"text-align: justify;\"><strong>Erdo\u011fan&#8217;\u0131n dedesi Bagatl\u0131 Recep&#8217;i Ermeniler katletti<\/strong><\/p>\n<p style=\"text-align: justify;\">Ruslar\u0131n 1916&#8217;da Rize&#8217;yi i\u015fgal etti\u011fini s\u00f6yleyen \u00c7ukurova Stratejik Ara\u015ft\u0131rmalar Merkezi Ba\u015fkan\u0131 Yurtesever, &#8220;En b\u00fcy\u00fck derebey ailesinin mensubu Bagatl\u0131 Recep i\u015fgale direndi ve Ermeni komitac\u0131larca \u00f6ld\u00fcr\u00fcld\u00fc&#8221; dedi.<\/p>\n<p style=\"text-align: justify;\">\u00c7ukurova Stratejik Ara\u015ft\u0131rmalar Merkezi Ba\u015fkan\u0131 Cezmi Yurtsever, Ba\u015fbakan Recep Tayyip Erdo\u011fan&#8217;\u0131n dedesi Bagatl\u0131 Recep&#8217;in 1915- 1916 y\u0131llar\u0131nda Rize&#8217;de Rus i\u015fgalcilere ve Ermeni komitac\u0131lara kar\u015f\u0131 direni\u015f harekat\u0131nda Pirozk\u00f6y&#8217;de \u00e7arp\u0131\u015f\u0131p, \u015fehit d\u00fc\u015ft\u00fc\u011f\u00fcn\u00fc ileri s\u00fcrd\u00fc. Yurtsever, o y\u0131llarda Anadolu&#8217;nun kuzey do\u011fusundaki \u00e7ok say\u0131da T\u00fcrk\u00fcn de zorunlu g\u00f6\u00e7 etmek zorunda kald\u0131\u011f\u0131n\u0131 s\u00f6yledi.<!--more--><img loading=\"lazy\" decoding=\"async\" class=\"alignleft size-full wp-image-8641\" style=\"margin-left: 10px; margin-right: 10px;\" title=\"260420092241370635369_3\" src=\"http:\/\/www.korhanyilmaz.com\/wp-content\/uploads\/2009\/04\/260420092241370635369_3.jpg\" alt=\"260420092241370635369_3\" width=\"193\" height=\"102\" \/><\/p>\n<p style=\"text-align: justify;\">Trabzon&#8217;un bat\u0131s\u0131, Sivas&#8217;\u0131n do\u011fusu, Mu\u015f, Bitlis, Erzincan, Erzurum, Kars y\u00f6resinin Rus i\u015fgaline u\u011frad\u0131\u011f\u0131n\u0131 ve 1 milyon m\u00fcsl\u00fcman T\u00fcrk\u00fcn g\u00f6\u00e7 etti\u011fini anlatt\u0131\u011f\u0131n\u0131 vurgulayan Cezmi Yurtsever, g\u00f6\u00e7 etmeyenlerin b\u00fcy\u00fck \u00e7o\u011funlu\u011funun da \u00f6ld\u00fcr\u00fcld\u00fc\u011f\u00fcn\u00fc s\u00f6yledi. \u00d6ld\u00fcrd\u00fclenler aras\u0131nda Rize&#8217;nin da\u011f k\u00f6y\u00fc Pirozk\u00f6y&#8217;de ya\u015fayan Bagatl\u0131 Recep&#8217;in bulundu\u011funu ve bu ki\u015finin Recep Tayyip Erdo\u011fan&#8217;\u0131n dedesi oldu\u011funu ileri s\u00fcren Cezmi Yurtsever, s\u00f6zlerini \u015f\u00f6yle s\u00fcrd\u00fcrd\u00fc, &#8220;Ba\u015fbakan Recep Tayyip Erdo\u011fan&#8217;\u0131n dedesi Bagatl\u0131 Recep&#8217;tir.<\/p>\n<p style=\"text-align: justify;\"><strong>Derebey mensubu<\/strong><\/p>\n<p style=\"text-align: justify;\">1916&#8217;da Rus i\u015fgali Rize&#8217;ye kadar geldi. \u0130\u015fgale kar\u015f\u0131 yerel direni\u015f hareketleri vard\u0131. Bagatl\u0131 Recep i\u015fte o b\u00f6lgenin en b\u00fcy\u00fck derebey ailesinin mensubu olarak Ruslar ve Ermeni komitac\u0131lara kar\u015f\u0131 direni\u015fe kat\u0131ld\u0131 ve hayat\u0131n\u0131 kaybetti. Bug\u00fcn 1915- 1916 y\u0131l\u0131nda ya\u015fanan olaylara ili\u015fkin tarihin arka plan\u0131nda ac\u0131 bir hat\u0131ra olarak duran Bagatl\u0131 Recep&#8217;in hikayesini torunu Ba\u015fbakan Recep Tayyip Erdo\u011fan&#8217;\u0131n a\u00e7\u0131klamas\u0131n\u0131n uygun olaca\u011f\u0131n\u0131 d\u00fc\u015f\u00fcn\u00fcyorum. Bu ac\u0131 hat\u0131ra 1912- 1922 y\u0131llar\u0131 aras\u0131nda hayat\u0131n\u0131 kaybeden 3 milyon T\u00fcrk&#8217;\u00fcn hikayesinden bir tanesidir. Ba\u015fbakan Erdo\u011fan, dedesinin hat\u0131ras\u0131n\u0131 l\u00fctfen a\u00e7\u0131klas\u0131n.&#8221;<\/p>\n<p style=\"text-align: justify;\"><strong>Ailesinden \u00fc\u00e7 ki\u015fi idam edildi<\/strong><\/p>\n<p style=\"text-align: justify;\">Cezm\u0130 Yurtsever, MHP Genel Ba\u015fkan\u0131 Devlet Bah\u00e7eli&#8217;nin Osmaniye&#8217;deki Fettahl\u0131 a\u015firetinin mensubu oldu\u011funu, bu a\u015firetin de \u00c7ukurova&#8217;da Ermeni hareketlerinin g\u00fcc\u00fcn\u00fc k\u0131rmak i\u00e7in 19&#8217;uncu y\u00fczy\u0131lda \u00fc\u00e7 kez idamla muhatap oldu\u011funu anlatt\u0131. 1815&#8217;ten 1918&#8217;e kadar olan s\u00fcre\u00e7te Osmaniye- Mara\u015f aras\u0131ndaki en g\u00fc\u00e7l\u00fc T\u00fcrkmen beyli\u011fi olan Fettahl\u0131 a\u015firetinin g\u00fcc\u00fcn\u00fcn k\u0131r\u0131lmas\u0131 ve Ermeni hareketlerinin serbest\u00e7e yap\u0131labilmesi i\u00e7in uygun zemin olu\u015fturuldu\u011funu ifade eden Yurtsever, \u015funlar\u0131 s\u00f6yledi: &#8220;1815&#8217;te Bah\u00e7eli&#8217;nin ailesi olan Fettahl\u0131 a\u015fireti Adana valisine kar\u015f\u0131 \u00e7at\u0131\u015ft\u0131, o zaman iki bey ve 25 ki\u015fi idam edildi. 1854&#8217;de Fettahl\u0131 Mehmet, 1909&#8217;da ise Bah\u00e7e M\u00fctf\u00fcs\u00fc \u0130smail Hakk\u0131 Bey as\u0131ld\u0131. Bu idamlar\u0131n amac\u0131 Mara\u015f&#8217;taki Zeytun, Adana Ha\u00e7in&#8217;deki (Saimbeyli) Ermeni hareketlerini serbestle\u015ftirmekti. 1909&#8217;da bu b\u00f6lgede kanl\u0131 bir sava\u015f ya\u015fand\u0131. Devlet Bah\u00e7eli&#8217;nin babas\u0131 Salih de kuvay\u0131milliye saflar\u0131nda direni\u015fe kat\u0131ld\u0131, sava\u015ft\u0131, madalya kazand\u0131. &#8220;<\/p>\n<p style=\"text-align: justify;\"><span style=\"color: #888888;\">Kaynak : Vatan<\/span><\/p>\n","protected":false},"excerpt":{"rendered":"<p style=\"text-align: center;\">\n<p style=\"text-align: justify;\">Erdo\u011fan&#8217;\u0131n dedesi Bagatl\u0131 Recep&#8217;i Ermeniler katletti<\/p>\n<p style=\"text-align: justify;\">Ruslar\u0131n 1916&#8217;da Rize&#8217;yi i\u015fgal etti\u011fini s\u00f6yleyen \u00c7ukurova Stratejik Ara\u015ft\u0131rmalar Merkezi Ba\u015fkan\u0131 Yurtesever, &#8220;En b\u00fcy\u00fck derebey ailesinin mensubu Bagatl\u0131 Recep i\u015fgale direndi ve Ermeni komitac\u0131larca \u00f6ld\u00fcr\u00fcld\u00fc&#8221; dedi.<\/p>\n<p style=\"text-align: justify;\">\u00c7ukurova Stratejik Ara\u015ft\u0131rmalar Merkezi Ba\u015fkan\u0131 Cezmi Yurtsever, Ba\u015fbakan Recep Tayyip Erdo\u011fan&#8217;\u0131n dedesi Bagatl\u0131 Recep&#8217;in <\/p>\n","protected":false},"author":1,"featured_media":0,"comment_status":"open","ping_status":"closed","sticky":false,"template":"","format":"standard","meta":{"footnotes":""},"categories":[105],"tags":[],"class_list":["post-8639","post","type-post","status-publish","format-standard","hentry","category-gundem","odd"],"_links":{"self":[{"href":"http:\/\/www.korhanyilmaz.com\/index.php?rest_route=\/wp\/v2\/posts\/8639","targetHints":{"allow":["GET"]}}],"collection":[{"href":"http:\/\/www.korhanyilmaz.com\/index.php?rest_route=\/wp\/v2\/posts"}],"about":[{"href":"http:\/\/www.korhanyilmaz.com\/index.php?rest_route=\/wp\/v2\/types\/post"}],"author":[{"embeddable":true,"href":"http:\/\/www.korhanyilmaz.com\/index.php?rest_route=\/wp\/v2\/users\/1"}],"replies":[{"embeddable":true,"href":"http:\/\/www.korhanyilmaz.com\/index.php?rest_route=%2Fwp%2Fv2%2Fcomments&post=8639"}],"version-history":[{"count":0,"href":"http:\/\/www.korhanyilmaz.com\/index.php?rest_route=\/wp\/v2\/posts\/8639\/revisions"}],"wp:attachment":[{"href":"http:\/\/www.korhanyilmaz.com\/index.php?rest_route=%2Fwp%2Fv2%2Fmedia&parent=8639"}],"wp:term":[{"taxonomy":"category","embeddable":true,"href":"http:\/\/www.korhanyilmaz.com\/index.php?rest_route=%2Fwp%2Fv2%2Fcategories&post=8639"},{"taxonomy":"post_tag","embeddable":true,"href":"http:\/\/www.korhanyilmaz.com\/index.php?rest_route=%2Fwp%2Fv2%2Ftags&post=8639"}],"curies":[{"name":"wp","href":"https:\/\/api.w.org\/{rel}","templated":true}]}}