{"id":8625,"date":"2009-04-26T18:35:41","date_gmt":"2009-04-26T15:35:41","guid":{"rendered":"http:\/\/www.korhanyilmaz.com\/?p=8625"},"modified":"2009-04-26T18:35:41","modified_gmt":"2009-04-26T15:35:41","slug":"kabinede-degisiklik-persembe","status":"publish","type":"post","link":"http:\/\/www.korhanyilmaz.com\/?p=8625","title":{"rendered":"Kabinede de\u011fi\u015fiklik Per\u015fembe"},"content":{"rendered":"<p style=\"text-align: center;\"><img loading=\"lazy\" decoding=\"async\" class=\"aligncenter size-full wp-image-8626\" title=\"Kabinede de\u011fi\u015fiklik Per\u015fembe \" src=\"http:\/\/www.korhanyilmaz.com\/wp-content\/uploads\/2009\/04\/270420090456190810585.jpg\" alt=\"Kabinede de\u011fi\u015fiklik Per\u015fembe \" width=\"329\" height=\"210\" \/><\/p>\n<p style=\"text-align: justify;\"><strong>SE\u00c7\u0130M sonras\u0131nda &#8220;kabine revizyonuna&#8221; kilitlenen Ankara, &#8220;kritik haftaya&#8221; girdi<\/strong><\/p>\n<p style=\"text-align: justify;\">Ba\u015fkent&#8217;te g\u00fcnlerdir beklenen kabine revizyonunun, yar\u0131n yap\u0131lacak MGK (Milli G\u00fcvenlik Kurulu) toplant\u0131s\u0131 sonras\u0131na kald\u0131\u011f\u0131, d\u00fcn kulislerde dillendirildi. Erdo\u011fan&#8217;\u0131n bug\u00fcn partisinin Merkez Y\u00fcr\u00fctme Kurulu&#8217;nu toplamas\u0131 ve kabine de\u011fi\u015fikli\u011fiyle ilgili partisinin en yetkili kurul \u00fcyelerinin g\u00f6r\u00fc\u015flerini almas\u0131 bekleniyor. Kulislerde, kabine revizyonunda MGK \u00fcyesi baz\u0131 bakanlar\u0131n da ad\u0131 ge\u00e7iyor. Bu nedenle de\u011fi\u015fikli\u011fin MGK sonras\u0131na kald\u0131\u011f\u0131 yorumlar\u0131 yap\u0131l\u0131yor. Bir ba\u015fka iddia ise, Erdo\u011fan&#8217;\u0131n kabine de\u011fi\u015fikli\u011fini G\u00fcl&#8217;e 1 May\u0131s Cuma g\u00fcn\u00fc ak\u015fam saatlerinde sunaca\u011f\u0131 y\u00f6n\u00fcnde. <!--more--><br \/>\n<strong><br \/>\n&#8216;\u015eim\u015fek gidecek&#8217;<\/strong>\n<\/p>\n<p style=\"text-align: justify;\">Reuters ajans\u0131na bilgi veren bir T\u00fcrk h\u00fck\u00fcmet kayna\u011f\u0131, Erdo\u011fan&#8217;\u0131n kabinedeki revizyonu per\u015fembe g\u00fcn\u00fc Cumhurba\u015fkan\u0131 G\u00fcl ile yapaca\u011f\u0131 ola\u011fan g\u00f6r\u00fc\u015fmede sunaca\u011f\u0131n\u0131 s\u00f6yledi. Reuters, bakan de\u011fi\u015fiklikleriyle kabinede bir yenilenme sa\u011flanacak olmas\u0131na ra\u011fmen h\u00fck\u00fcmetin \u00e7izgisinde de\u011fi\u015fim olmas\u0131n\u0131n beklenmedi\u011fini vurgulad\u0131. Royal Bank of Scotland ekonomistlerinden Tim Ash, Mehmet \u015eim\u015fek&#8217;in yerine Ali Babacan&#8217;\u0131n gelmesinin beklendi\u011fini bildirdi.<\/p>\n<p style=\"text-align: justify;\"><span style=\"color: #888888;\">Kaynak : Vatan<\/span><\/p>\n","protected":false},"excerpt":{"rendered":"<p style=\"text-align: center;\">\n<p style=\"text-align: justify;\">SE\u00c7\u0130M sonras\u0131nda &#8220;kabine revizyonuna&#8221; kilitlenen Ankara, &#8220;kritik haftaya&#8221; girdi<\/p>\n<p style=\"text-align: justify;\">Ba\u015fkent&#8217;te g\u00fcnlerdir beklenen kabine revizyonunun, yar\u0131n yap\u0131lacak MGK (Milli G\u00fcvenlik Kurulu) toplant\u0131s\u0131 sonras\u0131na kald\u0131\u011f\u0131, d\u00fcn kulislerde dillendirildi. Erdo\u011fan&#8217;\u0131n bug\u00fcn partisinin Merkez Y\u00fcr\u00fctme Kurulu&#8217;nu toplamas\u0131 ve kabine de\u011fi\u015fikli\u011fiyle ilgili partisinin en yetkili kurul \u00fcyelerinin g\u00f6r\u00fc\u015flerini almas\u0131 bekleniyor. Kulislerde, kabine revizyonunda <\/p>\n","protected":false},"author":1,"featured_media":0,"comment_status":"open","ping_status":"closed","sticky":false,"template":"","format":"standard","meta":{"footnotes":""},"categories":[105],"tags":[],"class_list":["post-8625","post","type-post","status-publish","format-standard","hentry","category-gundem","odd"],"_links":{"self":[{"href":"http:\/\/www.korhanyilmaz.com\/index.php?rest_route=\/wp\/v2\/posts\/8625","targetHints":{"allow":["GET"]}}],"collection":[{"href":"http:\/\/www.korhanyilmaz.com\/index.php?rest_route=\/wp\/v2\/posts"}],"about":[{"href":"http:\/\/www.korhanyilmaz.com\/index.php?rest_route=\/wp\/v2\/types\/post"}],"author":[{"embeddable":true,"href":"http:\/\/www.korhanyilmaz.com\/index.php?rest_route=\/wp\/v2\/users\/1"}],"replies":[{"embeddable":true,"href":"http:\/\/www.korhanyilmaz.com\/index.php?rest_route=%2Fwp%2Fv2%2Fcomments&post=8625"}],"version-history":[{"count":0,"href":"http:\/\/www.korhanyilmaz.com\/index.php?rest_route=\/wp\/v2\/posts\/8625\/revisions"}],"wp:attachment":[{"href":"http:\/\/www.korhanyilmaz.com\/index.php?rest_route=%2Fwp%2Fv2%2Fmedia&parent=8625"}],"wp:term":[{"taxonomy":"category","embeddable":true,"href":"http:\/\/www.korhanyilmaz.com\/index.php?rest_route=%2Fwp%2Fv2%2Fcategories&post=8625"},{"taxonomy":"post_tag","embeddable":true,"href":"http:\/\/www.korhanyilmaz.com\/index.php?rest_route=%2Fwp%2Fv2%2Ftags&post=8625"}],"curies":[{"name":"wp","href":"https:\/\/api.w.org\/{rel}","templated":true}]}}