{"id":8620,"date":"2009-04-23T16:28:12","date_gmt":"2009-04-23T13:28:12","guid":{"rendered":"http:\/\/www.korhanyilmaz.com\/?p=8620"},"modified":"2009-04-23T16:28:12","modified_gmt":"2009-04-23T13:28:12","slug":"deniz-fenerinde-bir-skandal-daha","status":"publish","type":"post","link":"http:\/\/www.korhanyilmaz.com\/?p=8620","title":{"rendered":"Deniz Feneri&#039;nde bir skandal daha"},"content":{"rendered":"<p style=\"text-align: center;\"><img loading=\"lazy\" decoding=\"async\" class=\"aligncenter size-full wp-image-8621\" title=\"Deniz Feneri'nde bir skandal daha \" src=\"http:\/\/www.korhanyilmaz.com\/wp-content\/uploads\/2009\/04\/90954.jpg\" alt=\"Deniz Feneri'nde bir skandal daha \" width=\"297\" height=\"219\" \/><\/p>\n<p style=\"text-align: justify;\"><strong>Alman savc\u0131lar, 15 asli failin ifadesinin al\u0131nmas\u0131 i\u00e7in Ankara&#8217;dan talepte bulundu ancak!<\/strong><\/p>\n<p style=\"text-align: justify;\">Alman Savc\u0131l\u0131k yetkilileri, &#8220;Deniz Feneri dosyas\u0131 ile birlikte g\u00f6nderdi\u011fimiz bir dosya ile Zekeriya Karaman ve Zahid Akman&#8217;\u0131n da aralar\u0131nda oldu\u011fu 15 ki\u015fi hakk\u0131nda bilgi istedik. Yan\u0131t verilmedi&#8221; a\u00e7\u0131klamas\u0131 yapt\u0131<\/p>\n<p style=\"text-align: justify;\">Deniz Feneri e.V. soru\u015fturmas\u0131nda bir skandal daha ortaya \u00e7\u0131kt\u0131. Almanya&#8217;daki Frankfurt Savc\u0131l\u0131\u011f\u0131&#8217;n\u0131n, ifadesini al\u0131p, tutuklad\u0131\u011f\u0131 Mehmet G\u00fcrhan, Firdevsi Ermi\u015f ve Mehmet Ta\u015fkan hakk\u0131nda yarg\u0131lamay\u0131 sonu\u00e7land\u0131rd\u0131ktan sonra aralar\u0131nda RT\u00dcK Ba\u015fkan\u0131 Zahid Akman ve Kanal 7 Y\u00f6netim Kurulu Ba\u015fkan\u0131 Zekeriya Karaman&#8217;\u0131n da bulundu\u011fu 15 ki\u015fi hakk\u0131nda T\u00fcrkiye&#8217;den &#8220;adli yard\u0131mla\u015fma&#8221; kapsam\u0131nda baz\u0131 bilgileri talep etti\u011fi ve 2 ayd\u0131r hi\u00e7bir yan\u0131t alamad\u0131\u011f\u0131 belirtildi. <!--more-->Adalet Bakanl\u0131\u011f\u0131 yetkilileri, Almanya&#8217;da b\u00f6yle bir talebin yer ald\u0131\u011f\u0131 bir dosya gelmedi\u011fini a\u00e7\u0131klarken, Frankfurt Savc\u0131l\u0131\u011f\u0131 S\u00f6zc\u00fcs\u00fc Doris M\u00fcller-Scheu, adli yard\u0131mla\u015fma talebini i\u00e7eren dosyan\u0131n Deniz Feneri e.V dosyas\u0131 ile birlikte T\u00fcrkiye&#8217;ye g\u00f6nderildi\u011fini s\u00f6yledi. Gazeteport&#8217;tan Safile Usul&#8217;a konu\u015fan Doris M\u00fcller-Scheu, bir s\u00fcre bekleyeceklerini, adli yard\u0131m talebi \u00e7er\u00e7evesinde istedikleri bilgiler gelmezse kendi imkanlar\u0131yla soru\u015fturmay\u0131 tamamlayacaklar\u0131n\u0131 belirterek \u015fu a\u00e7\u0131klamay\u0131 yapt\u0131:<\/p>\n<p style=\"text-align: justify;\"><strong>&#8216;Beklemeyiz&#8217;<\/strong><\/p>\n<p style=\"text-align: justify;\">&#8220;T\u00fcrkiye&#8217;den talep etti\u011fimiz bilgiler elimize ne zaman ge\u00e7er, T\u00fcrk makamlar\u0131 istediklerimizin ne kadar\u0131n\u0131 verir, yoksa hi\u00e7 mi bilgi vermez, bunu \u015fu anda bilmiyoruz. Almanya&#8217;da su\u00e7 te\u015fkil eden baz\u0131 eylemler T\u00fcrkiye&#8217;de su\u00e7 olmayabilir, O zaman T\u00fcrkiye bu gerek\u00e7eyle bize vermesini istedi\u011fimiz bilgileri vermeyi reddedebilir. Biz soru\u015fturmas\u0131 devam eden bu \u015fah\u0131syar\u0131 T\u00fcrkiye&#8217;ye gelip sorgulayamayaca\u011f\u0131m\u0131za g\u00f6re, T\u00fcrk Adalet Bakanl\u0131\u011f\u0131&#8217;n\u0131n bizim i\u00e7in bu sorgulamay\u0131 yap\u0131p, elde edece\u011fi bilgileri bize yollamas\u0131n\u0131 bekleyece\u011fiz. E\u011fer istedi\u011fimiz bilgilerin gelme s\u00fcresi uzarsa, o zaman daha fazla beklemeden, soru\u015fturmay\u0131 kendi imkanlar\u0131m\u0131zla nas\u0131l sonu\u00e7land\u0131raca\u011f\u0131m\u0131z\u0131 d\u00fc\u015f\u00fcn\u00fcr\u00fcz. \u015eimdilik bekliyoruz.&#8221;<\/p>\n<p style=\"text-align: justify;\"><strong>&#8216;Bizde dosya yok&#8217;<\/strong><\/p>\n<p style=\"text-align: justify;\">Savc\u0131l\u0131k S\u00f6zc\u00fcs\u00fc Doris M\u00fcller-Scheu&#8217;n\u00fcn a\u00e7\u0131klamalar\u0131yla ortaya \u00e7\u0131kan, Almanya&#8217;n\u0131n adli yard\u0131m talebiyle ilgili dosyay\u0131, Ankara&#8217;da Adalet Bakanl\u0131\u011f\u0131 yetkililerine sorduk, &#8220;Bizde b\u00f6yle bir dosya yok&#8221; kar\u015f\u0131l\u0131\u011f\u0131n\u0131 ald\u0131k. Uluslaras\u0131 Hukuk ve D\u0131\u015fili\u015fkiler Genel M\u00fcd\u00fcr\u00fc Ahmet F\u0131rat, VATAN&#8217;\u0131n Bas\u0131n M\u00fc\u015favirli\u011fi arac\u0131l\u0131\u011f\u0131yla konuya ili\u015fkin sorusuna \u015fu yan\u0131t\u0131 verdi: &#8220;Benzer haberler, Almanya&#8217;daki Deniz Feneri dosyas\u0131n\u0131n geldi\u011fi g\u00fcnlerde de \u00e7\u0131kt\u0131 ama bize b\u00f6yle bir dosya gelmedi. Ne o zaman gelmi\u015fti ne de aradan ge\u00e7en s\u00fcrede b\u00f6yle bir dosya gelmi\u015f de\u011fil. Almanya&#8217;dan b\u00f6yle bir dosya gelse bu Adalet Bakanl\u0131\u011f\u0131&#8217;na gelir ve bunu biz kesin olarak bilirdik.&#8221;<\/p>\n<p style=\"text-align: justify;\"><strong>S\u00f6zc\u00fc \u0131srarl\u0131: Talep ettik <\/strong><\/p>\n<p style=\"text-align: justify;\">Bunun \u00fczerine Frankfurt Savc\u0131l\u0131\u011f\u0131 S\u00f6zc\u00fcs\u00fc Doris M\u00fcller-Scheu ile bu kez de biz konu\u015ftuk. M\u00fcller-Scheu, Adalet Bakanl\u0131\u011f\u0131&#8217;n\u0131n &#8220;Dosya gelmedi&#8221; a\u00e7\u0131klamas\u0131 hakk\u0131nda bir yorum yapmak istemedi. Fakat, Almanya&#8217;n\u0131n Zahid Akman ve Zekeriya Karaman dahil 15 ki\u015fi hakk\u0131nda baz\u0131 talepleri oldu\u011funu, bununla ilgili dosyay\u0131, T\u00fcrkiye&#8217;nin talep etti\u011fi Deniz Feneri e.V. dosyas\u0131yla ile birlikte g\u00f6nderdikleri bilgisini teyid etti.<\/p>\n<p style=\"text-align: justify;\">Almanya&#8217;daki Deniz Feneri e.V. davas\u0131 1 Eyl\u00fcl 2007&#8217;de ba\u015flam\u0131\u015f, 17 g\u00fcnde karara var\u0131lm\u0131\u015ft\u0131. Mahkeme, 2004 y\u0131l\u0131nda kurulan derne\u011fin, 41 milyon euro ba\u011f\u0131\u015f toplad\u0131\u011f\u0131n\u0131, bu paran\u0131n 12 milyon euroluk k\u0131sm\u0131n\u0131n us\u00fcls\u00fcz harcand\u0131\u011f\u0131n\u0131 tesbit etmi\u015fti. Buna g\u00f6re, hakk\u0131nda soru\u015fturma y\u00fcr\u00fct\u00fclen 18 ki\u015fiden \u00fc\u00e7\u00fc \u00e7e\u015fitli cezalara \u00e7arpt\u0131r\u0131ld\u0131. Mahkeme, &#8220;As\u0131l failler T\u00fcrkiye&#8217;de&#8221; diyerek T\u00fcrk adli makamlar\u0131n\u0131n da harekete ge\u00e7mesi gerekti\u011fine i\u015faret etmi\u015fti.<\/p>\n<p style=\"text-align: justify;\">Frankfurt savc\u0131l\u0131\u011f\u0131 &#8220;as\u0131l failler&#8221; diye nitelenen ve aralar\u0131nda RT\u00dcK Ba\u015fkan\u0131 Zahid Akman ve Kanal 7 Televizyonu Y\u00f6netim Kurulu Ba\u015fkan\u0131 Zekeriya Karaman&#8217;\u0131n da bulundu\u011fu 15 \u015f\u00fcpheli hakk\u0131nda soru\u015fturmay\u0131 s\u00fcrd\u00fcr\u00fcrken, adli yard\u0131m talebi kapsam\u0131nda, bu ki\u015filerin para hareketlerini ve ifadelerini i\u00e7eren bilgilerin g\u00f6nderilmesini talep etti.<\/p>\n<p style=\"text-align: justify;\"><strong>3 terc\u00fcman 59 g\u00fcnd\u00fcr \u00e7al\u0131\u015fmay\u0131 s\u00fcrd\u00fcr\u00fcyor<\/strong><\/p>\n<p style=\"text-align: justify;\">Almanya&#8217;daki Deniz Feneri e.V. davas\u0131n\u0131n T\u00fcrkiye aya\u011f\u0131na ili\u015fkin iddialarla ilgili soru\u015fturma kapsam\u0131nda istenen dosyan\u0131n \u00e7evirisi de bitmedi. 24 \u015eubat&#8217;ta savc\u0131l\u0131\u011fa teslim edilen dosyay\u0131 3 terc\u00fcman 59 g\u00fcnd\u00fcr \u00e7evirmeye \u00e7al\u0131\u015f\u0131yor. Dosya, \u0130\u015f\u00e7i Partisi&#8217;nin 8 Eyl\u00fcl 2008&#8217;deki su\u00e7 duyurusunun ard\u0131ndan ba\u015flat\u0131lan soru\u015fturmadaki talep \u00fczerine 170 g\u00fcn sonra 24 \u015eubat 2009&#8217;da Ankara Ba\u015fsavc\u0131l\u0131\u011f\u0131&#8217;na ula\u015fm\u0131\u015ft\u0131. Terc\u00fcme bitse bile, soru\u015fturman\u0131n ayr\u0131nt\u0131lar\u0131n\u0131n kamuoyu taraf\u0131ndan \u00f6\u011frenilmesi \u00f6n\u00fcnde hukuki engeller var. Dosyadaki k\u0131s\u0131tlama karar\u0131na g\u00f6re soru\u015fturma tamamlan\u0131ncaya kadar davada \u015fikayet\u00e7i olan \u0130P ile \u015f\u00fcpheli konumdaki ki\u015filer ve vekilleri dosyadan belge ve bilgi alamayacak.<\/p>\n<p style=\"text-align: justify;\"><span style=\"color: #888888;\">Kaynak : Vatan<\/span><\/p>\n","protected":false},"excerpt":{"rendered":"<p style=\"text-align: center;\">\n<p style=\"text-align: justify;\">Alman savc\u0131lar, 15 asli failin ifadesinin al\u0131nmas\u0131 i\u00e7in Ankara&#8217;dan talepte bulundu ancak!<\/p>\n<p style=\"text-align: justify;\">Alman Savc\u0131l\u0131k yetkilileri, &#8220;Deniz Feneri dosyas\u0131 ile birlikte g\u00f6nderdi\u011fimiz bir dosya ile Zekeriya Karaman ve Zahid Akman&#8217;\u0131n da aralar\u0131nda oldu\u011fu 15 ki\u015fi hakk\u0131nda bilgi istedik. Yan\u0131t verilmedi&#8221; a\u00e7\u0131klamas\u0131 yapt\u0131<\/p>\n<p style=\"text-align: justify;\">Deniz Feneri e.V. soru\u015fturmas\u0131nda bir <\/p>\n","protected":false},"author":1,"featured_media":0,"comment_status":"open","ping_status":"closed","sticky":false,"template":"","format":"standard","meta":{"footnotes":""},"categories":[105],"tags":[],"class_list":["post-8620","post","type-post","status-publish","format-standard","hentry","category-gundem","odd"],"_links":{"self":[{"href":"http:\/\/www.korhanyilmaz.com\/index.php?rest_route=\/wp\/v2\/posts\/8620","targetHints":{"allow":["GET"]}}],"collection":[{"href":"http:\/\/www.korhanyilmaz.com\/index.php?rest_route=\/wp\/v2\/posts"}],"about":[{"href":"http:\/\/www.korhanyilmaz.com\/index.php?rest_route=\/wp\/v2\/types\/post"}],"author":[{"embeddable":true,"href":"http:\/\/www.korhanyilmaz.com\/index.php?rest_route=\/wp\/v2\/users\/1"}],"replies":[{"embeddable":true,"href":"http:\/\/www.korhanyilmaz.com\/index.php?rest_route=%2Fwp%2Fv2%2Fcomments&post=8620"}],"version-history":[{"count":0,"href":"http:\/\/www.korhanyilmaz.com\/index.php?rest_route=\/wp\/v2\/posts\/8620\/revisions"}],"wp:attachment":[{"href":"http:\/\/www.korhanyilmaz.com\/index.php?rest_route=%2Fwp%2Fv2%2Fmedia&parent=8620"}],"wp:term":[{"taxonomy":"category","embeddable":true,"href":"http:\/\/www.korhanyilmaz.com\/index.php?rest_route=%2Fwp%2Fv2%2Fcategories&post=8620"},{"taxonomy":"post_tag","embeddable":true,"href":"http:\/\/www.korhanyilmaz.com\/index.php?rest_route=%2Fwp%2Fv2%2Ftags&post=8620"}],"curies":[{"name":"wp","href":"https:\/\/api.w.org\/{rel}","templated":true}]}}