{"id":8614,"date":"2009-04-26T17:19:24","date_gmt":"2009-04-26T14:19:24","guid":{"rendered":"http:\/\/www.korhanyilmaz.com\/?p=8614"},"modified":"2009-04-26T17:19:24","modified_gmt":"2009-04-26T14:19:24","slug":"vatan-yazdi-dosya-geldi","status":"publish","type":"post","link":"http:\/\/www.korhanyilmaz.com\/?p=8614","title":{"rendered":"VATAN yazd\u0131, dosya geldi"},"content":{"rendered":"<p style=\"text-align: center;\"><img loading=\"lazy\" decoding=\"async\" class=\"aligncenter size-full wp-image-8615\" src=\"http:\/\/www.korhanyilmaz.com\/wp-content\/uploads\/2009\/04\/270420090501072412936.jpg\" alt=\"\" width=\"329\" height=\"210\" \/><\/p>\n<p style=\"text-align: justify;\"><strong>Franfurt Savc\u0131l\u0131\u011f\u0131&#8217;n\u0131n 15 ki\u015fi hakk\u0131nda istedi\u011fi dosya sonunda geldi<\/strong>.<br \/>\nAdalet Bakan\u0131 \u015eahin, Franfurt Savc\u0131l\u0131\u011f\u0131&#8217;n\u0131n 15 ki\u015fi hakk\u0131nda istedi\u011fi dosya i\u00e7in ge\u00e7en Per\u015fembe g\u00fcn\u00fc &#8216;Yok&#8217; dedi. VATAN da bunu Cuma g\u00fcn\u00fc man\u015fetten duyurdu. Ayn\u0131 Bakan, d\u00fcn &#8220;Dosya Cuma g\u00fcn\u00fc saat 11.15&#8217;te geldi&#8221; dedi.\n<\/p>\n<p style=\"text-align: justify;\">ALMANYA&#8217;DA Deniz Feneri e.V soru\u015fturmas\u0131n\u0131 y\u00fcr\u00fcten Frankfurt Savc\u0131l\u0131\u011f\u0131&#8217;n\u0131n, aralar\u0131nda Kanal 7 Y\u00f6netim Kurulu Ba\u015fkan\u0131 Zekeriya Karaman ve RT\u00dcK Ba\u015fkan\u0131 Zahid Akman&#8217;\u0131n da oldu\u011fu 15 ki\u015fi hakk\u0131nda T\u00fcrkiye&#8217;den istedi\u011fi adli yard\u0131mla\u015fma talebi, 60 g\u00fcn sonra nihayet Adalet Bakanl\u0131\u011f\u0131&#8217;na ula\u015ft\u0131. Frankfurt Savc\u0131l\u0131\u011f\u0131, 15 ki\u015fi hakk\u0131nda y\u00fcr\u00fctt\u00fc\u011f\u00fc soru\u015fturma kapsam\u0131nda baz\u0131 bilgileri talep etti\u011fi dosyay\u0131, T\u00fcrkiye&#8217;nin talep etti\u011fi Almanya&#8217;da g\u00f6r\u00fclen Deniz Feneri dava dosyas\u0131 ile birlikte g\u00f6nderildi\u011fini a\u00e7\u0131klam\u0131\u015ft\u0131. Adalet Bakanl\u0131\u011f\u0131 yetkilileri ise ge\u00e7ti\u011fimiz Per\u015fembe g\u00fcn\u00fc VATAN&#8217;a, &#8220;b\u00f6yle bir dosyan\u0131n gelmedi\u011fini&#8221; s\u00f6ylemi\u015fti. Adalet Bakan\u0131 Mehmet Ali \u015eahin, &#8220;dosyan\u0131n Cuma g\u00fcn\u00fc 11.15&#8217;de Alman B\u00fcy\u00fckel\u00e7ili\u011fi&#8217;nden geldi\u011fini&#8221; d\u00fcn a\u00e7\u0131klad\u0131. Yani buna g\u00f6re, Almanya&#8217;n\u0131n 60 g\u00fcn \u00f6nce g\u00f6nderdi\u011fi dosya, VATAN&#8217;\u0131n dosyan\u0131n gelmemesini sorgulayan haberinin \u00e7\u0131kt\u0131\u011f\u0131 g\u00fcn Adalet Bakanl\u0131\u011f\u0131&#8217;na ula\u015ft\u0131. <!--more--><\/p>\n<p style=\"text-align: justify;\"><strong>&#8216;Dosya inceleniyor&#8217;<\/strong><br \/>\n\u015eahin, AKP&#8217;nin 50. Geni\u015fletilmi\u015f \u0130l Ba\u015fkanlar\u0131 Toplant\u0131s\u0131 \u00f6ncesinde bir gazetecinin, &#8220;Deniz Feneri ile ilgili Almanya&#8217;dan ek bir dosya geldi\u011fini&#8221; s\u00f6zleri \u00fczerine, \u015fu bilgileri verdi: &#8220;Deniz Feneri diye nitelenen Almanya&#8217;da bitmi\u015f veya \u015fu anda yeniden ba\u015flat\u0131lm\u0131\u015f bir soru\u015fturma ile ilgili ge\u00e7ti\u011fimiz Cuma g\u00fcn\u00fc 11.15 civar\u0131nda T\u00fcrkiye&#8217;nin Almanya B\u00fcy\u00fckel\u00e7ili\u011finden bize bir evrak geldi, Adalet Bakanl\u0131\u011f\u0131&#8217;na. Bakanl\u0131\u011f\u0131m\u0131z, ilgili genel m\u00fcd\u00fcrl\u00fc\u011f\u00fcm\u00fcz evraklar\u0131 inceliyor. Tabii terc\u00fcme edecek. Ama \u00f6n\u00fcm\u00fczdeki hafta zannediyorum ki ne talep ettiklerini \u00f6n\u00fcm\u00fcze getirirler.&#8221;\n<\/p>\n<p style=\"text-align: justify;\">&#8220;Dosyada RT\u00dcK Ba\u015fkan\u0131 Zahid Akman&#8217;\u0131n da aralar\u0131nda bulundu\u011fu baz\u0131 ki\u015filerin banka hesaplar\u0131n\u0131n incelenmesinin talep edilip edilmedi\u011fi y\u00f6n\u00fcndeki&#8221; bir soru \u00fczerine \u015eahin, \u015f\u00f6yle konu\u015ftu: &#8220;Ge\u00e7ti\u011fimiz Cuma g\u00fcn\u00fc geldi. Geldi\u011fini bana arkada\u015flar\u0131m s\u00f6zl\u00fc olarak bildirdiler. \u0130lgili genel m\u00fcd\u00fcrl\u00fckte bu evraklarla ilgili inceleme yap\u0131l\u0131yor. \u0130nceleme bitti\u011finde herhalde gereken yap\u0131lacakt\u0131r. Adalet Bakanl\u0131\u011f\u0131&#8217;n\u0131n g\u00f6revi bu adli yard\u0131mla\u015fma talebinin uluslararas\u0131 anla\u015fmalar ba\u011flam\u0131nda de\u011ferlendirilmesi ve gerekirse bunlar\u0131n cumhuriyet savc\u0131l\u0131klar\u0131na intikalini sa\u011flamaktan ibarettir. Yarg\u0131lama yapm\u0131yoruz. Sadece gelen evraklarla ilgili i\u015flem yap\u0131yoruz&#8221;<\/p>\n<p style=\"text-align: justify;\">Almanya&#8217;daki Frankfurt Savc\u0131l\u0131\u011f\u0131 ge\u00e7ti\u011fimiz hafta, Deniz Feneri e.V san\u0131klar\u0131 Mehmet G\u00fcrhan, Firdevsi Ermi\u015f ve Mehmet Ta\u015fkan hakk\u0131ndaki dava sona erdikten sonra, aralar\u0131nda Zahid Akman ve Zekeriya Karaman&#8217;\u0131n da bulundu\u011fu 15 ki\u015fi hakk\u0131nda T\u00fcrkiye&#8217;den &#8220;adli yard\u0131mla\u015fma&#8221; kapsam\u0131nda baz\u0131 bilgileri talep etti\u011fini ve 2 ayd\u0131r hi\u00e7bir yan\u0131t alamad\u0131\u011f\u0131n\u0131 a\u00e7\u0131klam\u0131\u015ft\u0131. VATAN, Savc\u0131l\u0131k S\u00f6zc\u00fcs\u00fc Doris M\u00fcller-Scheu&#8217;n\u00fcn a\u00e7\u0131klamalar\u0131yla ortaya \u00e7\u0131kan, Almanya&#8217;n\u0131n adli yard\u0131m talebiyle ilgili dosyay\u0131, Ankara&#8217;da Adalet Bakanl\u0131\u011f\u0131 yetkililerine sormu\u015f, &#8220;Bizde b\u00f6yle bir dosya yok&#8221; kar\u015f\u0131l\u0131\u011f\u0131n\u0131 alm\u0131\u015ft\u0131. Uluslaras\u0131 Hukuk ve D\u0131\u015fili\u015fkiler Genel M\u00fcd\u00fcr\u00fc Ahmet F\u0131rat, Bas\u0131n M\u00fc\u015favirli\u011fi arac\u0131l\u0131\u011f\u0131yla, VATAN&#8217;\u0131n sorusuna \u015fu yan\u0131t\u0131 vermi\u015fti: &#8220;Benzer haberler, Almanya&#8217;daki Deniz Feneri dosyas\u0131n\u0131n geldi\u011fi g\u00fcnlerde de \u00e7\u0131kt\u0131 ama bize b\u00f6yle bir dosya gelmedi. Ne o zaman gelmi\u015fti, ne de aradan ge\u00e7en s\u00fcrede b\u00f6yle bir dosya gelmi\u015f de\u011fil. Almanya&#8217;dan b\u00f6yle bir dosya gelse bu Adalet Bakanl\u0131\u011f\u0131&#8217;na gelir ve bunu biz kesin olarak bilirdik.&#8221;<\/p>\n<p style=\"text-align: justify;\">VATAN, bunun \u00fczerine Frankfurt Savc\u0131l\u0131\u011f\u0131 S\u00f6zc\u00fcs\u00fc Doris M\u00fcller-Scheu ile bir kez daha konu\u015fmu\u015f ve M\u00fcller-Scheu, Almanya&#8217;n\u0131n Akman ve Karaman dahil 15 ki\u015fi hakk\u0131nda baz\u0131 talepleri oldu\u011funu, bununla ilgili dosyay\u0131, T\u00fcrkiye&#8217;nin talep etti\u011fi Deniz Feneri dosyas\u0131yla g\u00f6nderdikleri bilgisini teyit etmi\u015fti.<\/p>\n<p style=\"text-align: justify;\"><strong>Dosyada ne var?<\/strong><\/p>\n<p style=\"text-align: justify;\">Alman Savc\u0131l\u0131k S\u00f6zc\u00fcs\u00fc Doris M\u00fcller-Scheu&#8217;nun verdi\u011fi bilgilere g\u00f6re Almanya, T\u00fcrkiye&#8217;den adli yard\u0131mla\u015fma kapsam\u0131nda 15 ki\u015fi hakk\u0131nda baz\u0131 bilgileri kendisine g\u00f6ndermesini istiyor. M\u00fcller-Scheu, adli yard\u0131m talebi \u00e7er\u00e7evesinde istedikleri bilgiler gelmezse kendi imkanlar\u0131yla soru\u015fturmay\u0131 tamamlayacaklar\u0131n\u0131 belirtmi\u015f ve &#8220;Soru\u015fturmas\u0131 devam eden bu \u015fah\u0131slar\u0131 T\u00fcrkiye&#8217;ye gelip sorgulayamayaca\u011f\u0131m\u0131za g\u00f6re, T\u00fcrk Adalet Bakanl\u0131\u011f\u0131&#8217;n\u0131n bizim i\u00e7in bu sorgulamay\u0131 yap\u0131p, elde edece\u011fi bilgileri bize yollamas\u0131n\u0131 bekleyece\u011fiz. E\u011fer istedi\u011fimiz bilgilerin gelme s\u00fcresi uzarsa, o zaman daha fazla beklemeden, soru\u015fturmay\u0131 kendi imkanlar\u0131m\u0131zla nas\u0131l sonu\u00e7land\u0131raca\u011f\u0131m\u0131z\u0131 d\u00fc\u015f\u00fcn\u00fcr\u00fcz. \u015eimdilik bekliyoruz&#8221; demi\u015fti.<\/p>\n<p style=\"text-align: justify;\"><strong>VATAN YAZMI\u015eTI<\/strong><\/p>\n<p style=\"text-align: justify;\">Frankfurt Eyalet Savc\u0131l\u0131\u011f\u0131&#8217;n\u0131n aralar\u0131nda Kanal 7&#8217;nin patronu Zekeriya Karaman ile RT\u00dcK Ba\u015fkan\u0131 Zahid Akman&#8217;\u0131n da oldu\u011fu 15 ki\u015fi i\u00e7in &#8216;adli yard\u0131m&#8217; talebinde bulundu\u011fu ancak iki ayd\u0131r yan\u0131t alamad\u0131\u011f\u0131 haberi Cuma g\u00fcn\u00fc VATAN&#8217;\u0131n s\u00fcrman\u015fetten duyurmu\u015ftu&#8230;<\/p>\n<p style=\"text-align: justify;\"><strong>3 terc\u00fcman 62 g\u00fcnd\u00fcr \u00e7al\u0131\u015f\u0131yor <\/strong><\/p>\n<p style=\"text-align: justify;\">24 \u015eubat&#8217;ta savc\u0131l\u0131\u011fa teslim edilen dosyayla ilgili 3 terc\u00fcman\u0131n \u00e7al\u0131\u015fmaya ba\u015flamas\u0131n\u0131n \u00fczerinden 62 g\u00fcn ge\u00e7ti.<\/p>\n<p style=\"text-align: justify;\"><span style=\"color: #888888;\">Kaynak : Kemal G\u00f6kta\u015f &#8211; Vatan<\/span><\/p>\n<p style=\"text-align: justify;\"><img loading=\"lazy\" decoding=\"async\" class=\"aligncenter size-full wp-image-8616\" src=\"http:\/\/www.korhanyilmaz.com\/wp-content\/uploads\/2009\/04\/260420092331465216700_3.jpg\" alt=\"\" width=\"450\" height=\"653\" \/><\/p>\n<p style=\"text-align: justify;\">\n<p style=\"text-align: justify;\">\n","protected":false},"excerpt":{"rendered":"<p style=\"text-align: center;\">\n<p style=\"text-align: justify;\">Franfurt Savc\u0131l\u0131\u011f\u0131&#8217;n\u0131n 15 ki\u015fi hakk\u0131nda istedi\u011fi dosya sonunda geldi. Adalet Bakan\u0131 \u015eahin, Franfurt Savc\u0131l\u0131\u011f\u0131&#8217;n\u0131n 15 ki\u015fi hakk\u0131nda istedi\u011fi dosya i\u00e7in ge\u00e7en Per\u015fembe g\u00fcn\u00fc &#8216;Yok&#8217; dedi. VATAN da bunu Cuma g\u00fcn\u00fc man\u015fetten duyurdu. Ayn\u0131 Bakan, d\u00fcn &#8220;Dosya Cuma g\u00fcn\u00fc saat 11.15&#8217;te geldi&#8221; dedi. <\/p>\n<p style=\"text-align: justify;\">ALMANYA&#8217;DA Deniz Feneri e.V soru\u015fturmas\u0131n\u0131 <\/p>\n","protected":false},"author":1,"featured_media":0,"comment_status":"open","ping_status":"closed","sticky":false,"template":"","format":"standard","meta":{"footnotes":""},"categories":[105],"tags":[],"class_list":["post-8614","post","type-post","status-publish","format-standard","hentry","category-gundem","odd"],"_links":{"self":[{"href":"http:\/\/www.korhanyilmaz.com\/index.php?rest_route=\/wp\/v2\/posts\/8614","targetHints":{"allow":["GET"]}}],"collection":[{"href":"http:\/\/www.korhanyilmaz.com\/index.php?rest_route=\/wp\/v2\/posts"}],"about":[{"href":"http:\/\/www.korhanyilmaz.com\/index.php?rest_route=\/wp\/v2\/types\/post"}],"author":[{"embeddable":true,"href":"http:\/\/www.korhanyilmaz.com\/index.php?rest_route=\/wp\/v2\/users\/1"}],"replies":[{"embeddable":true,"href":"http:\/\/www.korhanyilmaz.com\/index.php?rest_route=%2Fwp%2Fv2%2Fcomments&post=8614"}],"version-history":[{"count":0,"href":"http:\/\/www.korhanyilmaz.com\/index.php?rest_route=\/wp\/v2\/posts\/8614\/revisions"}],"wp:attachment":[{"href":"http:\/\/www.korhanyilmaz.com\/index.php?rest_route=%2Fwp%2Fv2%2Fmedia&parent=8614"}],"wp:term":[{"taxonomy":"category","embeddable":true,"href":"http:\/\/www.korhanyilmaz.com\/index.php?rest_route=%2Fwp%2Fv2%2Fcategories&post=8614"},{"taxonomy":"post_tag","embeddable":true,"href":"http:\/\/www.korhanyilmaz.com\/index.php?rest_route=%2Fwp%2Fv2%2Ftags&post=8614"}],"curies":[{"name":"wp","href":"https:\/\/api.w.org\/{rel}","templated":true}]}}