{"id":8600,"date":"2009-04-25T15:04:00","date_gmt":"2009-04-25T12:04:00","guid":{"rendered":"http:\/\/www.korhanyilmaz.com\/?p=8600"},"modified":"2009-04-25T15:04:00","modified_gmt":"2009-04-25T12:04:00","slug":"kac-kisinin-dinlendigini-devlet-de-bilmiyor","status":"publish","type":"post","link":"http:\/\/www.korhanyilmaz.com\/?p=8600","title":{"rendered":"Ka\u00e7 ki\u015finin dinlendi\u011fini devlet de bilmiyor!"},"content":{"rendered":"<p style=\"text-align: center;\"><img loading=\"lazy\" decoding=\"async\" class=\"aligncenter size-full wp-image-8601\" title=\"Ka\u00e7 ki\u015finin dinlendi\u011fini devlet de bilmiyor! \" src=\"http:\/\/www.korhanyilmaz.com\/wp-content\/uploads\/2009\/04\/260420090320130297726.jpg\" alt=\"Ka\u00e7 ki\u015finin dinlendi\u011fini devlet de bilmiyor! \" width=\"329\" height=\"210\" \/><\/p>\n<p style=\"text-align: justify;\"><strong>Bakan \u015eahin&#8217;in, bir soru \u00f6nergesine verdi\u011fi yan\u0131t bu ilgin\u00e7 ger\u00e7e\u011fi g\u00f6zler \u00f6n\u00fcne serdi<\/strong>.<\/p>\n<p style=\"text-align: justify;\">\u015eahin &#8220;Son 3 y\u0131lda T\u00fcrkiye&#8217;de ka\u00e7 dinleme karar\u0131 al\u0131nd\u0131&#8221; sorusuna &#8220;B\u00f6yle bir istatistik yok&#8221; yan\u0131t\u0131n\u0131 verdi.<\/p>\n<p style=\"text-align: justify;\">MHP Grup Ba\u015fkanvekili Oktay Vural, Adalet Bakanl\u0131\u011f\u0131&#8217;na dinlemelerle ilgili bir soru \u00f6nergesi verdi ve &#8220;Mahkemelerin CMK&#8217;na g\u00f6re son \u00fc\u00e7 y\u0131lda ka\u00e7 dinleme karar\u0131 ald\u0131\u011f\u0131n\u0131&#8221; sordu. Bakan \u015eahin bu soruya, &#8220;2005-2006-2007 y\u0131llar\u0131nda telefon dinlemeleriyle ilgili olarak Bakanl\u0131\u011f\u0131m\u0131zda istatistiki veri bulunmamaktad\u0131r&#8221; yan\u0131t\u0131n\u0131 verdi. Adalet Bakanl\u0131\u011f\u0131&#8217;nda su\u00e7lular, h\u00fck\u00fcml\u00fcler ve bir\u00e7ok konuyla ilgili geni\u015f istatistiki bilgiler bulunmas\u0131na ra\u011fmen dinlemeyle ilgili istatistik tutulmamas\u0131 dikkat \u00e7ekti. <!--more--><\/p>\n<p style=\"text-align: justify;\"><strong>13 bin kay\u0131t imha edildi<\/strong><\/p>\n<p style=\"text-align: justify;\">\u015eahin&#8217;in, 134 a\u011f\u0131r ceza merkezi Cumhuriyet ba\u015fsavc\u0131l\u0131klar\u0131ndan g\u00f6nderilen verilerin yer ald\u0131\u011f\u0131 cevab\u0131nda ilgin\u00e7 ayr\u0131nt\u0131lar da vard\u0131. Buna g\u00f6re, 2006-2007 ve 2008 y\u0131llar\u0131nda dinlemeye al\u0131nan 12 bin 888 ki\u015finin ileti\u015fim kay\u0131tlar\u0131, haklar\u0131nda kovu\u015fturmaya gerek g\u00f6r\u00fclmedi\u011fi i\u00e7in imha edildi. Veriler, her ge\u00e7en y\u0131l haklar\u0131nda kovu\u015fturmaya gerek g\u00f6r\u00fclmedi\u011fi i\u00e7in dinleme kay\u0131tlar\u0131 iptal edilen ki\u015fi say\u0131s\u0131n\u0131n artt\u0131\u011f\u0131n\u0131 da g\u00f6zler \u00f6n\u00fcne serdi. Adalet Bakanl\u0131\u011f\u0131&#8217;n\u0131n, 134 a\u011f\u0131r ceza merkezi cumhuriyet ba\u015fsavc\u0131l\u0131klar\u0131ndan derledi\u011fi bilgiye g\u00f6re, 2006&#8217;da ileti\u015fim kay\u0131tlar\u0131 imha edilen ki\u015fi say\u0131s\u0131 2 bin 729 iken, 2007&#8217;de bu say\u0131 4 bin 947 ki\u015fiye, 2008&#8217;de de 5 bin 212 ki\u015fiye y\u00fckseldi.<\/p>\n<p style=\"text-align: justify;\"><strong>10 g\u00fcn i\u00e7inde yok ediliyor<\/strong><\/p>\n<p style=\"text-align: justify;\">Yasal dinlemeler CMK&#8217;n\u0131n 135. maddesi \u00e7er\u00e7evesinde &#8220;Bir su\u00e7 dolay\u0131s\u0131yla yap\u0131lan soru\u015fturma ve kovu\u015fturmada, su\u00e7 i\u015flendi\u011fine ili\u015fkin kuvvetli \u015f\u00fcphe sebeplerinin varl\u0131\u011f\u0131 ve ba\u015fka suretle delil elde edilmesi imk\u00e2n\u0131n\u0131n bulunmamas\u0131 durumunda, h\u00e2kim veya gecikmesinde sak\u0131nca bulunan hallerde Cumhuriyet savc\u0131s\u0131n\u0131n karar\u0131yla \u015f\u00fcpheli veya san\u0131\u011f\u0131n telekom\u00fcnikasyon yoluyla ileti\u015fimi tespit edilebilir&#8221; h\u00fckm\u00fc \u00e7er\u00e7evesinde ger\u00e7ekle\u015ftiriliyor. Ayn\u0131 yasan\u0131n 137. maddesi ise, dinlemeye al\u0131nan ki\u015fi hakk\u0131nda kovu\u015fturmaya gerek g\u00f6r\u00fclmemesi ya da hakim onay\u0131 al\u0131nmaks\u0131z\u0131n dinlemelerin yap\u0131lmas\u0131 durumunda, ileti\u015fim kay\u0131tlar\u0131n\u0131n 10 g\u00fcn i\u00e7inde imha edilmesini \u00f6ng\u00f6r\u00fcyor.<\/p>\n<p style=\"text-align: justify;\"><strong>\u0130STANBUL VE D\u0130YARBAKIR \u0130LK SIRADA <\/strong><\/p>\n<p style=\"text-align: justify;\">\u0130leti\u015fim kay\u0131tlar\u0131 imha edilen ki\u015fi say\u0131s\u0131n\u0131n en fazla oldu\u011fu ilk 5 il \u015f\u00f6yle:<\/p>\n<p style=\"text-align: justify;\">2006- \u0130stanbul (480 ki\u015fi), Diyarbak\u0131r (316), Van (311), Adana (288), Mersin (173)<\/p>\n<p style=\"text-align: justify;\">2007- \u0130stanbul (719), Diyarbak\u0131r (538), Adana (510), Mersin (361), Van (267)<\/p>\n<p style=\"text-align: justify;\">2008-  Diyarbak\u0131r (864), \u0130stanbul (654), Van (514), Mersin (392), Adana (364)<\/p>\n<p style=\"text-align: justify;\"><strong>T\u0130B BA\u015eKANI FETH\u0130 \u015e\u0130M\u015eEK: N\u00fcfusun binde biri dinleniyor<\/strong><\/p>\n<p style=\"text-align: justify;\">ADALET Bakan\u0131 Mehmet Ali \u015eahin, &#8220;Ka\u00e7 ki\u015finin dinlendi\u011fiyle ilgili istatistiki bilgi yok dedi. Ancak Telekom\u00fcnikasyon \u0130leti\u015fim Ba\u015fkan\u0131 Fethi \u015eim\u015fek k\u0131sa s\u00fcre \u00f6nce T\u00fcrkiye&#8217;de ka\u00e7 ki\u015finin dinlendi\u011fi sorusuna \u015fu yan\u0131t\u0131 vermi\u015fti: &#8220;Ben M\u0130T, Emniyet ve Jandarma Te\u015fkilat\u0131&#8217;n\u0131n emanet\u00e7isiyim. \u015eunu a\u00e7\u0131kl\u0131yorum ki, Avrupa&#8217;daki dinlemelerin \u00fcst\u00fcnde de\u011fil bizdeki dinleme say\u0131s\u0131. N\u00fcfus oran\u0131na g\u00f6re binde 1 oldu\u011funu kamuoyu ile payla\u015f\u0131yorum. Ortam dinlemesi dedi\u011fimiz yasa d\u0131\u015f\u0131 yap\u0131lanlar\u0131 kastetmiyorum. \u0130ki ki\u015fi oturup konu\u015furken cebinizi a\u00e7\u0131p kaydetme de yasa d\u0131\u015f\u0131d\u0131r. Bunlar\u0131 kastetmiyorum. &#8220;\u015eim\u015fek&#8217;in verdi\u011fi orana g\u00f6re T\u00fcrkiye&#8217;de toplam 71 bin ki\u015fi dinleniyor.<\/p>\n<p style=\"text-align: justify;\"><span style=\"color: #888888;\">Kaynak : \u015eebnem Ho\u015fg\u00f6r &#8211; Vatan<\/span><\/p>\n<p style=\"text-align: justify;\">\n","protected":false},"excerpt":{"rendered":"<p style=\"text-align: center;\">\n<p style=\"text-align: justify;\">Bakan \u015eahin&#8217;in, bir soru \u00f6nergesine verdi\u011fi yan\u0131t bu ilgin\u00e7 ger\u00e7e\u011fi g\u00f6zler \u00f6n\u00fcne serdi.<\/p>\n<p style=\"text-align: justify;\">\u015eahin &#8220;Son 3 y\u0131lda T\u00fcrkiye&#8217;de ka\u00e7 dinleme karar\u0131 al\u0131nd\u0131&#8221; sorusuna &#8220;B\u00f6yle bir istatistik yok&#8221; yan\u0131t\u0131n\u0131 verdi.<\/p>\n<p style=\"text-align: justify;\">MHP Grup Ba\u015fkanvekili Oktay Vural, Adalet Bakanl\u0131\u011f\u0131&#8217;na dinlemelerle ilgili bir soru \u00f6nergesi verdi ve &#8220;Mahkemelerin CMK&#8217;na g\u00f6re <\/p>\n","protected":false},"author":1,"featured_media":0,"comment_status":"open","ping_status":"closed","sticky":false,"template":"","format":"standard","meta":{"footnotes":""},"categories":[105],"tags":[],"class_list":["post-8600","post","type-post","status-publish","format-standard","hentry","category-gundem","odd"],"_links":{"self":[{"href":"http:\/\/www.korhanyilmaz.com\/index.php?rest_route=\/wp\/v2\/posts\/8600","targetHints":{"allow":["GET"]}}],"collection":[{"href":"http:\/\/www.korhanyilmaz.com\/index.php?rest_route=\/wp\/v2\/posts"}],"about":[{"href":"http:\/\/www.korhanyilmaz.com\/index.php?rest_route=\/wp\/v2\/types\/post"}],"author":[{"embeddable":true,"href":"http:\/\/www.korhanyilmaz.com\/index.php?rest_route=\/wp\/v2\/users\/1"}],"replies":[{"embeddable":true,"href":"http:\/\/www.korhanyilmaz.com\/index.php?rest_route=%2Fwp%2Fv2%2Fcomments&post=8600"}],"version-history":[{"count":0,"href":"http:\/\/www.korhanyilmaz.com\/index.php?rest_route=\/wp\/v2\/posts\/8600\/revisions"}],"wp:attachment":[{"href":"http:\/\/www.korhanyilmaz.com\/index.php?rest_route=%2Fwp%2Fv2%2Fmedia&parent=8600"}],"wp:term":[{"taxonomy":"category","embeddable":true,"href":"http:\/\/www.korhanyilmaz.com\/index.php?rest_route=%2Fwp%2Fv2%2Fcategories&post=8600"},{"taxonomy":"post_tag","embeddable":true,"href":"http:\/\/www.korhanyilmaz.com\/index.php?rest_route=%2Fwp%2Fv2%2Ftags&post=8600"}],"curies":[{"name":"wp","href":"https:\/\/api.w.org\/{rel}","templated":true}]}}