{"id":8596,"date":"2009-04-25T16:59:24","date_gmt":"2009-04-25T13:59:24","guid":{"rendered":"http:\/\/www.korhanyilmaz.com\/?p=8596"},"modified":"2009-04-25T16:59:24","modified_gmt":"2009-04-25T13:59:24","slug":"%e2%80%98insan-onuru%e2%80%99-acilimi","status":"publish","type":"post","link":"http:\/\/www.korhanyilmaz.com\/?p=8596","title":{"rendered":"\u2018\u0130nsan onuru\u2019 a\u00e7\u0131l\u0131m\u0131"},"content":{"rendered":"<p style=\"text-align: justify;\"><img loading=\"lazy\" decoding=\"async\" class=\"aligncenter size-full wp-image-8597\" title=\"\u2018\u0130nsan onuru\u2019 a\u00e7\u0131l\u0131m\u0131 \" src=\"http:\/\/www.korhanyilmaz.com\/wp-content\/uploads\/2009\/04\/260420090314519564050.jpg\" alt=\"\u2018\u0130nsan onuru\u2019 a\u00e7\u0131l\u0131m\u0131 \" width=\"320\" height=\"100\" \/><strong>\u00d6nceki g\u00fcnk\u00fc konu\u015fmas\u0131 b\u00fcy\u00fck yank\u0131 uyand\u0131ran AYM Ba\u015fkan\u0131 Ha\u015fim K\u0131l\u0131\u00e7&#8217;a g\u00f6re \u00fclke sorunlar\u0131na \u00e7\u00f6z\u00fcm i\u00e7in anahtar kelime &#8216;insan onuru&#8217;&#8230;<\/strong><\/p>\n<p style=\"text-align: justify;\">ANKARA &#8211; Anayasa Mahkemesi Ba\u015fkan\u0131 Ha\u015fim K\u0131l\u0131\u00e7&#8217;\u0131n, mahkemenin kurulu\u015f y\u0131ld\u00f6n\u00fcm\u00fcnde yapt\u0131\u011f\u0131 konu\u015fmada h\u00fck\u00fcmet ba\u015fta olmak \u00fczere \u00e7e\u015fitli kesimlere y\u00f6neltti\u011fi ele\u015ftiriler y\u00f6neltmesinin yank\u0131lar\u0131 s\u00fcr\u00fcyor. Konu\u015fmas\u0131nda de\u011findi\u011fi t\u00fcm konular\u0131 &#8220;insan onuru&#8221; kavram\u0131 ekseninde ele alan K\u0131l\u0131\u00e7&#8217;\u0131n konu\u015fmas\u0131nda sat\u0131r aras\u0131nda kalan \u00e7ok \u00f6nemli bir uyar\u0131 yer ald\u0131. Ergenekon soru\u015fturmas\u0131n\u0131 kastederek &#8220;Yarg\u0131 karar\u0131 olmadan su\u00e7lu ilan edilen insanlar\u0131n onurlar\u0131 yok edilmektedir&#8221; diyen K\u0131l\u0131\u00e7 &#8220;Yok edilen insanl\u0131k onurunun do\u011furdu\u011fu \u00f6fke, demokrasiden ve hukuk devletinden intikam alma duygusuna d\u00f6n\u00fc\u015fmeden gerekli olan her t\u00fcrl\u00fc d\u00fczenleme acilen yap\u0131lmal\u0131d\u0131r&#8221; ifadesini kulland\u0131. K\u0131l\u0131\u00e7&#8217;\u0131n bu s\u00f6zlerle Ergenekon soru\u015fturmas\u0131na y\u00f6nelen tepkilerin hukuk ve demokrasi d\u0131\u015f\u0131 e\u011filimleri g\u00fc\u00e7lendirece\u011fi uyar\u0131s\u0131 olarak yorumland\u0131.<\/p>\n<p style=\"text-align: justify;\">K\u0131l\u0131\u00e7&#8217;\u0131n konu\u015fmas\u0131ndaki \u00e7ok \u00f6nemli bir b\u00f6l\u00fcm de din ve laiklikle ilgili oldu. <!--more--><\/p>\n<p style=\"text-align: justify;\"><strong>33 KEZ &#8220;ONUR&#8221; DED\u0130<\/strong><\/p>\n<p style=\"text-align: justify;\">Anayasa&#8217;n\u0131n ba\u015flang\u0131\u00e7 b\u00f6l\u00fcm\u00fcndeki &#8220;Her T\u00fcrk vatanda\u015f\u0131n\u0131n onurlu bir hayat s\u00fcrd\u00fcrme, maddi ve manevi varl\u0131\u011f\u0131n\u0131 bu y\u00f6nde geli\u015ftirme hak ve yetkisine do\u011fu\u015ftan sahip oldu\u011fu&#8221; ifadesini hat\u0131rlatan K\u0131l\u0131\u00e7, bu anlay\u0131\u015f\u0131n, en \u00f6nemli anayasal de\u011ferlerden biri oldu\u011funu belirtti. K\u0131l\u0131\u00e7, bu kavramdan yola \u00e7\u0131karak K\u00fcrt sorunu, laiklik, d\u00fc\u015f\u00fcnce \u00f6zg\u00fcrl\u00fc\u011f\u00fc ve Ergenekon soru\u015fturmas\u0131na ili\u015fkin g\u00f6r\u00fc\u015flerini ve \u00e7\u00f6z\u00fcm \u00f6nerilerini ortaya koydu. K\u0131l\u0131\u00e7&#8217;\u0131n konu\u015fmas\u0131nda 33 kez &#8220;onur&#8221; kavram\u0131 ge\u00e7ti. K\u0131l\u0131\u00e7&#8217;\u0131n konu\u015fmas\u0131 bu y\u00fczden &#8220;insan onuru a\u00e7\u0131l\u0131m\u0131&#8221; olarak de\u011ferlendirildi. K\u0131l\u0131\u00e7, insan onurunun 4 unsurla somutla\u015ft\u0131\u011f\u0131n\u0131 belirtti:<\/p>\n<p style=\"text-align: justify;\"><strong>4 &#8216;ONUR&#8217; KR\u0130TER\u0130<\/strong><\/p>\n<p style=\"text-align: justify;\">1- V\u00fccut b\u00fct\u00fcnl\u00fc\u011f\u00fcne sayg\u0131 g\u00f6sterilmesi ve onun korunmas\u0131,<\/p>\n<p style=\"text-align: justify;\">2- Hukuk\u00ee ve sosyal e\u015fitli\u011fin tesis edilmesi,<\/p>\n<p style=\"text-align: justify;\">3- \u0130nsani ya\u015fam ko\u015fullar\u0131n\u0131n sa\u011flanmas\u0131,<\/p>\n<p style=\"text-align: justify;\">4- \u0130nsan\u0131n kendi \u00f6z tercihlerine g\u00f6re kimli\u011fini ve ki\u015fili\u011fini belirlemesi.<\/p>\n<p style=\"text-align: justify;\">K\u0131l\u0131\u00e7, \u00fclkenin temel sorunlar\u0131na ili\u015fkin g\u00f6r\u00fc\u015flerini de bu kavram ekseninde \u015f\u00f6yle a\u00e7\u0131klad\u0131:<\/p>\n<p style=\"text-align: justify;\"><strong>K\u00dcRT  SORUNU:<\/strong> Onurlu muamele, etnik, dini, ideolojik homojenli\u011fin sa\u011flanmas\u0131 \u015fart\u0131na da ba\u011flanamaz. Bu \u00f6yle bir de\u011ferdir ki, onu l\u00fctfetmek hi\u00e7bir sistemin veya devlet d\u00fczeninin haddine de\u011fildir.<\/p>\n<p style=\"text-align: justify;\"><strong>\u00c7O\u011eULCULUK:<\/strong> \u00c7o\u011fulculu\u011fun kar\u015f\u0131t\u0131 olan tek inan\u00e7 ve tek d\u00fc\u015f\u00fcnce insanlar\u0131 iki y\u00fczl\u00fc olmaya ve kendine ait olmayan bir hayat\u0131 ya\u015famaya mecbur eder. \u0130nsan onuruna yap\u0131lan b\u00f6yle bir sald\u0131r\u0131ya demokrasinin izin verdi\u011fini s\u00f6yleyebilmek ak\u0131l d\u0131\u015f\u0131d\u0131r.<\/p>\n<p style=\"text-align: justify;\"><strong>T\u00dcRBAN YASA\u011eI:<\/strong> \u0130nsan onuru, ne ba\u015fkalar\u0131n\u0131n temel haklar\u0131 gerek\u00e7e g\u00f6sterilerek ge\u00e7ersiz k\u0131l\u0131nabilir, ne de anayasada veya siyasal yap\u0131da egemen olan anayasal de\u011ferler gerek\u00e7e g\u00f6sterilerek zay\u0131flat\u0131labilir. Hak ve h\u00fcrriyetlerin \u00f6z\u00fc olan insan onurunun devletin de\u011fi\u015fmez nitelikleriyle olan ba\u011flant\u0131lar\u0131 ya\u015famsal d\u00fczeydedir.<\/p>\n<p style=\"text-align: justify;\"><strong>DARBE G\u0130R\u0130\u015e\u0130MLER\u0130:<\/strong> Demokrasiyle birlikte hak ve \u00f6zg\u00fcrl\u00fcklerle tan\u0131\u015farak onurunu g\u00fcvence alt\u0131na alan T\u00fcrkiye halk\u0131n\u0131 bu tercihinden geri d\u00f6nd\u00fcrmek i\u00e7in vakit art\u0131k \u00e7ok ge\u00e7tir.<\/p>\n<p style=\"text-align: justify;\"><strong>D\u00dc\u015e\u00dcNCE \u00d6ZG\u00dcRL\u00dc\u011e\u00dc:<\/strong> Bireyleri sahte kimliklerle kendini tan\u0131tmaya ve dola\u015fmaya zorlayan ifade \u00f6zg\u00fcrl\u00fc\u011f\u00fcn\u00fcn \u00f6n\u00fcndeki engeller insan onuruna zarar vermeden kald\u0131r\u0131lmal\u0131d\u0131r.<\/p>\n<p style=\"text-align: justify;\"><strong>ERGENEKON:<\/strong> Yarg\u0131 karar\u0131 olmadan su\u00e7lu ilan edilen insanlar\u0131n onurlar\u0131 yok edilmektedir. Bu bir insanl\u0131k su\u00e7udur. \u0130nsan onuru ve ki\u015fi dokunulmazl\u0131\u011f\u0131, insan haklar\u0131 sisteminin ve Anayasa&#8217;n\u0131n da \u00fcst\u00fcnde yer alan tek de\u011ferdir.<\/p>\n<p style=\"text-align: justify;\"><span style=\"color: #888888;\">Kaynak : Kemal G\u00f6kta\u015f &#8211; Vatan<\/span><\/p>\n<p style=\"text-align: justify;\">\n","protected":false},"excerpt":{"rendered":"<p style=\"text-align: justify;\">\u00d6nceki g\u00fcnk\u00fc konu\u015fmas\u0131 b\u00fcy\u00fck yank\u0131 uyand\u0131ran AYM Ba\u015fkan\u0131 Ha\u015fim K\u0131l\u0131\u00e7&#8217;a g\u00f6re \u00fclke sorunlar\u0131na \u00e7\u00f6z\u00fcm i\u00e7in anahtar kelime &#8216;insan onuru&#8217;&#8230;<\/p>\n<p style=\"text-align: justify;\">ANKARA &#8211; Anayasa Mahkemesi Ba\u015fkan\u0131 Ha\u015fim K\u0131l\u0131\u00e7&#8217;\u0131n, mahkemenin kurulu\u015f y\u0131ld\u00f6n\u00fcm\u00fcnde yapt\u0131\u011f\u0131 konu\u015fmada h\u00fck\u00fcmet ba\u015fta olmak \u00fczere \u00e7e\u015fitli kesimlere y\u00f6neltti\u011fi ele\u015ftiriler y\u00f6neltmesinin yank\u0131lar\u0131 s\u00fcr\u00fcyor. Konu\u015fmas\u0131nda de\u011findi\u011fi t\u00fcm konular\u0131 &#8220;insan onuru&#8221; kavram\u0131 ekseninde ele <\/p>\n","protected":false},"author":1,"featured_media":0,"comment_status":"open","ping_status":"closed","sticky":false,"template":"","format":"standard","meta":{"footnotes":""},"categories":[105],"tags":[],"class_list":["post-8596","post","type-post","status-publish","format-standard","hentry","category-gundem","odd"],"_links":{"self":[{"href":"http:\/\/www.korhanyilmaz.com\/index.php?rest_route=\/wp\/v2\/posts\/8596","targetHints":{"allow":["GET"]}}],"collection":[{"href":"http:\/\/www.korhanyilmaz.com\/index.php?rest_route=\/wp\/v2\/posts"}],"about":[{"href":"http:\/\/www.korhanyilmaz.com\/index.php?rest_route=\/wp\/v2\/types\/post"}],"author":[{"embeddable":true,"href":"http:\/\/www.korhanyilmaz.com\/index.php?rest_route=\/wp\/v2\/users\/1"}],"replies":[{"embeddable":true,"href":"http:\/\/www.korhanyilmaz.com\/index.php?rest_route=%2Fwp%2Fv2%2Fcomments&post=8596"}],"version-history":[{"count":0,"href":"http:\/\/www.korhanyilmaz.com\/index.php?rest_route=\/wp\/v2\/posts\/8596\/revisions"}],"wp:attachment":[{"href":"http:\/\/www.korhanyilmaz.com\/index.php?rest_route=%2Fwp%2Fv2%2Fmedia&parent=8596"}],"wp:term":[{"taxonomy":"category","embeddable":true,"href":"http:\/\/www.korhanyilmaz.com\/index.php?rest_route=%2Fwp%2Fv2%2Fcategories&post=8596"},{"taxonomy":"post_tag","embeddable":true,"href":"http:\/\/www.korhanyilmaz.com\/index.php?rest_route=%2Fwp%2Fv2%2Ftags&post=8596"}],"curies":[{"name":"wp","href":"https:\/\/api.w.org\/{rel}","templated":true}]}}