{"id":8592,"date":"2009-04-25T15:02:05","date_gmt":"2009-04-25T12:02:05","guid":{"rendered":"http:\/\/www.korhanyilmaz.com\/?p=8592"},"modified":"2009-04-25T15:02:05","modified_gmt":"2009-04-25T12:02:05","slug":"gardastan-misilleme","status":"publish","type":"post","link":"http:\/\/www.korhanyilmaz.com\/?p=8592","title":{"rendered":"Garda\u015ftan misilleme!"},"content":{"rendered":"<p style=\"text-align: center;\"><img loading=\"lazy\" decoding=\"async\" class=\"aligncenter size-full wp-image-8593\" title=\"Garda\u015ftan misilleme! \" src=\"http:\/\/www.korhanyilmaz.com\/wp-content\/uploads\/2009\/04\/260420090411580895544.jpg\" alt=\"Garda\u015ftan misilleme! \" width=\"329\" height=\"210\" \/><\/p>\n<p style=\"text-align: justify;\"><strong>Azerbaycan, T\u00fcrkiye&#8217;ye satt\u0131\u011f\u0131 do\u011falgaz\u0131n fiyat\u0131n\u0131 art\u0131r\u0131yor. Hen\u00fcz tespit edilmeyen yeni fiyat, hesaplara 15 Nisan ba\u015flang\u0131\u015f kabul edilerek yans\u0131t\u0131lacak<\/strong><\/p>\n<p style=\"text-align: justify;\">Azerbaycan&#8217;da T\u00fcrkiye&#8217;nin a\u00e7t\u0131\u011f\u0131 Bak\u00fc \u015eehitler Camii&#8217;ne d\u00fcn cemaatin da\u011f\u0131lmas\u0131ndan sonra polisler geldi; &#8220;Tadilat nedeniyle birka\u00e7 g\u00fcn kapat\u0131lm\u0131\u015ft\u0131r&#8221; yaz\u0131l\u0131 bir tebligat b\u0131rakt\u0131&#8230;<\/p>\n<p style=\"text-align: justify;\">Bir de &#8216;do\u011falgaz faturas\u0131&#8217; kesildi. Azerbaycan Petrol \u015eirketi Ba\u015fkan\u0131, &#8220;Zamm\u0131 15 Nisan&#8217;da ba\u015flataca\u011f\u0131z, fiyat d\u00fc\u015f\u00fck kald\u0131&#8221; dedi. Erdo\u011fan bu karar\u0131, &#8216;D\u00fc\u015f\u00fcnd\u00fcr\u00fcc\u00fcd\u00fcr&#8217; diye yorumlad\u0131&#8230;<!--more--><\/p>\n<p style=\"text-align: justify;\">T\u00fcrkiye ile Ermenistan&#8217;\u0131n mutabakat\u0131 ard\u0131ndan, Azerbaycan&#8217;dan T\u00fcrkiye&#8217;ye kar\u015f\u0131 atak geldi. Azeriler, T\u00fcrkiye-Ermenistan ili\u015fkilerini normalle\u015ftirecek &#8220;yol haritas\u0131n\u0131n&#8221; a\u00e7\u0131klanmas\u0131 \u00fczerine T\u00fcrkiye&#8217;ye &#8220;do\u011falgaz faturas\u0131&#8221; kesti. Ayr\u0131ca T\u00fcrkiye&#8217;nin a\u00e7t\u0131\u011f\u0131 Bak\u00fc \u015eehitler Camii de d\u00fcn ani bir kararla polisler taraf\u0131ndan kap\u0131s\u0131na kilit vurularak ibadete kapat\u0131ld\u0131.<\/p>\n<p style=\"text-align: justify;\">Azerbaycan&#8217;\u0131n ba\u015fkenti Bak\u00fc&#8217;de, T\u00fcrk ve Azeri \u015fehitli\u011finin yan\u0131nda bulunan Bak\u00fc \u015eehitler Camii&#8217;ne d\u00fcn \u00f6\u011fle namaz\u0131 k\u0131l\u0131n\u0131p, cemaatin da\u011f\u0131lmas\u0131ndan sonra polisler geldi. T\u00fcrkiye Diyanet \u0130\u015fleri Ba\u015fkanl\u0131\u011f\u0131 taraf\u0131ndan yapt\u0131r\u0131lan ve din g\u00f6revlileri de T\u00fcrkiye&#8217;den g\u00f6nderilen \u015eehitler Camii&#8217;nin kap\u0131s\u0131na kilit vuran polisler, &#8220;Tadilat nedeniyle birka\u00e7 g\u00fcn kapat\u0131lm\u0131\u015ft\u0131r&#8221; yaz\u0131l\u0131 bir tebligat b\u0131rakt\u0131lar. Konuyla ilgili daha geni\u015f bilgi alabilmek i\u00e7in arad\u0131\u011f\u0131m\u0131z Yeni Musavat Gazetesi Yay\u0131n M\u00fcd\u00fcr Yard\u0131mc\u0131s\u0131 Azer Ayhan \u015fu bilgileri verdi. &#8220;Bize de sabah saatlerinde b\u00f6yle bir duyum geldi. Bunun \u00fczerine muhabirimizi oraya g\u00f6nderdik. \u015eehitler camiinin \u00f6\u011fle namaz\u0131ndan sonra gelen polisler taraf\u0131ndan kapat\u0131ld\u0131\u011f\u0131n\u0131 s\u00f6yledi. Camideki din g\u00f6revlisine de neden kapat\u0131ld\u0131\u011f\u0131na ili\u015fkin bir a\u00e7\u0131klama yap\u0131lmam\u0131\u015f ama polisler, tadilat-tamirat nedeniyle birka\u00e7 g\u00fcnl\u00fc\u011f\u00fcne kapat\u0131lm\u0131\u015ft\u0131r, yaz\u0131l\u0131 bir tebligat b\u0131rakm\u0131\u015flar. T\u00fcrkiye-Ermenistan s\u0131n\u0131r kap\u0131s\u0131n\u0131n a\u00e7\u0131lmas\u0131yla ilgili bir tepki olarak kapat\u0131ld\u0131\u011f\u0131 anla\u015f\u0131l\u0131yor ama resmi bir a\u00e7\u0131klama yap\u0131lmad\u0131.&#8221;<\/p>\n<p style=\"text-align: justify;\"><strong>14 y\u0131ll\u0131k cami<\/strong><\/p>\n<p style=\"text-align: justify;\">Bak\u00fc \u015eehitler Camii 28 Haziran 1995&#8217;te hizmete a\u00e7\u0131ld\u0131. 1918&#8217;de Azerbaycan&#8217;\u0131 i\u015fgal eden Ermeni ve K\u0131z\u0131lordu Muhaf\u0131zlar\u0131na kar\u015f\u0131 Azerilere yard\u0131ma giden Nuri Pa\u015fa komutas\u0131ndaki &#8220;Kafkas \u0130slam Ordusu&#8221;nda yer alan ve \u015fehit olan 1130 T\u00fcrk askerinin an\u0131s\u0131na Bak\u00fc&#8217;de yapt\u0131r\u0131lan &#8220;T\u00fcrk \u015eehitli\u011fi&#8221;nin yan\u0131ndaki camiyi T\u00fcrkiye Diyanet Vakf\u0131 yapt\u0131rd\u0131. 2001&#8217;de de T\u00fcrkiye-Azerbaycan ili\u015fkilerinde gerginlik ya\u015fanmas\u0131 \u00fczerine Azeriler bu caminin i\u00e7indeki \u00e7e\u015fmeyi y\u0131km\u0131\u015flard\u0131. T\u00fcrkiye&#8217;nin nota vermesi \u00fczerine, Azeriler yapt\u0131klar\u0131 resmi a\u00e7\u0131klamada, &#8220;\u015eehitler \u00c7e\u015fmesi&#8217;nin su bask\u0131n\u0131n\u0131 \u00f6nlemek i\u00e7in y\u0131k\u0131ld\u0131\u011f\u0131n\u0131&#8221; a\u00e7\u0131klad\u0131lar. Ayr\u0131ca Azeri yetkililerin m\u00fcdahalesiyle ezan sesinin d\u0131\u015far\u0131ya verilmesi de engellendi.<\/p>\n<p style=\"text-align: justify;\"><strong>Do\u011falgaza zam<\/strong><\/p>\n<p style=\"text-align: justify;\">Azerbaycan, T\u00fcrkiye&#8217;ye satt\u0131\u011f\u0131 do\u011falgaz\u0131n fiyat\u0131n\u0131 art\u0131raca\u011f\u0131n\u0131 a\u00e7\u0131klad\u0131. Hen\u00fcz tespit edilmeyen yeni fiyat, hesaplara 15 Nisan ba\u015flang\u0131\u00e7 kabul edilerek yans\u0131t\u0131lacak. Azerbaycan Devlet Petrol \u015eirketi&#8217;nin (SOCAR) Ba\u015fkan\u0131 R\u00f6vneg Abdullayev, bu konuda T\u00fcrkiye ile g\u00f6r\u00fc\u015fmelerin devam etti\u011fini s\u00f6yledi. T\u00fcrkmenistan&#8217;\u0131n ba\u015fkenti A\u015fkabat&#8217;ta yap\u0131lan konferans \u00e7er\u00e7evesinde T\u00fcrkiye&#8217;nin Enerji Bakanl\u0131\u011f\u0131 ve Bota\u015f \u015eirketi ile m\u00fczakereler yap\u0131ld\u0131\u011f\u0131n\u0131 belirten Abdullayev, bug\u00fcne kadar T\u00fcrkiye&#8217;ye metrek\u00fcp\u00fc 120 dolardan sat\u0131lan do\u011falgaz\u0131n zaml\u0131 yeni fiyat\u0131n\u0131n 15 Nisan ba\u015flang\u0131\u00e7 kabul edilerek hesaplara yans\u0131t\u0131laca\u011f\u0131n\u0131 bildirdi. SOCAR Ba\u015fkan\u0131, &#8220;Biliyorsunuz 2001 y\u0131l\u0131nda \u015eahdeniz Anla\u015fmas\u0131 \u00e7ok geni\u015f kat\u0131l\u0131ml\u0131 imzalanm\u0131\u015ft\u0131. O zaman biz Rusya&#8217;dan 30 dolara gaz ald\u0131\u011f\u0131m\u0131zda, T\u00fcrkiye ile de 120 dolardan do\u011falgaz satmak i\u00e7in anla\u015fma yapm\u0131\u015ft\u0131k. \u015eimdi bu mukavele eskidi. Fiyatlar \u00e7ok y\u00fckseldi&#8221; dedi.<\/p>\n<p style=\"text-align: justify;\"><span style=\"color: #888888;\">Kaynak : Vatan<\/span><\/p>\n","protected":false},"excerpt":{"rendered":"<p style=\"text-align: center;\">\n<p style=\"text-align: justify;\">Azerbaycan, T\u00fcrkiye&#8217;ye satt\u0131\u011f\u0131 do\u011falgaz\u0131n fiyat\u0131n\u0131 art\u0131r\u0131yor. Hen\u00fcz tespit edilmeyen yeni fiyat, hesaplara 15 Nisan ba\u015flang\u0131\u015f kabul edilerek yans\u0131t\u0131lacak<\/p>\n<p style=\"text-align: justify;\">Azerbaycan&#8217;da T\u00fcrkiye&#8217;nin a\u00e7t\u0131\u011f\u0131 Bak\u00fc \u015eehitler Camii&#8217;ne d\u00fcn cemaatin da\u011f\u0131lmas\u0131ndan sonra polisler geldi; &#8220;Tadilat nedeniyle birka\u00e7 g\u00fcn kapat\u0131lm\u0131\u015ft\u0131r&#8221; yaz\u0131l\u0131 bir tebligat b\u0131rakt\u0131&#8230;<\/p>\n<p style=\"text-align: justify;\">Bir de &#8216;do\u011falgaz faturas\u0131&#8217; kesildi. Azerbaycan Petrol <\/p>\n","protected":false},"author":1,"featured_media":0,"comment_status":"open","ping_status":"closed","sticky":false,"template":"","format":"standard","meta":{"footnotes":""},"categories":[7],"tags":[],"class_list":["post-8592","post","type-post","status-publish","format-standard","hentry","category-ekonomi","odd"],"_links":{"self":[{"href":"http:\/\/www.korhanyilmaz.com\/index.php?rest_route=\/wp\/v2\/posts\/8592","targetHints":{"allow":["GET"]}}],"collection":[{"href":"http:\/\/www.korhanyilmaz.com\/index.php?rest_route=\/wp\/v2\/posts"}],"about":[{"href":"http:\/\/www.korhanyilmaz.com\/index.php?rest_route=\/wp\/v2\/types\/post"}],"author":[{"embeddable":true,"href":"http:\/\/www.korhanyilmaz.com\/index.php?rest_route=\/wp\/v2\/users\/1"}],"replies":[{"embeddable":true,"href":"http:\/\/www.korhanyilmaz.com\/index.php?rest_route=%2Fwp%2Fv2%2Fcomments&post=8592"}],"version-history":[{"count":0,"href":"http:\/\/www.korhanyilmaz.com\/index.php?rest_route=\/wp\/v2\/posts\/8592\/revisions"}],"wp:attachment":[{"href":"http:\/\/www.korhanyilmaz.com\/index.php?rest_route=%2Fwp%2Fv2%2Fmedia&parent=8592"}],"wp:term":[{"taxonomy":"category","embeddable":true,"href":"http:\/\/www.korhanyilmaz.com\/index.php?rest_route=%2Fwp%2Fv2%2Fcategories&post=8592"},{"taxonomy":"post_tag","embeddable":true,"href":"http:\/\/www.korhanyilmaz.com\/index.php?rest_route=%2Fwp%2Fv2%2Ftags&post=8592"}],"curies":[{"name":"wp","href":"https:\/\/api.w.org\/{rel}","templated":true}]}}