{"id":8583,"date":"2009-04-24T18:08:25","date_gmt":"2009-04-24T15:08:25","guid":{"rendered":"http:\/\/www.korhanyilmaz.com\/?p=8583"},"modified":"2009-04-24T18:08:25","modified_gmt":"2009-04-24T15:08:25","slug":"sinir-birkac-hafta-icinde-acilabilir","status":"publish","type":"post","link":"http:\/\/www.korhanyilmaz.com\/?p=8583","title":{"rendered":"S\u0131n\u0131r birka\u00e7 hafta i\u00e7inde a\u00e7\u0131labilir!"},"content":{"rendered":"<p style=\"text-align: center;\"><a href=\"http:\/\/www.korhanyilmaz.com\/wp-content\/uploads\/2009\/04\/88371.jpg\"  class=\"lightview\"><img loading=\"lazy\" decoding=\"async\" class=\"aligncenter size-full wp-image-8584\" title=\"S\u0131n\u0131r birka\u00e7 hafta i\u00e7inde a\u00e7\u0131labilir! \" src=\"http:\/\/www.korhanyilmaz.com\/wp-content\/uploads\/2009\/04\/88371.jpg\" alt=\"S\u0131n\u0131r birka\u00e7 hafta i\u00e7inde a\u00e7\u0131labilir! \" width=\"230\" height=\"175\" \/><\/a><\/p>\n<p style=\"text-align: justify;\"><strong>G\u00f6r\u00fc\u015fmeleri izleyen Bat\u0131l\u0131 bir diplomat Reuters&#8217;a konu\u015ftu:<\/strong><\/p>\n<p style=\"text-align: justify;\">&#8220;Diplomatik ili\u015fkiler kurulmas\u0131, s\u0131n\u0131r\u0131 a\u00e7\u0131lmas\u0131 ve ortak komisyon kurulmas\u0131 gibi ad\u0131mlar at\u0131lacak. Bunun i\u00e7in haftalardan bahsediyoruz&#8221;<\/p>\n<p style=\"text-align: justify;\">T\u00fcrkiye ile Ermenistan&#8217;\u0131n yapt\u0131\u011f\u0131 ortak a\u00e7\u0131klama ABD ve AB i\u00e7inde memnuniyetle kar\u015f\u0131lan\u0131rken, Bat\u0131l\u0131 diplomatlar iki \u00fclke s\u0131n\u0131r\u0131n\u0131n bir an \u00f6nce a\u00e7\u0131lmas\u0131n\u0131 bekliyor. D\u00fcn Reuters&#8217;a konu\u015fan T\u00fcrk ve Ermeni diplomatlar, prensipte bir uzla\u015fmaya var\u0131ld\u0131\u011f\u0131na ancak herhangi bir belge imzalanmad\u0131\u011f\u0131na vurgu yapt\u0131. Ancak \u0130svi\u00e7re&#8217;nin arabulucu oldu\u011fu g\u00f6r\u00fc\u015fmeler konusunda bilgi sahibi olan Bat\u0131l\u0131 bir diplomat, yak\u0131n zamanda h\u0131zl\u0131 \u015fekilde ad\u0131m at\u0131lmas\u0131n\u0131 beklediklerini s\u00f6yledi: &#8220;Yol haritas\u0131 kom\u015fular\u0131n kademe kademe diplomatik ili\u015fkiler kurmas\u0131, s\u0131n\u0131r\u0131n a\u00e7\u0131lmas\u0131 ve tarihsel anla\u015fmazl\u0131klar\u0131n \u00e7\u00f6z\u00fcm\u00fc i\u00e7in komisyonlar kurulmas\u0131n\u0131 \u00f6ng\u00f6r\u00fcyor. T\u00fcm bu belgeler prensipte kabul edilmi\u015ftir. Ancak imzalanan \u015fey saatin \u00e7al\u0131\u015fmaya ba\u015flamas\u0131d\u0131r. Bu \u00e7ok uzun olmayan s\u0131n\u0131rl\u0131 bir s\u00fcre\u00e7. Bunun i\u00e7in haftalardan bahsediyoruz.&#8221; <!--more--><\/p>\n<p style=\"text-align: justify;\"><strong>S\u0131n\u0131r a\u00e7\u0131lmazsa ma\u00e7a gitmem<\/strong><\/p>\n<p style=\"text-align: justify;\">\u00d6nceki ak\u015fam ABD Ba\u015fkan Yard\u0131mc\u0131s\u0131 Joe Biden&#8217;la telefonda g\u00f6r\u00fc\u015fen Ermenistan Cumhurba\u015fkan\u0131 Sarkisyan da Wall Street Journal gazetesinde yay\u0131nlanan r\u00f6portaj\u0131nda &#8220;Soyk\u0131r\u0131m konusunun T\u00fcrkiye ile ili\u015fkimize engel olmas\u0131n\u0131 istemiyoruz&#8221; dedi. \u0130ki \u00fclkenin ortak a\u00e7\u0131klamas\u0131 \u00f6ncesinde yap\u0131lan r\u00f6portajda Sarkisyan, 14 Ekim&#8217;de yap\u0131lacak T\u00fcrkiye ile Ermenistan milli tak\u0131mlar\u0131 aras\u0131nda yap\u0131lacak futbol ma\u00e7\u0131n\u0131 izlemesinin de s\u0131n\u0131r\u0131n a\u00e7\u0131lmas\u0131na ba\u011fl\u0131 oldu\u011funu s\u00f6yledi. Sarkisyan &#8220;Elbette ki e\u011fer s\u0131n\u0131r a\u00e7\u0131k ise veya a\u00e7\u0131lmak \u00fczere ise, r\u00f6van\u015f ma\u00e7\u0131 i\u00e7in T\u00fcrkiye&#8217;yi ziyaret edece\u011fim. Ancak T\u00fcrkiye&#8217;ye sade bir turist veya bir futbol taraftar\u0131 olarak seyahat etmem s\u00f6z konusu de\u011fil. \u015eimdi topun T\u00fcrk taraf\u0131nda oldu\u011funu vurgulamak istiyorum ve medya bu geli\u015fmeyi futbol diplomasisi olarak niteledi\u011fine g\u00f6re, herhangi bir futbol ma\u00e7\u0131nda gibi bu diplomasisine ba\u011fl\u0131 bir zaman \u00e7er\u00e7evesi var. Bu demek ki top her zaman T\u00fcrk taraf\u0131nda olamaz&#8221; ifadelerini kulland\u0131. Ermeni lider, ABD&#8217;nin duru\u015fuyla ilgili olarak da &#8220;ABD, soyk\u0131r\u0131m\u0131 tan\u0131ma gere\u011fini hissetti\u011fi an bunu yapacak. \u0130nsanlar\u0131 ulusal \u00e7\u0131karlar\u0131 ile ahlaki bir tutum aras\u0131nda bir ikileme itti\u011fimize inanm\u0131yorum&#8221; dedi.<\/p>\n<p style=\"text-align: justify;\"><strong>H\u00fck\u00fcmet uyard\u0131 ama yine bayrak yakt\u0131lar<\/strong><\/p>\n<p style=\"text-align: justify;\">ERMEN\u0130STAN&#8217;DA &#8216;s\u00f6zde soyk\u0131r\u0131m&#8217;\u0131n y\u0131ld\u00f6n\u00fcm\u00fc olarak kabul edilen 24 Nisan nedeniyle d\u00fcn t\u00f6renler d\u00fczenlendi. Ba\u015fkent Erivan&#8217;daki &#8216;soyk\u0131r\u0131m an\u0131t\u0131&#8217;nda yap\u0131lan t\u00f6rene Ermenistan Cumhurba\u015fkan\u0131 Serj Sarkisyan da kat\u0131ld\u0131. T\u00f6rene kat\u0131lan binlerce ki\u015fi an\u0131ta \u00e7i\u00e7ek b\u0131rak\u0131rken, iki y\u0131l \u00f6nce \u00f6ld\u00fcr\u00fclen gazeteci Hrant Dink&#8217;in foto\u011fraflar\u0131n\u0131n yer ald\u0131\u011f\u0131 &#8216;1.500.000+1&#8217; yaz\u0131l\u0131 pankartlar dikkat \u00e7ekti. \u00dclkedeki baz\u0131 g\u00f6sterilerde h\u00fck\u00fcmetin uyar\u0131lar\u0131na ra\u011fmen Ta\u015fnaksutyun Partisi g\u00f6sterilerinde T\u00fcrk bayraklar\u0131 yak\u0131ld\u0131.<\/p>\n<p style=\"text-align: justify;\"><strong>&#8216;Hedef T\u00fcrk halk\u0131 de\u011fil&#8217;<\/strong><\/p>\n<p style=\"text-align: justify;\">Cumhurba\u015fkan\u0131 Sarkisyan, &#8217;24 Nisan Ermeni soyk\u0131r\u0131m\u0131n\u0131 anma g\u00fcn\u00fc&#8217; dolay\u0131s\u0131yla yay\u0131nlad\u0131\u011f\u0131 mesajda &#8220;Tarihi adalet i\u00e7in m\u00fccadele veren, ac\u0131lar\u0131m\u0131z\u0131 payla\u015fan T\u00fcrk ayd\u0131nlar\u0131n\u0131 destekliyoruz. 94 y\u0131l \u00f6nce Osmanl\u0131 \u0130mparatorlu\u011fu, devlet seviyesinde Ermeni soyk\u0131r\u0131m\u0131n\u0131 yapt\u0131. Ermeni soyk\u0131r\u0131m\u0131n\u0131n tan\u0131nmas\u0131 s\u00fcrecinin T\u00fcrk halk\u0131n\u0131 hedef almad\u0131\u011f\u0131n\u0131, soyk\u0131r\u0131m\u0131n T\u00fcrkiye taraf\u0131ndan tan\u0131nmas\u0131n\u0131n ikili ili\u015fkilerin kurulmas\u0131 i\u00e7in \u00f6n ko\u015ful olmad\u0131\u011f\u0131n\u0131 defalarca s\u00f6yledik&#8221; dedi.<\/p>\n<p style=\"text-align: justify;\"><strong>DI\u015e\u0130\u015eLER\u0130 BAKANI BABACAN: Satran\u00e7 gibi ad\u0131m ad\u0131m ilerliyoruz<\/strong><\/p>\n<p style=\"text-align: justify;\">D\u0131\u015fi\u015fleri Bakan\u0131 Ali Babacan, Azerbaycan-Ermenistan ve T\u00fcrkiye-Ermenistan aras\u0131ndaki geli\u015fmeleri de\u011ferlendirirken, satran\u00e7 benzetmesi yapt\u0131: &#8220;G\u00fcney Kafkasya konusundaki vizyonumuz, T\u00fcrkiye ile Ermenistan ve Azerbaycan ile Ermenistan aras\u0131ndaki ili\u015fkilerin tamamen normalle\u015fmesi. Bir hedefimiz var ve bunun olabilece\u011fine inan\u0131yoruz. Bunun bir r\u00fcya olmad\u0131\u011f\u0131na inan\u0131yoruz ve bunun i\u00e7in \u00e7al\u0131\u015f\u0131yoruz. Kolay de\u011fil, olduk\u00e7a kar\u0131\u015f\u0131k, ama ad\u0131m ad\u0131m satran\u00e7 oyunu gibi ileriye do\u011fru hareket ediyoruz.&#8221;<\/p>\n<p style=\"text-align: justify;\"><strong>CUMHURBA\u015eKANI G\u00dcL: \u00c7al\u0131\u015fmalar her iki \u00fclkenin de \u00e7\u0131kar\u0131na oluyor<\/strong><\/p>\n<p style=\"text-align: justify;\">Cumhurba\u015fkan\u0131 G\u00fcl, T\u00fcrkiye-Ermenistan aras\u0131ndaki g\u00f6r\u00fc\u015fmeler konusunda Azerbaycan Cumhurba\u015fkan\u0131 \u0130lham Aliyev ile bir\u00e7ok kez konu\u015ftu\u011funu belirterek, &#8220;\u0130kimizin de anlay\u0131\u015f\u0131 \u015fu; &#8216;Yap\u0131lan \u00e7al\u0131\u015fmalar, her iki \u00fclkenin \u00e7\u0131kar\u0131na yap\u0131lan \u00e7al\u0131\u015fmalard\u0131r.&#8217; O a\u00e7\u0131dan herhangi bir sorun yok&#8221; dedi. Obama&#8217;n\u0131n yapaca\u011f\u0131 konu\u015fman\u0131n, T\u00fcrkiye-Ermenistan aras\u0131ndaki \u00e7al\u0131\u015fmalar\u0131 destekleyici istikamette olmas\u0131 gerekti\u011fini s\u00f6yleyen G\u00fcl, &#8220;Onlar da yap\u0131c\u0131 katk\u0131 veriyorlar sorunlar\u0131n \u00e7\u00f6z\u00fcm\u00fcne&#8221; diye konu\u015ftu.<\/p>\n<p style=\"text-align: justify;\"><strong>RUS KOMMERSANT GAZETES\u0130: Medvedev Erdo\u011fan&#8217;la g\u00f6r\u00fc\u015fecek<\/strong><\/p>\n<p style=\"text-align: justify;\">Rus Kommersant gazetesi, Rusya Devlet Ba\u015fkan\u0131 Dimitriy Medvedev&#8217;in May\u0131s ay\u0131nda Moskova&#8217;ya gelmesi beklenen Ba\u015fbakan Recep Tayyip Erdo\u011fan ile Yukar\u0131 Karaba\u011f konusunu da g\u00f6r\u00fc\u015fece\u011fini ileri s\u00fcrd\u00fc. D\u00fcn yay\u0131mlanan haberde gazete, Rusya D\u0131\u015fi\u015fleri Bakanl\u0131\u011f\u0131&#8217;ndan ad\u0131n\u0131 ac\u0131klamayan bir kayna\u011f\u0131n, &#8220;Rusya y\u00f6netimi, T\u00fcrkiye&#8217;nin Ermenistan ile dostlukta ne kadar ileri gidebilece\u011fini, Erdo\u011fan&#8217;\u0131n May\u0131s ay\u0131nda Moskova&#8217;ya yapaca\u011f\u0131 ziyarette \u00f6\u011frenebilecek&#8221; dedi\u011fini yazd\u0131.<\/p>\n<p style=\"text-align: justify;\"><span style=\"color: #888888;\">Kaynak : Vatan<\/span><\/p>\n<p style=\"text-align: justify;\">\n","protected":false},"excerpt":{"rendered":"<p style=\"text-align: center;\">\n<p style=\"text-align: justify;\">G\u00f6r\u00fc\u015fmeleri izleyen Bat\u0131l\u0131 bir diplomat Reuters&#8217;a konu\u015ftu:<\/p>\n<p style=\"text-align: justify;\">&#8220;Diplomatik ili\u015fkiler kurulmas\u0131, s\u0131n\u0131r\u0131 a\u00e7\u0131lmas\u0131 ve ortak komisyon kurulmas\u0131 gibi ad\u0131mlar at\u0131lacak. Bunun i\u00e7in haftalardan bahsediyoruz&#8221;<\/p>\n<p style=\"text-align: justify;\">T\u00fcrkiye ile Ermenistan&#8217;\u0131n yapt\u0131\u011f\u0131 ortak a\u00e7\u0131klama ABD ve AB i\u00e7inde memnuniyetle kar\u015f\u0131lan\u0131rken, Bat\u0131l\u0131 diplomatlar iki \u00fclke s\u0131n\u0131r\u0131n\u0131n bir an \u00f6nce a\u00e7\u0131lmas\u0131n\u0131 bekliyor. D\u00fcn <\/p>\n","protected":false},"author":1,"featured_media":0,"comment_status":"open","ping_status":"closed","sticky":false,"template":"","format":"standard","meta":{"footnotes":""},"categories":[105],"tags":[],"class_list":["post-8583","post","type-post","status-publish","format-standard","hentry","category-gundem","odd"],"_links":{"self":[{"href":"http:\/\/www.korhanyilmaz.com\/index.php?rest_route=\/wp\/v2\/posts\/8583","targetHints":{"allow":["GET"]}}],"collection":[{"href":"http:\/\/www.korhanyilmaz.com\/index.php?rest_route=\/wp\/v2\/posts"}],"about":[{"href":"http:\/\/www.korhanyilmaz.com\/index.php?rest_route=\/wp\/v2\/types\/post"}],"author":[{"embeddable":true,"href":"http:\/\/www.korhanyilmaz.com\/index.php?rest_route=\/wp\/v2\/users\/1"}],"replies":[{"embeddable":true,"href":"http:\/\/www.korhanyilmaz.com\/index.php?rest_route=%2Fwp%2Fv2%2Fcomments&post=8583"}],"version-history":[{"count":0,"href":"http:\/\/www.korhanyilmaz.com\/index.php?rest_route=\/wp\/v2\/posts\/8583\/revisions"}],"wp:attachment":[{"href":"http:\/\/www.korhanyilmaz.com\/index.php?rest_route=%2Fwp%2Fv2%2Fmedia&parent=8583"}],"wp:term":[{"taxonomy":"category","embeddable":true,"href":"http:\/\/www.korhanyilmaz.com\/index.php?rest_route=%2Fwp%2Fv2%2Fcategories&post=8583"},{"taxonomy":"post_tag","embeddable":true,"href":"http:\/\/www.korhanyilmaz.com\/index.php?rest_route=%2Fwp%2Fv2%2Ftags&post=8583"}],"curies":[{"name":"wp","href":"https:\/\/api.w.org\/{rel}","templated":true}]}}