{"id":8578,"date":"2009-04-24T17:02:21","date_gmt":"2009-04-24T14:02:21","guid":{"rendered":"http:\/\/www.korhanyilmaz.com\/?p=8578"},"modified":"2009-04-24T17:02:21","modified_gmt":"2009-04-24T14:02:21","slug":"soykirim-kadar-agir-sozler","status":"publish","type":"post","link":"http:\/\/www.korhanyilmaz.com\/?p=8578","title":{"rendered":"&#039;Soyk\u0131r\u0131m&#039; kadar a\u011f\u0131r s\u00f6zler"},"content":{"rendered":"<p style=\"text-align: center;\"><img loading=\"lazy\" decoding=\"async\" class=\"aligncenter size-full wp-image-8579\" title=\"'Soyk\u0131r\u0131m' kadar a\u011f\u0131r s\u00f6zler \" src=\"http:\/\/www.korhanyilmaz.com\/wp-content\/uploads\/2009\/04\/250420090331100394175.jpg\" alt=\"'Soyk\u0131r\u0131m' kadar a\u011f\u0131r s\u00f6zler \" width=\"329\" height=\"210\" \/><\/p>\n<p style=\"text-align: justify;\"><strong>ABD Ba\u015fkan\u0131 Obama T\u00fcrkiye ve Ermenistan&#8217;da merakla beklenen 24 Nisan a\u00e7\u0131klamas\u0131n\u0131 yapt\u0131<\/strong>.<\/p>\n<p style=\"text-align: justify;\">Obama, 24 Nisan bildirisinde &#8216;soyk\u0131r\u0131m&#8217; demedi ancak ki kez Ermeniler&#8217;in 1915 olaylar\u0131 i\u00e7in kulland\u0131\u011f\u0131 &#8216;Meds Yeghern&#8217; ifadesini kulland\u0131. Eski ba\u015fkan Bush, olaylar i\u00e7in &#8216;trajedi&#8217; diyordu. Obama&#8217;n\u0131n ifadesi \u015fimdiye kadarki en sert a\u00e7\u0131klama oldu&#8230;<\/p>\n<p style=\"text-align: justify;\">Se\u00e7im kampanyas\u0131 boyunca Ermeni olaylar\u0131n\u0131 &#8220;soyk\u0131r\u0131m&#8221; olarak nitelendiren ve bunu kabul etmenin bir tarihi sorumluluk oldu\u011funu belirten ABD Ba\u015fkan\u0131 Barack Obama, d\u00fcn Ermeni iddialar\u0131yla ilgili yay\u0131nlad\u0131\u011f\u0131 a\u00e7\u0131klamada bu kelimeye yer vermedi ancak olaylar\u0131 Ermeniler&#8217;in y\u0131llard\u0131r tan\u0131mlad\u0131\u011f\u0131 gibi &#8220;b\u00fcy\u00fck felaket&#8221; anlam\u0131na gelen &#8220;Meds Yeghern&#8221; ifadesiyle tan\u0131mlad\u0131.<!--more--> Bu ifadeyi konu\u015fmas\u0131nda iki kez ge\u00e7irdi. Obama&#8217;dan \u00f6nceki ba\u015fkan George Bush da olaylarla ilgili yay\u0131nlad\u0131\u011f\u0131 2006 a\u00e7\u0131klamas\u0131nda &#8220;korkun\u00e7 trajedi&#8221;, 2007 a\u00e7\u0131klamas\u0131nda &#8220;20&#8217;inci y\u00fczy\u0131l\u0131n en b\u00fcy\u00fck trajedilerinden biri&#8221;, 2008&#8217;deki a\u00e7\u0131klamas\u0131nda ise yine bir \u00f6nceki y\u0131lda oldu\u011fu gibi &#8220;20&#8217;nci y\u00fczy\u0131l\u0131n en b\u00fcy\u00fck trajedilerinden biri ve tarihi-insani trajedi&#8221; ifadelerine yer vermi\u015fti. Bill Clinton da ayn\u0131 Bush gibi 24 Nisan mesajlar\u0131nda &#8220;20&#8217;nci y\u00fczy\u0131l\u0131n en b\u00fcy\u00fck trajedisi&#8221; ifadesini kullan\u0131yordu. Obama, a\u00e7\u0131klamas\u0131nda &#8220;soyk\u0131r\u0131m&#8221; ifadesine yer vermemesine ra\u011fmen bu kelimeyi se\u00e7im kampanyas\u0131 s\u0131ras\u0131nda kulland\u0131\u011f\u0131 i\u00e7in \u00fczg\u00fcn olmad\u0131\u011f\u0131n\u0131 kaydetti. &#8220;Benim 1915 olaylar\u0131 ile ilgili olarak g\u00f6r\u00fc\u015flerim belli ve bu g\u00f6r\u00fc\u015flerim de\u011fi\u015fmedi&#8221; dedi. Amerikan AP ajans\u0131, Obama&#8217;n\u0131n kelimelerini dikkatle se\u00e7ti\u011fini, Ermenistan ile T\u00fcrkiye aras\u0131nda son g\u00fcnlerde var\u0131lan uzla\u015fmaya zarar vermek istemedi\u011fini belirtti. Ermeni dernekleri &#8220;genocide&#8221; (soyk\u0131r\u0131m) s\u00f6z\u00fcn\u00fcn a\u00e7\u0131klamada ge\u00e7memesi nedeniyle tepki g\u00f6sterdi. Ermeni sitelerindeki ilk yorumlarda bunun &#8220;soyk\u0131r\u0131m&#8221; demekten bile daha g\u00fc\u00e7l\u00fc bir ifade oldu\u011fu yorumu yer ald\u0131.<\/p>\n<p style=\"text-align: justify;\"><strong>Ermeni dernekleri tatmin olmad\u0131<\/strong><br \/>\nABD&#8217;deki en b\u00fcy\u00fck Ermeni derne\u011fi ANCA (Armenian National Committee of America), Obama&#8217;-n\u0131n &#8220;soyk\u0131r\u0131m&#8221; ifadesini kullanmamas\u0131ndan dolay\u0131 \u00e7ok keskin bir hayal k\u0131r\u0131kl\u0131\u011f\u0131 ya\u015fad\u0131klar\u0131n\u0131 duyurdu. ANCA Ba\u015fkan\u0131 Ken Hachikian \u015f\u00f6yle dedi: &#8220;Amerika&#8217;da ya\u015fayan t\u00fcm Ermeniler Ba\u015fkan Obama&#8217;n\u0131n Ermeni soyk\u0131r\u0131m\u0131n\u0131 tan\u0131ma s\u00f6z\u00fcn\u00fc tutmamas\u0131ndan dolay\u0131 b\u00fcy\u00fck ve keskin bir hayal k\u0131r\u0131kl\u0131\u011f\u0131 i\u00e7indedir.&#8221;\n<\/p>\n<p style=\"text-align: justify;\">Amerikan Ermeni Asamblesi ba\u015fkan\u0131 Bryan Ardouny de yay\u0131nlad\u0131\u011f\u0131 bildiride, &#8220;Bug\u00fcn yap\u0131lan a\u00e7\u0131klama Ba\u015fkan&#8217;\u0131n bize vaad etti\u011fi de\u011fi\u015fimi yans\u0131tm\u0131yor&#8221; dedi.<\/p>\n<p style=\"text-align: justify;\"><strong>\u0130\u015eTE O A\u00c7IKLAMA<\/strong><\/p>\n<p style=\"text-align: justify;\">&#8220;94 y\u0131l \u00f6nce, 20. y\u00fczy\u0131l\u0131n en b\u00fcy\u00fck katliamlar\u0131ndan biri ba\u015flad\u0131. Her y\u0131l, Osmanl\u0131 \u0130mparatorlu\u011fu&#8217;nun son g\u00fcnlerinde 1.5 milyon Ermeni&#8217;nin katledilmesi veya \u00f6l\u00fcme y\u00fcr\u00fcmesini an\u0131yoruz. Ermeni halk\u0131 bizim kalplerimizde ya\u015fad\u0131\u011f\u0131 gibi, &#8220;Meds Yeghern&#8221; de, bizim an\u0131lar\u0131m\u0131zda ya\u015famal\u0131. Tarih, \u00e7\u00f6z\u00fclmedik\u00e7e a\u011f\u0131r bir y\u00fck olabilir. 1915&#8217;in korkun\u00e7 olaylar\u0131 insano\u011flunun kendi t\u00fcr\u00fcne insani olmayan tutumunun karanl\u0131k olas\u0131l\u0131\u011f\u0131n\u0131 hat\u0131rlat\u0131yor. Ge\u00e7mi\u015fi g\u00f6zden ge\u00e7irmenin uzla\u015fma y\u00f6n\u00fcnde kuvvetli bir vaadini de i\u00e7inde bar\u0131nd\u0131r\u0131yor.<\/p>\n<p style=\"text-align: justify;\">Benim 1915 olaylar\u0131 ile ilgili olarak g\u00f6r\u00fc\u015flerim belli, bunlar\u0131 tutarl\u0131 bir \u015fekilde ifade ettim ve bu g\u00f6r\u00fc\u015flerim de\u011fi\u015fmedi. \u015eimdi as\u0131l \u00fczerinde durdu\u011fum ger\u00e7eklerin tam, samimi ve adil olarak ortaya \u00e7\u0131kar\u0131lmas\u0131d\u0131r. Ermeni ve T\u00fcrk halklar\u0131 a\u00e7\u0131s\u0131nda bu y\u00f6nde ilerlemek i\u00e7in en iyi yolun \u015fimdi, ileriye gidebilme \u00e7abalar\u0131n\u0131n bir par\u00e7as\u0131 olarak, ge\u00e7mi\u015fin ger\u00e7eklerine yan\u0131t vermektir. T\u00fcrk ve Ermeni halklar\u0131n\u0131n, bu ac\u0131l\u0131 tarih \u00fczerinde d\u00fcr\u00fcst, a\u00e7\u0131k ve yap\u0131c\u0131 bir bi\u00e7imde \u00e7al\u0131\u015f\u0131lmas\u0131 \u00e7abalar\u0131n\u0131 kuvvetle destekliyorum. Ermeniler ve T\u00fcrkler aras\u0131nda ve T\u00fcrkiye i\u00e7inde cesur ve \u00f6nemli diyaloglar ger\u00e7ekle\u015ftiriliyor. Ayn\u0131 zamanda T\u00fcrkiye ile Ermenistan&#8217;\u0131n ikili ili\u015fkilerini normalle\u015ftirme \u00e7abalar\u0131n\u0131 kuvvetle destekliyorum. \u0130svi\u00e7re&#8217;nin g\u00f6zetimi alt\u0131nda iki h\u00fck\u00fcmet, bir \u00e7er\u00e7eve ve ili\u015fkilerin normalle\u015ftirilmesine y\u00f6nelik yol haritas\u0131nda anla\u015ft\u0131lar. Bu ilerlemeyi takdir ediyorum ve iki h\u00fck\u00fcmete de s\u00f6zlerini yerine getirmeleri \u00e7a\u011fr\u0131s\u0131nda bulunuyorum. Ermenistan ve T\u00fcrkiye birlikte bar\u0131\u015f\u00e7\u0131, \u00fcretken ve refah i\u00e7inde bir ili\u015fki kurabilir. Ve birlikte, Ermeni ve T\u00fcrk halklar\u0131, kendi ortak tarihlerini kabul edip, ortak insanl\u0131klar\u0131n\u0131 kabul ettikleri zaman daha g\u00fc\u00e7l\u00fc olacaklard\u0131r. Hi\u00e7bir \u015fey, &#8220;Meds Yeghern&#8221; ile kaybedilenleri geri getiremez.<\/p>\n<p style=\"text-align: justify;\">Ermeniler son 94 y\u0131lda dinamizm, dayan\u0131kl\u0131l\u0131k ve yetenekleri sayesinde, kendilerini yok etmeye \u00e7al\u0131\u015fanlara kar\u015f\u0131 direndiler. ABD de, 1915&#8217;ten sonra bu \u00fclkeye g\u00f6\u00e7 eden Ermeni as\u0131ll\u0131 Amerikal\u0131lar&#8217;\u0131n topluma yapt\u0131\u011f\u0131 katk\u0131larla zenginle\u015fti. Bug\u00fcn, dostluk, dayan\u0131\u015fma ve derin sayg\u0131 duygular\u0131yla her yerdeki Ermeniler&#8217;in yan\u0131nda duruyorum.&#8221;<\/p>\n<p style=\"text-align: justify;\"><span style=\"color: #888888;\">Kaynak : Vatan<\/span><\/p>\n<p style=\"text-align: justify;\">\n<p style=\"text-align: justify;\">\n","protected":false},"excerpt":{"rendered":"<p style=\"text-align: center;\">\n<p style=\"text-align: justify;\">ABD Ba\u015fkan\u0131 Obama T\u00fcrkiye ve Ermenistan&#8217;da merakla beklenen 24 Nisan a\u00e7\u0131klamas\u0131n\u0131 yapt\u0131.<\/p>\n<p style=\"text-align: justify;\">Obama, 24 Nisan bildirisinde &#8216;soyk\u0131r\u0131m&#8217; demedi ancak ki kez Ermeniler&#8217;in 1915 olaylar\u0131 i\u00e7in kulland\u0131\u011f\u0131 &#8216;Meds Yeghern&#8217; ifadesini kulland\u0131. Eski ba\u015fkan Bush, olaylar i\u00e7in &#8216;trajedi&#8217; diyordu. Obama&#8217;n\u0131n ifadesi \u015fimdiye kadarki en sert a\u00e7\u0131klama oldu&#8230;<\/p>\n<p style=\"text-align: justify;\">Se\u00e7im <\/p>\n","protected":false},"author":1,"featured_media":0,"comment_status":"open","ping_status":"closed","sticky":false,"template":"","format":"standard","meta":{"footnotes":""},"categories":[105],"tags":[],"class_list":["post-8578","post","type-post","status-publish","format-standard","hentry","category-gundem","odd"],"_links":{"self":[{"href":"http:\/\/www.korhanyilmaz.com\/index.php?rest_route=\/wp\/v2\/posts\/8578","targetHints":{"allow":["GET"]}}],"collection":[{"href":"http:\/\/www.korhanyilmaz.com\/index.php?rest_route=\/wp\/v2\/posts"}],"about":[{"href":"http:\/\/www.korhanyilmaz.com\/index.php?rest_route=\/wp\/v2\/types\/post"}],"author":[{"embeddable":true,"href":"http:\/\/www.korhanyilmaz.com\/index.php?rest_route=\/wp\/v2\/users\/1"}],"replies":[{"embeddable":true,"href":"http:\/\/www.korhanyilmaz.com\/index.php?rest_route=%2Fwp%2Fv2%2Fcomments&post=8578"}],"version-history":[{"count":0,"href":"http:\/\/www.korhanyilmaz.com\/index.php?rest_route=\/wp\/v2\/posts\/8578\/revisions"}],"wp:attachment":[{"href":"http:\/\/www.korhanyilmaz.com\/index.php?rest_route=%2Fwp%2Fv2%2Fmedia&parent=8578"}],"wp:term":[{"taxonomy":"category","embeddable":true,"href":"http:\/\/www.korhanyilmaz.com\/index.php?rest_route=%2Fwp%2Fv2%2Fcategories&post=8578"},{"taxonomy":"post_tag","embeddable":true,"href":"http:\/\/www.korhanyilmaz.com\/index.php?rest_route=%2Fwp%2Fv2%2Ftags&post=8578"}],"curies":[{"name":"wp","href":"https:\/\/api.w.org\/{rel}","templated":true}]}}