{"id":8568,"date":"2009-04-24T17:24:59","date_gmt":"2009-04-24T14:24:59","guid":{"rendered":"http:\/\/www.korhanyilmaz.com\/?p=8568"},"modified":"2009-04-24T17:24:59","modified_gmt":"2009-04-24T14:24:59","slug":"sanirim-dinlendim","status":"publish","type":"post","link":"http:\/\/www.korhanyilmaz.com\/?p=8568","title":{"rendered":"&#039;San\u0131r\u0131m dinlendim!&#039;"},"content":{"rendered":"<p style=\"text-align: center;\"><img loading=\"lazy\" decoding=\"async\" class=\"aligncenter size-full wp-image-8569\" title=\"Yarg\u0131tay Onursal Ba\u015fkan\u0131 Sami Sel\u00e7uk\" src=\"http:\/\/www.korhanyilmaz.com\/wp-content\/uploads\/2009\/04\/idedav3mn0u.jpg\" alt=\"Yarg\u0131tay Onursal Ba\u015fkan\u0131 Sami Sel\u00e7uk\" width=\"356\" height=\"202\" \/><\/p>\n<p style=\"text-align: justify;\"><strong>Yarg\u0131tay Onursal Ba\u015fkan\u0131 Sami Sel\u00e7uk da rahats\u0131z!<\/strong><\/p>\n<p style=\"text-align: justify;\">Yarg\u0131tay eski ba\u015fkanlar\u0131ndan Sami Sel\u00e7uk, g\u00f6revdeyken telefonlar\u0131n\u0131n dinlendi\u011fini s\u00f6yledi. Sel\u00e7uk Ergenekon zanl\u0131lar\u0131n\u0131n 4 g\u00fcn g\u00f6zalt\u0131nda tutulmas\u0131n\u0131n da i\u015fkence oldu\u011funu s\u00f6yledi<\/p>\n<p style=\"text-align: justify;\">Onursal Yarg\u0131tay Ba\u015fkan\u0131 Sami Sel\u00e7uk, CNN T\u00fcrk&#8217;te kat\u0131ld\u0131\u011f\u0131 programda Ergenekon soru\u015fturmas\u0131na ili\u015fkin \u00f6nemli a\u00e7\u0131klamalarda bulundu. Sel\u00e7uk, canl\u0131 yay\u0131n\u0131nda sorular\u0131 \u015f\u00f6yle yan\u0131tlad\u0131: <!--more--><\/p>\n<p style=\"text-align: justify;\"><strong>EN SON Y\u00d6NTEM: <\/strong>Hukuk\u00e7u i\u00e7in, savc\u0131 i\u00e7in, ergenekonmu\u015f, zaten bu, Ergenekon ad\u0131yla siyasalla\u015ft\u0131. Bu davan\u0131n ad\u0131n\u0131n ne oldu\u011fu ceza yasas\u0131nda yazar. B\u00f6yle bir davada savc\u0131n\u0131n ne yapaca\u011f\u0131 bellidir. E\u011fer baz\u0131 \u00f6nlemler almak gerekiyorsa, bu tutuklama iste\u011fidir, g\u00f6zalt\u0131na al\u0131nmad\u0131r, efendim aramad\u0131r bak\u0131n arama dendi\u011fi zaman bir konut dokunmazl\u0131\u011f\u0131n\u0131 ihlal etmi\u015f oluyorsunuz, tutuklama dendi\u011fi zaman hareket \u00f6zg\u00fcrl\u00fc\u011f\u00fcn\u00fcz\u00fc ortadan kald\u0131r\u0131yorlar demek ki bu \u00f6nlemler, en son ba\u015fvurulmas\u0131 gereken \u00e7arelerdir.<\/p>\n<p style=\"text-align: justify;\"><strong>ARAMA G\u0130ZL\u0130 OLUR:<\/strong> \u015eimdi bir kere bir arama yap\u0131l\u0131r, arama gizli yap\u0131l\u0131r benim bildi\u011fim nas\u0131l oluyor da benim evim aran\u0131rken benden \u00f6nce benim bilmedi\u011fim anda bir bak\u0131yorum d\u0131\u015far\u0131da bir\u00e7ok tv kameras\u0131 nas\u0131l oluyor bu? Kimsenin haysiyetiyle oynamaya hakk\u0131 yoktur yarg\u0131n\u0131n, yarg\u0131 bunlar\u0131 insana sayg\u0131 \u00e7er\u00e7evesinde yapmak zorundad\u0131r.<\/p>\n<p style=\"text-align: justify;\"><strong>ONURLARIYLA OYNANIYOR:<\/strong> Orada sadece o ya\u015fanm\u0131yorki, gizlilik ihlal ediliyor, insanlar\u0131n onurlar\u0131 ihlal ediliyor. Bir \u00fcniversite profes\u00f6r\u00fcn\u00fc, dekan\u0131n\u0131 g\u00f6t\u00fcr\u00fcyorsunuz, sanki ka\u00e7acakm\u0131\u015f gibi kollar\u0131ndan tutuyorsunuz, adam nereye ka\u00e7acak zaten ya\u015f\u0131 gelmi\u015f 70&#8217;e. Sanki bir su\u00e7\u00fcst\u00fc yapm\u0131\u015fs\u0131n\u0131z, h\u0131rs\u0131zl\u0131k veya ne bileyim sanki uyu\u015fturucu madde ka\u00e7ak\u00e7\u0131s\u0131n\u0131, bunlar son derece yanl\u0131\u015f. Yarg\u0131tay ba\u015fkan\u0131yken san\u0131r\u0131m dinleniyordum \u00e7\u00fcnk\u00fc bir sesler geliyordu. Dinleniyordum o izlenim ben de do\u011fdu ama y\u00fczde y\u00fcz bir \u015fey s\u00f6yleyemem. O ku\u015fku do\u011fuyor hele bu olaylardan sonra, herhalde dinlendim diyorum.<\/p>\n<p style=\"text-align: justify;\"><strong>&#8216;Dava siyasalla\u015ft\u0131&#8217; demi\u015fti<\/strong><\/p>\n<p style=\"text-align: justify;\">YargItay Onursal Ba\u015fkan\u0131 Sami Sel\u00e7uk, daha \u00f6nce de yapt\u0131\u011f\u0131 a\u00e7\u0131klamalarda Ergenekon soru\u015fturmas\u0131na y\u00f6nelik ele\u015ftirilerini dile getirmi\u015fti. Sel\u00e7uk&#8217;un Ergenekon iddianamesi ile ilgili ele\u015ftirileri \u015f\u00f6yleydi: Dava ile somut olarak ili\u015fki kurmaks\u0131z\u0131n bir g\u00f6zalt\u0131 nas\u0131l olmal\u0131d\u0131r, bir sorgulama nas\u0131l olmal\u0131d\u0131r? Ben Cumhuriyet Savc\u0131s\u0131 olsayd\u0131m, sorgulamay\u0131 ve soru\u015fturmay\u0131 bizzat yapard\u0131m. Soru\u015fturmay\u0131 yaparken hi\u00e7bir zaman 2455 sayfal\u0131k, bu kadar ayr\u0131nt\u0131l\u0131 bir iddianame yazmazd\u0131m. \u0130ddianamenin nas\u0131l yaz\u0131laca\u011f\u0131n\u0131 ceza yarg\u0131lamas\u0131 yasas\u0131 tan\u0131mlam\u0131\u015ft\u0131r. \u0130ddianamenin olaylarla ili\u015fkilendirilerek yani bir \u00f6zet olarak d\u00fczenlenmesi s\u00f6z konusu edilmi\u015ftir. Sel\u00e7uk ge\u00e7en hafta yapt\u0131\u011f\u0131 a\u00e7\u0131klamada da davan\u0131n siyasalla\u015ft\u0131r\u0131ld\u0131\u011f\u0131 ele\u015ftirisinde bulunmu\u015ftu: Bu dava devletle ilgili oldu\u011fu i\u00e7in su\u00e7 a\u00e7\u0131s\u0131ndan siyasi bir davad\u0131r. Ama su\u00e7 siyasidir diye, dava siyasalla\u015ft\u0131r\u0131lamaz. Ergenekon davas\u0131 A&#8217;dan Z&#8217;ye siyasalla\u015ft\u0131.<\/p>\n<p style=\"text-align: justify;\"><span style=\"color: #888888;\">Kaynak : Vatan<\/span><\/p>\n","protected":false},"excerpt":{"rendered":"<p style=\"text-align: center;\">\n<p style=\"text-align: justify;\">Yarg\u0131tay Onursal Ba\u015fkan\u0131 Sami Sel\u00e7uk da rahats\u0131z!<\/p>\n<p style=\"text-align: justify;\">Yarg\u0131tay eski ba\u015fkanlar\u0131ndan Sami Sel\u00e7uk, g\u00f6revdeyken telefonlar\u0131n\u0131n dinlendi\u011fini s\u00f6yledi. Sel\u00e7uk Ergenekon zanl\u0131lar\u0131n\u0131n 4 g\u00fcn g\u00f6zalt\u0131nda tutulmas\u0131n\u0131n da i\u015fkence oldu\u011funu s\u00f6yledi<\/p>\n<p style=\"text-align: justify;\">Onursal Yarg\u0131tay Ba\u015fkan\u0131 Sami Sel\u00e7uk, CNN T\u00fcrk&#8217;te kat\u0131ld\u0131\u011f\u0131 programda Ergenekon soru\u015fturmas\u0131na ili\u015fkin \u00f6nemli a\u00e7\u0131klamalarda bulundu. Sel\u00e7uk, canl\u0131 yay\u0131n\u0131nda sorular\u0131 <\/p>\n","protected":false},"author":1,"featured_media":0,"comment_status":"open","ping_status":"closed","sticky":false,"template":"","format":"standard","meta":{"footnotes":""},"categories":[105],"tags":[],"class_list":["post-8568","post","type-post","status-publish","format-standard","hentry","category-gundem","odd"],"_links":{"self":[{"href":"http:\/\/www.korhanyilmaz.com\/index.php?rest_route=\/wp\/v2\/posts\/8568","targetHints":{"allow":["GET"]}}],"collection":[{"href":"http:\/\/www.korhanyilmaz.com\/index.php?rest_route=\/wp\/v2\/posts"}],"about":[{"href":"http:\/\/www.korhanyilmaz.com\/index.php?rest_route=\/wp\/v2\/types\/post"}],"author":[{"embeddable":true,"href":"http:\/\/www.korhanyilmaz.com\/index.php?rest_route=\/wp\/v2\/users\/1"}],"replies":[{"embeddable":true,"href":"http:\/\/www.korhanyilmaz.com\/index.php?rest_route=%2Fwp%2Fv2%2Fcomments&post=8568"}],"version-history":[{"count":0,"href":"http:\/\/www.korhanyilmaz.com\/index.php?rest_route=\/wp\/v2\/posts\/8568\/revisions"}],"wp:attachment":[{"href":"http:\/\/www.korhanyilmaz.com\/index.php?rest_route=%2Fwp%2Fv2%2Fmedia&parent=8568"}],"wp:term":[{"taxonomy":"category","embeddable":true,"href":"http:\/\/www.korhanyilmaz.com\/index.php?rest_route=%2Fwp%2Fv2%2Fcategories&post=8568"},{"taxonomy":"post_tag","embeddable":true,"href":"http:\/\/www.korhanyilmaz.com\/index.php?rest_route=%2Fwp%2Fv2%2Ftags&post=8568"}],"curies":[{"name":"wp","href":"https:\/\/api.w.org\/{rel}","templated":true}]}}