{"id":8564,"date":"2009-04-24T14:22:32","date_gmt":"2009-04-24T11:22:32","guid":{"rendered":"http:\/\/www.korhanyilmaz.com\/?p=8564"},"modified":"2009-04-24T14:22:32","modified_gmt":"2009-04-24T11:22:32","slug":"adaletin-gozu-acildi","status":"publish","type":"post","link":"http:\/\/www.korhanyilmaz.com\/?p=8564","title":{"rendered":"Adaletin g\u00f6z\u00fc a\u00e7\u0131ld\u0131"},"content":{"rendered":"<p style=\"text-align: center;\"><img loading=\"lazy\" decoding=\"async\" class=\"aligncenter size-full wp-image-8565\" title=\"Adaletin g\u00f6z\u00fc a\u00e7\u0131ld\u0131 \" src=\"http:\/\/www.korhanyilmaz.com\/wp-content\/uploads\/2009\/04\/250420090331550674652.jpg\" alt=\"Adaletin g\u00f6z\u00fc a\u00e7\u0131ld\u0131 \" width=\"329\" height=\"210\" \/><\/p>\n<p style=\"text-align: justify;\"><strong>Themis yerine T\u00fcrk tipi adalet tanr\u0131\u00e7as\u0131 heykeli<\/strong><\/p>\n<p style=\"text-align: justify;\">Anayasa Mahkemesi&#8217;nin yeni binas\u0131nda evrensel adalet tanr\u0131\u00e7as\u0131 Themis&#8217;e olduk\u00e7a benzeyen ve t\u0131pk\u0131 onun gibi bir elinde terazi, bir elinde k\u0131l\u0131\u00e7 ta\u015f\u0131yan bir heykel yer ald\u0131. Ancak heykelin orjinalinin aksine g\u00f6zlerinin ba\u011fl\u0131 olmad\u0131\u011f\u0131, g\u00f6\u011fs\u00fcnde ay-y\u0131ld\u0131z kabartmas\u0131 oldu\u011fu, etek yerine daha \u00e7ok \u015falvara benzeyen bir giysiyle temsil edildi\u011fi g\u00f6r\u00fcld\u00fc. Bu durum \u00f6nce &#8220;adalet Tanr\u0131\u00e7as\u0131n\u0131n g\u00f6z\u00fc a\u00e7\u0131lm\u0131\u015f&#8221; \u015feklinde yorumland\u0131. Ancak daha sonra heykelle ilgili verilen bilgiler, adalet tanr\u0131\u00e7as\u0131na benzetilen heykelin asl\u0131nda &#8220;Adaleti simgeleyen Anadolu k\u0131z\u0131&#8221; oldu\u011funu g\u00f6sterdi. <!--more--><\/p>\n<p style=\"text-align: justify;\">Heykeltra\u015f Aslan Ba\u015fp\u0131nar taraf\u0131ndan yap\u0131lan heykeller, Anayasa Mahkemesi ba\u015fkanl\u0131k giri\u015finin sa\u011f yan\u0131nda bir kad\u0131n ve erkek fig\u00fcr\u00fc olarak yer al\u0131yor. Kad\u0131n heykelinin, &#8220;g\u00f6z\u00fc ba\u011fl\u0131 adalet tanr\u0131\u00e7as\u0131&#8221; n\u0131 de\u011fil, &#8220;bir elinde terazi di\u011fer elinde k\u0131l\u0131\u00e7 tutan, g\u00f6\u011fs\u00fcndeki ay y\u0131ld\u0131z ve geleneksel Anadolu k\u0131yafeti i\u00e7indeki Cumhuriyet ku\u015fa\u011f\u0131 bir gen\u00e7 k\u0131z\u0131n&#8221; \u015fahs\u0131nda &#8220;g\u00f6z\u00fc a\u00e7\u0131k ve ufka kararl\u0131 bi\u00e7imde bakan Cumhuriyetin ve hukuk devletinin temeli ve koruyucusu adaletin simgelendi\u011fi&#8221; bildirildi. &#8220;Modern k\u0131yafetli ve bir elinde T\u00fcrkiye Cumhuriyeti Anayasas\u0131n\u0131 tutan Cumhuriyet ku\u015fa\u011f\u0131 hukuk fak\u00fcltesi \u00f6\u011frencisi bir delikanl\u0131&#8221; heykeli ile de &#8220;\u00fclkenin t\u00fcm adalet mensuplar\u0131n\u0131n simgelendi\u011fi&#8221; ifade edildi.<\/p>\n<p style=\"text-align: justify;\">Muhalefet, ba\u015fsavc\u0131 ve gazeteciler protesto etti<\/p>\n<p style=\"text-align: justify;\"><strong>BA\u015eSAVCI Y\u0130NE YOK: <\/strong>AKP hakk\u0131nda kapatma davas\u0131 a\u00e7t\u0131ktan sonra Anayasa Mahkemesi&#8217;ndeki hi\u00e7bir t\u00f6rene kat\u0131lmayan Yarg\u0131tay Ba\u015fsavc\u0131s\u0131 Abdudrrahman Yal\u00e7\u0131nkaya bu t\u00f6rene de kat\u0131lmad\u0131. Dan\u0131\u015ftay Ba\u015fkan\u0131 Mustafa Birden de yurt d\u0131\u015f\u0131nda oldu\u011fu i\u00e7in t\u00f6rene gelmedi.<\/p>\n<p style=\"text-align: justify;\"><strong>CHP, DTP VE MHP YOKTU:<\/strong> T\u00f6rene davetli oldu\u011fu halde CHP&#8217;den kat\u0131l\u0131m olmamas\u0131 dikkat \u00e7ekerken, TBMM&#8217;de grubu bulunan DTP ve MHP&#8217;ye ise davetiye g\u00f6nderilmedi\u011fi \u00f6\u011frenildi.<\/p>\n<p style=\"text-align: justify;\"><strong>AKRED\u0130TASYON PROTESTOSU:<\/strong> Anayasa Mahkemesi&#8217;ndeki t\u00f6rende baz\u0131 gazete ve televizyon kurulu\u015flar\u0131n\u0131n muhabirleri, &#8220;yer darl\u0131\u011f\u0131&#8221; gerek\u00e7e g\u00f6sterilerek al\u0131nmad\u0131. Foto muhabirleri ve kameranlar\u0131n ise t\u00f6renin yap\u0131ld\u0131\u011f\u0131 Y\u00fcce Divan Salonu&#8217;na giri\u015fine izin verilmedi. Bu duruma tepki g\u00f6steren gazeteciler, y\u00fcksek mahkemenin \u00f6n\u00fcne kameralar\u0131n\u0131 b\u0131rakarak, a\u00e7\u0131klama yapt\u0131lar.<\/p>\n<p style=\"text-align: justify;\"><span style=\"color: #888888;\">Kaynak : Kemal G\u00f6kta\u015f &#8211; Vatan<\/span><\/p>\n<p style=\"text-align: justify;\">\n","protected":false},"excerpt":{"rendered":"<p style=\"text-align: center;\">\n<p style=\"text-align: justify;\">Themis yerine T\u00fcrk tipi adalet tanr\u0131\u00e7as\u0131 heykeli<\/p>\n<p style=\"text-align: justify;\">Anayasa Mahkemesi&#8217;nin yeni binas\u0131nda evrensel adalet tanr\u0131\u00e7as\u0131 Themis&#8217;e olduk\u00e7a benzeyen ve t\u0131pk\u0131 onun gibi bir elinde terazi, bir elinde k\u0131l\u0131\u00e7 ta\u015f\u0131yan bir heykel yer ald\u0131. Ancak heykelin orjinalinin aksine g\u00f6zlerinin ba\u011fl\u0131 olmad\u0131\u011f\u0131, g\u00f6\u011fs\u00fcnde ay-y\u0131ld\u0131z kabartmas\u0131 oldu\u011fu, etek yerine daha \u00e7ok \u015falvara <\/p>\n","protected":false},"author":1,"featured_media":0,"comment_status":"open","ping_status":"closed","sticky":false,"template":"","format":"standard","meta":{"footnotes":""},"categories":[105],"tags":[],"class_list":["post-8564","post","type-post","status-publish","format-standard","hentry","category-gundem","odd"],"_links":{"self":[{"href":"http:\/\/www.korhanyilmaz.com\/index.php?rest_route=\/wp\/v2\/posts\/8564","targetHints":{"allow":["GET"]}}],"collection":[{"href":"http:\/\/www.korhanyilmaz.com\/index.php?rest_route=\/wp\/v2\/posts"}],"about":[{"href":"http:\/\/www.korhanyilmaz.com\/index.php?rest_route=\/wp\/v2\/types\/post"}],"author":[{"embeddable":true,"href":"http:\/\/www.korhanyilmaz.com\/index.php?rest_route=\/wp\/v2\/users\/1"}],"replies":[{"embeddable":true,"href":"http:\/\/www.korhanyilmaz.com\/index.php?rest_route=%2Fwp%2Fv2%2Fcomments&post=8564"}],"version-history":[{"count":0,"href":"http:\/\/www.korhanyilmaz.com\/index.php?rest_route=\/wp\/v2\/posts\/8564\/revisions"}],"wp:attachment":[{"href":"http:\/\/www.korhanyilmaz.com\/index.php?rest_route=%2Fwp%2Fv2%2Fmedia&parent=8564"}],"wp:term":[{"taxonomy":"category","embeddable":true,"href":"http:\/\/www.korhanyilmaz.com\/index.php?rest_route=%2Fwp%2Fv2%2Fcategories&post=8564"},{"taxonomy":"post_tag","embeddable":true,"href":"http:\/\/www.korhanyilmaz.com\/index.php?rest_route=%2Fwp%2Fv2%2Ftags&post=8564"}],"curies":[{"name":"wp","href":"https:\/\/api.w.org\/{rel}","templated":true}]}}