{"id":8558,"date":"2009-04-24T15:58:20","date_gmt":"2009-04-24T12:58:20","guid":{"rendered":"http:\/\/www.korhanyilmaz.com\/?p=8558"},"modified":"2009-04-24T15:58:20","modified_gmt":"2009-04-24T12:58:20","slug":"etik-olmayan-genetik-gezi","status":"publish","type":"post","link":"http:\/\/www.korhanyilmaz.com\/?p=8558","title":{"rendered":"Etik olmayan genetik gezi!"},"content":{"rendered":"<p style=\"text-align: center;\"><img loading=\"lazy\" decoding=\"async\" class=\"aligncenter size-full wp-image-8559\" title=\"Etik olmayan genetik gezi! \" src=\"http:\/\/www.korhanyilmaz.com\/wp-content\/uploads\/2009\/04\/250420090345519263254.jpg\" alt=\"Etik olmayan genetik gezi! \" width=\"329\" height=\"210\" \/><strong><\/strong><\/p>\n<p style=\"text-align: justify;\"><strong>Avrupa&#8217;da yasak olan geneti\u011fiyle oynanm\u0131\u015f \u00fcr\u00fcn \u00fcretiminin yasala\u015fmas\u0131 i\u00e7in ABD&#8217;nin TBMM&#8217;den baz\u0131 vekilleri 1 hafta a\u011f\u0131rlad\u0131\u011f\u0131 ortaya \u00e7\u0131kt\u0131<\/strong>.<\/p>\n<p style=\"text-align: justify;\">\n<p style=\"text-align: justify;\">\u00d6n\u00fcm\u00fczdeki g\u00fcnlerde Meclis&#8217;e geneti\u011fiyle oynanm\u0131\u015f \u00fcr\u00fcnlerin T\u00fcrkiye&#8217;de \u00fcretilmesini sa\u011flayan bir yasa tasar\u0131s\u0131 gelecek. Bu alanda d\u00fcnyan\u0131n en b\u00fcy\u00fck \u015firketine sahip ABD&#8217;nin, tasar\u0131ya onay vermeleri i\u00e7in baz\u0131 vekilleri 1 hafta a\u011f\u0131rlad\u0131\u011f\u0131 ortaya \u00e7\u0131kt\u0131. Ancak \u00e7evrecilerden b\u00fcy\u00fck tepki toplayan bu \u00fcr\u00fcnlerin bir\u00e7ok AB \u00fclkesinde \u00fcretimi yasak.<!--more--><\/p>\n<p style=\"text-align: justify;\">ABD Tar\u0131m Bakanl\u0131\u011f\u0131&#8217;n\u0131n, TBMM Tar\u0131m, Orman ve K\u00f6yi\u015fleri Komisyonu \u00fcyesi milletvekillerini, \u00f6n\u00fcm\u00fczdeki g\u00fcnlerde Meclis g\u00fcndemine gelmesi beklenen Geneti\u011fi De\u011fi\u015ftirilmi\u015f Organizmalar&#8217;\u0131n (GDO) T\u00fcrkiye&#8217;de \u00fcretilmesinin \u00f6n\u00fcn\u00fc a\u00e7acak Biyo G\u00fcvenlik Yasa Tasar\u0131s\u0131&#8217;na onay vermeleri i\u00e7in 1 hafta ABD&#8217;de a\u011f\u0131rlad\u0131\u011f\u0131 ortaya \u00e7\u0131kt\u0131.<\/p>\n<p style=\"text-align: justify;\"><strong>5 milletvekili kat\u0131ld\u0131<\/strong><\/p>\n<p style=\"text-align: justify;\">&#8220;Modern Tar\u0131msal Teknolojiler&#8221; konusunda ABD Tar\u0131m Bakanl\u0131\u011f\u0131&#8217;n\u0131n davetlisi olarak Amerika&#8217;ya giden heyette milletvekili olarak; CHP Mersin Milletvekili Vahap Se\u00e7er, AKP Denizli Milletvekili Mehmet Erdo\u011fan, AKP Gaziantep Milletvekili \u00d6zlem M\u00fcft\u00fco\u011flu, AKP Bursa Milletvekili Ali Koyuncu, MHP Afyonkarahisar Milletvekili Abd\u00fclkadir Akcan yer ald\u0131. Heyette ayr\u0131ca T\u00dcB\u0130TAK Ba\u015fkan Yard\u0131mc\u0131s\u0131 Prof. Dr. Mehmet Arif Adl\u0131, Adana \u00c7ift\u00e7iler Birli\u011fi Genel Sekreteri Oana \u00c7orat ve ABD&#8217;nin Ankara B\u00fcy\u00fckel\u00e7ili\u011fi tar\u0131m uzman\u0131 Yasemin Erkut da bulundu.<\/p>\n<p style=\"text-align: justify;\">Washington ve St. Louis&#8217;de iki ayr\u0131 otelde kalan heyetin u\u00e7ak paras\u0131 hari\u00e7 t\u00fcm masraflar\u0131n\u0131 ABD Tar\u0131m Bakanl\u0131\u011f\u0131 kar\u015f\u0131lad\u0131. 11-18 Nisan aras\u0131ndaki gezi kapsam\u0131nda kat\u0131l\u0131mc\u0131lar, ABD Senatosu&#8217;nda d\u00fczenlenen Tar\u0131m Komisyonu \u00e7al\u0131\u015fmalar\u0131na kat\u0131larak, Washington&#8217;da yer alan ABD Hububat Konseyi ve Pamuk Konseyi&#8217;nde resmi temaslarda bulundu.<\/p>\n<p style=\"text-align: justify;\"><strong>Monsanto&#8217;yu gezdiler<\/strong><br \/>\nWashington sonras\u0131nda St. Louis&#8217;e giden milletvekilleri, burada T\u00fcrk heyeti, M\u0131s\u0131r \u00dcreticileri Derne\u011fi ile Amerikan Soya Derne\u011fi taraf\u0131ndan d\u00fczenlenen toplant\u0131lara kat\u0131l\u0131p, \u00e7iftliklerde incelemeler yapt\u0131. Amerika&#8217;n\u0131n \u00e7evrecilerden b\u00fcy\u00fck tepki toplayan tohum \u00fcreticisi Monsanto&#8217;yu da ziyaret etti. Monsanto, geneti\u011fi de\u011fi\u015ftirilmi\u015f tohumlar\u0131n \u00fcretiminde d\u00fcnyan\u0131n bir numaral\u0131 firmas\u0131. 50 \u00fclkede 21 bin 700 \u00e7al\u0131\u015fan\u0131 bulunuyor. 2008 cirosu 11.3 milyar dolar, k\u00e2r\u0131 ise 2 milyar dolar d\u00fczeyinde. Ancak Monsanto, hakk\u0131nda \u00e7ok yo\u011fun tart\u0131\u015fmalar\u0131n yap\u0131ld\u0131\u011f\u0131 bir \u015firket. Bu nedenle &#8220;\u015eeytani \u015firket&#8221; olarak da an\u0131l\u0131yor.\n<\/p>\n<p style=\"text-align: justify;\"><strong>Almanya \u00fcretimini yasaklad\u0131<\/strong><\/p>\n<p style=\"text-align: justify;\">Son olarak ge\u00e7en hafta Alman Tar\u0131m Bakanl\u0131\u011f\u0131 Monsanto&#8217;nun Mon 810 tipi genetik de\u011fi\u015fime u\u011frat\u0131lm\u0131\u015f m\u0131s\u0131r t\u00fcr\u00fcn\u00fcn Almanya&#8217;da yeti\u015ftirilmesini yasaklad\u0131. Genetik m\u0131s\u0131r\u0131n patent sahibi olan Amerikan Monsanto tr\u00f6st\u00fcn\u00fcn, ha\u015fereye dayan\u0131kl\u0131 m\u0131s\u0131r t\u00fcr\u00fcyle ilgili raporunu inceleyen Tar\u0131m Bakanl\u0131\u011f\u0131 ay sonunda ba\u015flayacak olan ekim mevsiminden \u00f6nce genetik m\u0131s\u0131r tohumuyla ilgili karar almak durumundayd\u0131. AB&#8217;nin 2004 y\u0131l\u0131nda kullan\u0131lmas\u0131na izin verdi\u011fi MON 810 m\u0131s\u0131r\u0131 genetik yap\u0131s\u0131ndaki de\u011fi\u015fiklik sayesinde parazitlere kar\u015f\u0131 s\u00fcrekli zehir \u00fcretiyor. Monsanto \u015firketi bu m\u0131s\u0131r t\u00fcr\u00fc sayesinde ha\u015fere ilac\u0131na ihtiya\u00e7 kalmayaca\u011f\u0131n\u0131 savunurken \u00e7evreci gruplar genetik yap\u0131s\u0131ndaki de\u011fi\u015fikli\u011fin uzun vadeli sa\u011fl\u0131k etkilerinin kestirilemeyece\u011fi gerek\u00e7esiyle kar\u015f\u0131 \u00e7\u0131kmaktayd\u0131. Monsanto bakanl\u0131\u011f\u0131n bu karar\u0131n\u0131n ard\u0131ndan yasa\u011f\u0131n kalkmas\u0131 i\u00e7in mahkemeye ba\u015fvurdu.<\/p>\n<p style=\"text-align: justify;\"><strong>R\u00fc\u015fvet verdi, \u00fcr\u00fcnleri k\u0131s\u0131rd\u0131<\/strong> Monsanto ile ilgili tart\u0131\u015fmalar Hindistan&#8217;da da ge\u00e7ti\u011fimiz y\u0131llarda \u00e7ok yo\u011fun bir \u015fekilde yap\u0131lm\u0131\u015ft\u0131. \u015eirket yetkililerinin Hindistan h\u00fck\u00fcmetine kendi tohumlar\u0131n\u0131 tercih etmeleri kar\u015f\u0131l\u0131\u011f\u0131nda r\u00fc\u015fvet verdi\u011fine ili\u015fkin su\u00e7lamalar sonucunda Monsanto Amerikan mahkemelerinde mahkum oldu ve 1.5 milyon dolar ceza \u00f6demek zorunda kald\u0131. 2007&#8217;de Monsanto&#8217;nun Hindistan&#8217;da \u00e7ift\u00e7ilere satt\u0131\u011f\u0131 tohumlardan istenilen verimin al\u0131namamas\u0131, ve \u00fcr\u00fcnler k\u0131s\u0131r oldu\u011fu i\u00e7in yeni tohum elde edilememesi, tohumlar\u0131n \u00e7ok daha fazla su ve g\u00fcbre ihtiyac\u0131 do\u011furmas\u0131 \u00fczerine batma noktas\u0131na gelen 1500 \u00e7ift\u00e7i intihar ederek hayat\u0131na son verdi. Bu nedenle Monsanto&#8217;nun \u00e7ift\u00e7iler aras\u0131ndaki ad\u0131 &#8220;Gestapo&#8221; ve &#8220;Mafya&#8221;ya \u00e7\u0131kt\u0131.<\/p>\n<p style=\"text-align: justify;\"><strong>Farelerde anormallik<\/strong><\/p>\n<p style=\"text-align: justify;\">2006 y\u0131l\u0131nda \u0130ngiliz The Independent gazetesi man\u015fetten duyurdu\u011fu haberde Monsanto&#8217;nun tohumlar\u0131yla yeti\u015ftirilen geneti\u011fi de\u011fi\u015ftirilmi\u015f m\u0131s\u0131rlarla beslenen farelerin kanlar\u0131nda ve b\u00f6breklerinde anormallikler belirlendi\u011fi kaydedildi. Gazete, Monsanto&#8217;nun 1139 sayfal\u0131k gizli raporu has\u0131ralt\u0131 etti\u011fini ileri s\u00fcrd\u00fc. 2005 y\u0131l\u0131nda T\u00fcrk Tar\u0131m Bakanl\u0131\u011f\u0131 ile Monsanto, Adana ve Nazilli&#8217;de geneti\u011fi de\u011fi\u015ftirilmi\u015f organizma tohumlar\u0131yla alan denemesine ba\u015flam\u0131\u015ft\u0131.<\/p>\n<p style=\"text-align: justify;\"><strong>Genel Kurul karar\u0131yla gittiler<\/strong><\/p>\n<p style=\"text-align: justify;\">Kom\u0130syon \u00fcyeleri ABD gezisi i\u00e7in, TBMM Genel Kurulu&#8217;nda 7 Nisan Sal\u0131 g\u00fcn\u00fc okunup, oylanan Ba\u015fkanl\u0131k tezkeresi \u00e7er\u00e7evesinde, g\u00f6revli olarak gittiler. Komisyon heyetinin ABD gezisine ili\u015fkin tezkere \u015f\u00f6yle: &#8220;ABD Tar\u0131m Bakanl\u0131\u011f\u0131 taraf\u0131ndan 11-18 Nisan 2009 tarihleri aras\u0131nda ABD&#8217;de d\u00fczenlenecek olan &#8221; Modern Tar\u0131msal Teknolojiler &#8221; ba\u015fl\u0131kl\u0131 toplant\u0131ya a\u015fa\u011f\u0131da isimleri belirtilen milletvekillerimiz davet edilmektedir. S\u00f6z konusu davete icabet edilmesi hususu T\u00fcrkiye B\u00fcy\u00fck Millet Meclisinin D\u0131\u015f \u0130li\u015fkilerinin D\u00fczenlenmesi Hakk\u0131nda 3620 Say\u0131l\u0131 Kanun&#8217;un 9 uncu maddesi uyar\u0131nca Genel Kurulun tasviplerine sunulur.&#8221;<\/p>\n<p style=\"text-align: justify;\"><strong>GEZ\u0130YE KATILAN M\u0130LLETVEK\u0130LLER\u0130 NE DED\u0130?<\/strong><\/p>\n<p style=\"text-align: justify;\"><strong>&#8216;Uzaya g\u00f6t\u00fcrseler etkilenmem&#8217;<\/strong><\/p>\n<p style=\"text-align: justify;\">MHP&#8217;li Abd\u00fclkadir Akcan: ABD gezisi, Bio G\u00fcvenlik Yasa tasar\u0131s\u0131 konusunda bir ikna amac\u0131 ta\u015f\u0131m\u0131yordu. Bu gezi tamamen tar\u0131msal teknolojilerin geldi\u011fi son noktay\u0131 g\u00f6rme, bu konularda bilgilendirilmeye y\u00f6nelik bir geziydi. Kald\u0131 ki ben bu konuda uluslararas\u0131 d\u00fczeyde yetkin bilinen bir ismim. 1988 ve 1991 y\u0131llar\u0131nda tar\u0131msal \u0131slah program\u0131 i\u00e7in Bel\u00e7ika&#8217;n\u0131n hizmet sat\u0131n almak istedi\u011fi bir ki\u015fiyim. O nedenle, inanmad\u0131\u011f\u0131m, do\u011fru bulmad\u0131\u011f\u0131m bir d\u00fczenleme yap\u0131lacaksa, de\u011fil ABD&#8217;ye beni uzaya g\u00f6t\u00fcrseler nafile. Kald\u0131 ki, biyo teknoloji demek illa da k\u00f6t\u00fc bir \u015fey yap\u0131lacak demek de\u011fil ki. Sonu\u00e7ta t\u00fcp bebek olay\u0131 da biyoteknolojik bir \u00e7\u00f6z\u00fcm. \u0130lk tar\u0131msal alanda denenmi\u015f. \u015eimdi kim t\u00fcp bebek i\u015fine kar\u015f\u0131 \u00e7\u0131kabilir?<\/p>\n<p style=\"text-align: justify;\"><strong>Ben ikna olmad\u0131m <\/strong><\/p>\n<p style=\"text-align: justify;\"><strong>CHP&#8217;li Vahap Se\u00e7er: <\/strong>ABD&#8217;nin bu ikna turu beni ikna etmedi. \u00c7\u00fcnk\u00fc bir\u00e7ok Avrupa \u00fclkesi geneti\u011fi de\u011fi\u015ftirilmi\u015f organizmalar\u0131n kendi \u00fclkelerinde \u00fcretilmesine kar\u015f\u0131 \u00e7\u0131k\u0131yor. Ben de bu t\u00fcr \u00fcr\u00fcnlerin insan sa\u011fl\u0131\u011f\u0131na zarar\u0131 olaca\u011f\u0131 endi\u015fesini ta\u015f\u0131yorum. Ancak gezide Meclis&#8217;e gelmesi beklenen biyo g\u00fcvenlik yasa tasar\u0131s\u0131 ile ilgili olduk\u00e7a faydal\u0131 bilgilere eri\u015ftim. D\u00fcnyada bu konuda en ileri teknolojiye sahip olan ABD, baz\u0131 tar\u0131msal \u00fcr\u00fcnlerde geneti\u011fi de\u011fi\u015ftirilmi\u015f \u00e7e\u015fitleri yo\u011fun olarak \u00fcretiyor. Biz, ABD i\u00e7in \u00e7ok iyi m\u00fc\u015fteriyiz. Pamuk, m\u0131s\u0131r ve ya\u011fl\u0131 tohumlarda ABD ihracat\u0131nda ikinci s\u0131raday\u0131z.<\/p>\n<p style=\"text-align: justify;\"><strong>Faydal\u0131 bir gezi oldu <\/strong><\/p>\n<p style=\"text-align: justify;\"><strong>AKP&#8217;li \u00d6zlem M\u00fcft\u00fco\u011flu: <\/strong>Bilgilenme amac\u0131yla gittik. Konunun olumlu, olumsuz y\u00f6nlerini inceledik. Bu a\u00e7\u0131dan faydal\u0131 bir gezi oldu. Komisyona gelince g\u00f6r\u00fc\u015flerimizi a\u00e7\u0131klayaca\u011f\u0131z. T\u00fcrkiye&#8217;deki \u00e7al\u0131\u015fmalar\u0131 da inceleyip, fikrimizi ortaya koyaca\u011f\u0131z.<\/p>\n<p style=\"text-align: justify;\"><span style=\"color: #888888;\">Kaynak : Levent \u0130\u00e7gen &#8211; Vatan<\/span><\/p>\n<p style=\"text-align: justify;\">\n","protected":false},"excerpt":{"rendered":"<p style=\"text-align: center;\">\n<p style=\"text-align: justify;\">Avrupa&#8217;da yasak olan geneti\u011fiyle oynanm\u0131\u015f \u00fcr\u00fcn \u00fcretiminin yasala\u015fmas\u0131 i\u00e7in ABD&#8217;nin TBMM&#8217;den baz\u0131 vekilleri 1 hafta a\u011f\u0131rlad\u0131\u011f\u0131 ortaya \u00e7\u0131kt\u0131.<\/p>\n<p style=\"text-align: justify;\">\n<p style=\"text-align: justify;\">\u00d6n\u00fcm\u00fczdeki g\u00fcnlerde Meclis&#8217;e geneti\u011fiyle oynanm\u0131\u015f \u00fcr\u00fcnlerin T\u00fcrkiye&#8217;de \u00fcretilmesini sa\u011flayan bir yasa tasar\u0131s\u0131 gelecek. Bu alanda d\u00fcnyan\u0131n en b\u00fcy\u00fck \u015firketine sahip ABD&#8217;nin, tasar\u0131ya onay vermeleri i\u00e7in baz\u0131 vekilleri <\/p>\n","protected":false},"author":1,"featured_media":0,"comment_status":"open","ping_status":"closed","sticky":false,"template":"","format":"standard","meta":{"footnotes":""},"categories":[105],"tags":[],"class_list":["post-8558","post","type-post","status-publish","format-standard","hentry","category-gundem","odd"],"_links":{"self":[{"href":"http:\/\/www.korhanyilmaz.com\/index.php?rest_route=\/wp\/v2\/posts\/8558","targetHints":{"allow":["GET"]}}],"collection":[{"href":"http:\/\/www.korhanyilmaz.com\/index.php?rest_route=\/wp\/v2\/posts"}],"about":[{"href":"http:\/\/www.korhanyilmaz.com\/index.php?rest_route=\/wp\/v2\/types\/post"}],"author":[{"embeddable":true,"href":"http:\/\/www.korhanyilmaz.com\/index.php?rest_route=\/wp\/v2\/users\/1"}],"replies":[{"embeddable":true,"href":"http:\/\/www.korhanyilmaz.com\/index.php?rest_route=%2Fwp%2Fv2%2Fcomments&post=8558"}],"version-history":[{"count":0,"href":"http:\/\/www.korhanyilmaz.com\/index.php?rest_route=\/wp\/v2\/posts\/8558\/revisions"}],"wp:attachment":[{"href":"http:\/\/www.korhanyilmaz.com\/index.php?rest_route=%2Fwp%2Fv2%2Fmedia&parent=8558"}],"wp:term":[{"taxonomy":"category","embeddable":true,"href":"http:\/\/www.korhanyilmaz.com\/index.php?rest_route=%2Fwp%2Fv2%2Fcategories&post=8558"},{"taxonomy":"post_tag","embeddable":true,"href":"http:\/\/www.korhanyilmaz.com\/index.php?rest_route=%2Fwp%2Fv2%2Ftags&post=8558"}],"curies":[{"name":"wp","href":"https:\/\/api.w.org\/{rel}","templated":true}]}}