{"id":8554,"date":"2009-04-25T09:01:56","date_gmt":"2009-04-25T06:01:56","guid":{"rendered":"http:\/\/www.korhanyilmaz.com\/?p=8554"},"modified":"2009-04-25T09:01:56","modified_gmt":"2009-04-25T06:01:56","slug":"aym%e2%80%99de-sekreter-krizi","status":"publish","type":"post","link":"http:\/\/www.korhanyilmaz.com\/?p=8554","title":{"rendered":"AYM\u2019de sekreter krizi"},"content":{"rendered":"<p style=\"text-align: justify;\"><img loading=\"lazy\" decoding=\"async\" class=\"aligncenter size-full wp-image-8555\" title=\"AYM\u2019de sekreter krizi \" src=\"http:\/\/www.korhanyilmaz.com\/wp-content\/uploads\/2009\/04\/250420090445353923940.jpg\" alt=\"AYM\u2019de sekreter krizi \" width=\"320\" height=\"100\" \/><strong><\/strong><\/p>\n<p style=\"text-align: justify;\"><strong>Kurulu\u015f y\u0131ld\u00f6n\u00fcm\u00fc ve yeni binas\u0131n\u0131n a\u00e7\u0131l\u0131\u015f\u0131 heyecan\u0131n\u0131 ya\u015fayan Anayasa Mahkemesi&#8217;nde &#8220;sekreter krizi&#8221; patlak verdi. <\/strong><\/p>\n<p style=\"text-align: justify;\">47&#8217;nci ya\u015f\u0131n\u0131 yeni binas\u0131nda kutlayan Anayasa Mahkemesi kulislerinde d\u00fcn Ba\u015fkan Ha\u015fim K\u0131l\u0131\u00e7 ile Ba\u015fkanvekili Osman Paks\u00fct aras\u0131nda patlak veren sekreter krizi konu\u015fuldu. K\u0131l\u0131\u00e7, Paks\u00fct&#8217;e sormadan sekreterinin g\u00f6rev yerini de\u011fi\u015ftirdi. Paks\u00fct de K\u0131l\u0131\u00e7&#8217;a bir yaz\u0131 yazarak &#8220;Bu tutumunuz idari ve b\u00fcrokratik nezaket kurallar\u0131na ayk\u0131r\u0131&#8221; dedi. Paks\u00fct&#8217;\u00fcn sekreterinin ad\u0131, ikinci Ergenekon iddianamesinde ge\u00e7mi\u015fti. <!--more--><\/p>\n<p style=\"text-align: justify;\">Anayasa Mahkemesi&#8217;nin yeni binas\u0131na ta\u015f\u0131nmas\u0131 s\u0131ras\u0131nda Ba\u015fkanvekili Paks\u00fct&#8217;\u00fcn sekreterinin g\u00f6rev yeri de\u011fi\u015ftirildi. Ba\u015fkanvekili Paks\u00fct, sekreterinin g\u00f6rev yerinin de\u011fi\u015ftirilmesinin kendisinden habersiz yap\u0131lmas\u0131na g\u00f6sterdi\u011fi tepkiyi Ba\u015fkan K\u0131l\u0131\u00e7&#8217;a yazd\u0131\u011f\u0131 bir yaz\u0131yla g\u00f6sterdi. Paks\u00fct, yaz\u0131s\u0131nda Anayasa Mahkemesi i\u00e7t\u00fcz\u00fc\u011f\u00fcne g\u00f6re sekreterlerin sicil notlar\u0131n\u0131n verilmesinde bile \u00fcyelerin g\u00f6r\u00fc\u015flerinin al\u0131nd\u0131\u011f\u0131n\u0131 belirterek, kendi g\u00f6r\u00fc\u015f\u00fc al\u0131nmadan ve haber verilmeden sekreterinin g\u00f6rev yerinin de\u011fi\u015ftirilmesinin &#8220;idari ve b\u00fcrokratik nezaket kurallar\u0131na uymad\u0131\u011f\u0131&#8221;n\u0131 belirtti.<\/p>\n<p style=\"text-align: justify;\"><span style=\"color: #888888;\">Kaynak : Vatan<\/span><\/p>\n","protected":false},"excerpt":{"rendered":"<p style=\"text-align: justify;\">\n<p style=\"text-align: justify;\">Kurulu\u015f y\u0131ld\u00f6n\u00fcm\u00fc ve yeni binas\u0131n\u0131n a\u00e7\u0131l\u0131\u015f\u0131 heyecan\u0131n\u0131 ya\u015fayan Anayasa Mahkemesi&#8217;nde &#8220;sekreter krizi&#8221; patlak verdi. <\/p>\n<p style=\"text-align: justify;\">47&#8217;nci ya\u015f\u0131n\u0131 yeni binas\u0131nda kutlayan Anayasa Mahkemesi kulislerinde d\u00fcn Ba\u015fkan Ha\u015fim K\u0131l\u0131\u00e7 ile Ba\u015fkanvekili Osman Paks\u00fct aras\u0131nda patlak veren sekreter krizi konu\u015fuldu. K\u0131l\u0131\u00e7, Paks\u00fct&#8217;e sormadan sekreterinin g\u00f6rev yerini de\u011fi\u015ftirdi. Paks\u00fct de K\u0131l\u0131\u00e7&#8217;a bir <\/p>\n","protected":false},"author":1,"featured_media":0,"comment_status":"open","ping_status":"closed","sticky":false,"template":"","format":"standard","meta":{"footnotes":""},"categories":[105],"tags":[],"class_list":["post-8554","post","type-post","status-publish","format-standard","hentry","category-gundem","odd"],"_links":{"self":[{"href":"http:\/\/www.korhanyilmaz.com\/index.php?rest_route=\/wp\/v2\/posts\/8554","targetHints":{"allow":["GET"]}}],"collection":[{"href":"http:\/\/www.korhanyilmaz.com\/index.php?rest_route=\/wp\/v2\/posts"}],"about":[{"href":"http:\/\/www.korhanyilmaz.com\/index.php?rest_route=\/wp\/v2\/types\/post"}],"author":[{"embeddable":true,"href":"http:\/\/www.korhanyilmaz.com\/index.php?rest_route=\/wp\/v2\/users\/1"}],"replies":[{"embeddable":true,"href":"http:\/\/www.korhanyilmaz.com\/index.php?rest_route=%2Fwp%2Fv2%2Fcomments&post=8554"}],"version-history":[{"count":0,"href":"http:\/\/www.korhanyilmaz.com\/index.php?rest_route=\/wp\/v2\/posts\/8554\/revisions"}],"wp:attachment":[{"href":"http:\/\/www.korhanyilmaz.com\/index.php?rest_route=%2Fwp%2Fv2%2Fmedia&parent=8554"}],"wp:term":[{"taxonomy":"category","embeddable":true,"href":"http:\/\/www.korhanyilmaz.com\/index.php?rest_route=%2Fwp%2Fv2%2Fcategories&post=8554"},{"taxonomy":"post_tag","embeddable":true,"href":"http:\/\/www.korhanyilmaz.com\/index.php?rest_route=%2Fwp%2Fv2%2Ftags&post=8554"}],"curies":[{"name":"wp","href":"https:\/\/api.w.org\/{rel}","templated":true}]}}