{"id":8546,"date":"2009-04-24T18:50:30","date_gmt":"2009-04-24T15:50:30","guid":{"rendered":"http:\/\/www.korhanyilmaz.com\/?p=8546"},"modified":"2009-04-24T18:50:30","modified_gmt":"2009-04-24T15:50:30","slug":"karabag-vadisi-pusu","status":"publish","type":"post","link":"http:\/\/www.korhanyilmaz.com\/?p=8546","title":{"rendered":"Karaba\u011f Vadisi Pusu!"},"content":{"rendered":"<p><img loading=\"lazy\" decoding=\"async\" class=\"aligncenter size-full wp-image-8547\" title=\"Karaba\u011f Vadisi Pusu! \" src=\"http:\/\/www.korhanyilmaz.com\/wp-content\/uploads\/2009\/04\/250420090344537667671.jpg\" alt=\"Karaba\u011f Vadisi Pusu! \" width=\"320\" height=\"100\" \/><strong><\/strong><\/p>\n<p style=\"text-align: justify;\"><strong>T\u00fcrk\u0130ye ile Ermenistan aras\u0131ndaki uzla\u015fma haberi, Azerbaycan&#8217;da b\u00fcy\u00fck olay yaratt\u0131. <\/strong><\/p>\n<p style=\"text-align: justify;\">Azerbaycan&#8217;\u0131n en b\u00fcy\u00fck gazetesi Musavat haberi T\u00fcrkiye&#8217;ye a\u011f\u0131r ele\u015ftiriler getiren bir \u00fcslupla verdi. T\u00fcrkiye&#8217;nin g\u00fcnler boyu Azerbaycan&#8217;\u0131 hi\u00e7bir anla\u015fma olmad\u0131\u011f\u0131 \u015feklinde oyalad\u0131\u011f\u0131n\u0131, ancak bir gece yar\u0131s\u0131 anla\u015fmay\u0131 a\u00e7\u0131klad\u0131\u011f\u0131n\u0131 yazan gazete zehir-zemberek bir yorum yapt\u0131.<\/p>\n<p style=\"text-align: justify;\"><strong>Bu bize h\u0131yanettir!<\/strong><\/p>\n<p style=\"text-align: justify;\">Gazetenin Azeri T\u00fcrk\u00e7esiyle yay\u0131nlanan haber-yorumunda, &#8220;Esas mesele odur ki, T\u00fcrkiye Azerbaycan\u0131n arxas\u0131ndan \u00e7ekilib ve Ermenistanla m\u00fcnasibetlerini normalla\u015fd\u0131rmaq haqda anla\u015fma elde edib. \u00d6z\u00fc de Da\u011fl\u0131q Qaraba\u011f m\u00fcnaqi\u015fesine dair he\u00e7 bir ciddi netice olmadan. Demeli, serhedler (s\u0131n\u0131rlar) indi a\u00e7\u0131lmasa bele, T\u00fcrkiye iqtidar\u0131n\u0131n add\u0131m\u0131 Azerbaycan\u0131n maraqlar\u0131na ciddi zerbedir (darbedir) ve hetta xeyanetdir (h\u0131yanettir).&#8221; <!--more--><\/p>\n<p style=\"text-align: justify;\">Ayn\u0131 gazetede Kurtlar Vadisi dizisinden esinlenerek &#8220;Karaba\u011f Vadisi-Pusu&#8221; ba\u015fl\u0131kl\u0131 bir k\u00f6\u015fe yaz\u0131s\u0131 kaleme alan Zabil M\u00fckalibo\u011flu da, &#8220;Ortaya \u00e7\u0131kan bu durumda t\u00fcm s\u00fcre\u00e7 Azerbaycan&#8217;\u0131n aleyhine i\u015fliyor. Yegane dayana\u011f\u0131m\u0131z olan T\u00fcrkiye, AKP h\u00fck\u00fcmetinin \u015fimdiki siyaseti sayesinde bu b\u00fcy\u00fck sava\u015f meydan\u0131nda bizi tek ba\u015f\u0131m\u0131za b\u0131rak\u0131yor. Bu s\u00fcrecin geri d\u00f6n\u00fc\u015f\u00fc yaln\u0131z ve yaln\u0131z bizim bir devlet, bir millet olarak itirazlar\u0131m\u0131z direni\u015fimiz sayesinde m\u00fcmk\u00fcn olabilir&#8221; yorumunu yapt\u0131.<\/p>\n<p style=\"text-align: justify;\"><strong>Aliyev&#8217;den yine tav\u0131r<\/strong><\/p>\n<p style=\"text-align: justify;\">Daha \u00f6nce T\u00fcrkiye&#8217;deki Medeniyetler \u0130ttifak\u0131 zirvesine kat\u0131lmayan Azerbaycan lideri \u0130lham Aliyev bu kez de d\u00fcn Bulgaristan&#8217;\u0131n ba\u015fkenti Sofya&#8217;da d\u00fczenlenen ve T\u00fcrkiye&#8217;yi Cumhurba\u015fkan\u0131 Abdullah G\u00fcl&#8217;\u00fcn temsil etti\u011fi &#8220;Avrupa \u0130\u00e7in Do\u011falgaz G\u00fcvenlik ve Ortakl\u0131k&#8221; toplant\u0131s\u0131na gelmedi.<\/p>\n<p style=\"text-align: justify;\"><span style=\"color: #888888;\">Kaynak : Vatan<\/span><\/p>\n","protected":false},"excerpt":{"rendered":"<\/p>\n<p style=\"text-align: justify;\">T\u00fcrk\u0130ye ile Ermenistan aras\u0131ndaki uzla\u015fma haberi, Azerbaycan&#8217;da b\u00fcy\u00fck olay yaratt\u0131. <\/p>\n<p style=\"text-align: justify;\">Azerbaycan&#8217;\u0131n en b\u00fcy\u00fck gazetesi Musavat haberi T\u00fcrkiye&#8217;ye a\u011f\u0131r ele\u015ftiriler getiren bir \u00fcslupla verdi. T\u00fcrkiye&#8217;nin g\u00fcnler boyu Azerbaycan&#8217;\u0131 hi\u00e7bir anla\u015fma olmad\u0131\u011f\u0131 \u015feklinde oyalad\u0131\u011f\u0131n\u0131, ancak bir gece yar\u0131s\u0131 anla\u015fmay\u0131 a\u00e7\u0131klad\u0131\u011f\u0131n\u0131 yazan gazete zehir-zemberek bir yorum yapt\u0131.<\/p>\n<p style=\"text-align: justify;\">Bu bize h\u0131yanettir!<\/p>\n","protected":false},"author":1,"featured_media":0,"comment_status":"open","ping_status":"closed","sticky":false,"template":"","format":"standard","meta":{"footnotes":""},"categories":[105],"tags":[],"class_list":["post-8546","post","type-post","status-publish","format-standard","hentry","category-gundem","odd"],"_links":{"self":[{"href":"http:\/\/www.korhanyilmaz.com\/index.php?rest_route=\/wp\/v2\/posts\/8546","targetHints":{"allow":["GET"]}}],"collection":[{"href":"http:\/\/www.korhanyilmaz.com\/index.php?rest_route=\/wp\/v2\/posts"}],"about":[{"href":"http:\/\/www.korhanyilmaz.com\/index.php?rest_route=\/wp\/v2\/types\/post"}],"author":[{"embeddable":true,"href":"http:\/\/www.korhanyilmaz.com\/index.php?rest_route=\/wp\/v2\/users\/1"}],"replies":[{"embeddable":true,"href":"http:\/\/www.korhanyilmaz.com\/index.php?rest_route=%2Fwp%2Fv2%2Fcomments&post=8546"}],"version-history":[{"count":0,"href":"http:\/\/www.korhanyilmaz.com\/index.php?rest_route=\/wp\/v2\/posts\/8546\/revisions"}],"wp:attachment":[{"href":"http:\/\/www.korhanyilmaz.com\/index.php?rest_route=%2Fwp%2Fv2%2Fmedia&parent=8546"}],"wp:term":[{"taxonomy":"category","embeddable":true,"href":"http:\/\/www.korhanyilmaz.com\/index.php?rest_route=%2Fwp%2Fv2%2Fcategories&post=8546"},{"taxonomy":"post_tag","embeddable":true,"href":"http:\/\/www.korhanyilmaz.com\/index.php?rest_route=%2Fwp%2Fv2%2Ftags&post=8546"}],"curies":[{"name":"wp","href":"https:\/\/api.w.org\/{rel}","templated":true}]}}