{"id":8542,"date":"2009-04-24T11:12:54","date_gmt":"2009-04-24T08:12:54","guid":{"rendered":"http:\/\/www.korhanyilmaz.com\/?p=8542"},"modified":"2009-04-24T11:12:54","modified_gmt":"2009-04-24T08:12:54","slug":"kilic%e2%80%99tan-hukumete-sinirsiz-guc-uyarisi","status":"publish","type":"post","link":"http:\/\/www.korhanyilmaz.com\/?p=8542","title":{"rendered":"K\u0131l\u0131\u00e7\u2019tan h\u00fck\u00fcmete s\u0131n\u0131rs\u0131z g\u00fc\u00e7 uyar\u0131s\u0131"},"content":{"rendered":"<p style=\"text-align: center;\"><img loading=\"lazy\" decoding=\"async\" class=\"aligncenter size-full wp-image-8543\" title=\"K\u0131l\u0131\u00e7\u2019tan h\u00fck\u00fcmete s\u0131n\u0131rs\u0131z g\u00fc\u00e7 uyar\u0131s\u0131 \" src=\"http:\/\/www.korhanyilmaz.com\/wp-content\/uploads\/2009\/04\/250420090331281616193.jpg\" alt=\"K\u0131l\u0131\u00e7\u2019tan h\u00fck\u00fcmete s\u0131n\u0131rs\u0131z g\u00fc\u00e7 uyar\u0131s\u0131 \" width=\"329\" height=\"210\" \/><\/p>\n<p style=\"text-align: justify;\">Anayasa Mahkemesi Ba\u015fkan\u0131 Ha\u015fim K\u0131l\u0131\u00e7 Anayasa Mahkemesinin yeni binas\u0131n\u0131n a\u00e7\u0131l\u0131\u015f\u0131nda yapt\u0131\u011f\u0131 konu\u015fma ile \u00f6nemli davalarda medya ve siyaset d\u00fcnyas\u0131n\u0131n verdikleri deme\u00e7lerle hakimleri etki alt\u0131na ald\u0131klar\u0131n\u0131 dile getirdi. Ha\u015fim K\u0131l\u0131\u00e7 &#8220;Yarg\u0131 karar\u0131 olmadan su\u00e7lu ilan edilen ki\u015filere kar\u015f\u0131 i\u015flenen su\u00e7 insanl\u0131k su\u00e7udur.&#8221; dedi.<\/p>\n<p style=\"text-align: justify;\">T\u00fcrban yasa\u011f\u0131n\u0131 ve Ergenekon soru\u015fturmas\u0131nda izlenen usulleri ele\u015ftiren Anayasa Mahkemesi Ba\u015fkan\u0131 iktidara da &#8220;g\u00fcc\u00fcn s\u0131n\u0131rs\u0131z de\u011fil&#8221; mesaj\u0131 verdi.<!--more--><\/p>\n<p style=\"text-align: justify;\">Anayasa Mahkemesi&#8217;nin 47. Kurulu\u015f Y\u0131ld\u00f6n\u00fcm\u00fc t\u00f6reninde konu\u015fan Anayasa Mahkemesi Ha\u015fim K\u0131l\u0131\u00e7, demokrasilerde egemenli\u011fin halka ait oldu\u011funu, ancak bunu kullanan siyasi \u00e7o\u011funlu\u011fun otoritesinin s\u0131n\u0131rs\u0131z olmad\u0131\u011f\u0131n\u0131 belirterek, &#8220;Buradaki s\u0131n\u0131r, bireylerin hak ve \u00f6zg\u00fcrl\u00fckleridir&#8221; dedi. K\u0131l\u0131\u00e7, y\u00fcksek mahkemenin yeni binas\u0131nda yapt\u0131\u011f\u0131 konu\u015fmada \u015funlar\u0131 s\u00f6yledi:<\/p>\n<p style=\"text-align: justify;\"><strong>\u00d6ZG\u00dcRL\u00dcK VE OTOR\u0130TE:<\/strong> Demokratik anayasalar\u0131n en \u00f6nemli i\u015flevi, siyasi iktidar\u0131 etkili bir \u015fekilde s\u0131n\u0131rland\u0131rmak suretiyle bireyin hak ve \u00f6zg\u00fcrl\u00fcklerini korumakt\u0131r. Anayasalar\u0131n bu i\u015flevi, toplumsal ya\u015fam\u0131n olmazsa olmaz\u0131 olan \u00f6zg\u00fcrl\u00fck ve otorite aras\u0131ndaki denge aray\u0131\u015f\u0131n\u0131n sonucudur. Bireysel \u00f6zg\u00fcrl\u00fckler, ancak otoritenin kullan\u0131m alan\u0131n\u0131n hukuk kurallar\u0131yla belirlendi\u011fi ve s\u0131n\u0131rland\u0131\u011f\u0131 durumlarda g\u00fcvence alt\u0131na al\u0131nabilir. Tarih, s\u0131n\u0131rland\u0131r\u0131lmayan iktidar\u0131n hak ve \u00f6zg\u00fcrl\u00fckler i\u00e7in \u00e7ok ciddi bir tehlike te\u015fkil etti\u011fi hakikatinin canl\u0131 \u015fahididir.<\/p>\n<p style=\"text-align: justify;\"><strong>\u00c7O\u011eUNLU\u011eUN OTOR\u0130TES\u0130:<\/strong> Demokrasilerde elbette egemenlik halka ait olmakla birlikte, egemenli\u011fi kullanan siyasi \u00e7o\u011funlu\u011fun otoritesi de s\u0131n\u0131rs\u0131z de\u011fildir. Buradaki s\u0131n\u0131r, bireylerin hak ve \u00f6zg\u00fcrl\u00fckleridir. Ancak, bu hak ve \u00f6zg\u00fcrl\u00fcklerin belirlenmesi ve korunmas\u0131 s\u00fcrecinde ciddi sorunlar\u0131n ortaya \u00e7\u0131kt\u0131\u011f\u0131 da bir ger\u00e7ektir. Ge\u00e7en y\u00fczy\u0131l\u0131n en \u00f6nemli liberal d\u00fc\u015f\u00fcn\u00fcrlerinden Friedrich Hayek&#8217;in ifade etti\u011fi gibi, demokratik rejimlerin temel meselesini &#8220;halk iradesi&#8217;nin onun \u00fcst\u00fcnde ba\u015fka bir &#8216;irade&#8217;tesis etmeden nas\u0131l s\u0131n\u0131rland\u0131r\u0131laca\u011f\u0131&#8221; konusu olu\u015fturmu\u015ftur. Esasen Hayek&#8217;in bu s\u00f6z\u00fc anayasa yarg\u0131s\u0131n\u0131n varl\u0131\u011f\u0131n\u0131 ve s\u0131n\u0131rlar\u0131n\u0131 belirlemektedir.<\/p>\n<p style=\"text-align: justify;\"><strong>ARTIK \u00c7OK GE\u00c7:<\/strong> Demokrasiyle birlikte hak ve \u00f6zg\u00fcrl\u00fcklerle tan\u0131\u015farak onurunu g\u00fcvence alt\u0131na alan T\u00fcrkiye halk\u0131n\u0131 bu tercihinden geri d\u00f6nd\u00fcrmek i\u00e7in vakit art\u0131k \u00e7ok ge\u00e7tir. Demokratik ilkeleri hayat\u0131n i\u00e7ine katarak bir ya\u015fam bi\u00e7imine d\u00f6n\u00fc\u015ft\u00fcren halk\u0131m\u0131z\u0131 bundan vazge\u00e7irme \u00e7abalar\u0131n\u0131n hi\u00e7 \u015fans\u0131 yoktur. \u00c7o\u011fulculu\u011fun kar\u015f\u0131t\u0131 olan tek inan\u00e7 ve tek d\u00fc\u015f\u00fcnce insanlar\u0131 iki y\u00fczl\u00fc olmaya ve kendine ait olmayan bir hayat\u0131 ya\u015famaya mecbur eder.<\/p>\n<p style=\"text-align: justify;\"><strong>D\u0130N VE LA\u0130KL\u0130K: <\/strong>Din ve laiklik kavramlar\u0131 bir tak\u0131m siyasi hareketlere stratejik ve lojistik destek sa\u011flarken, bireysel hak ve \u00f6zg\u00fcrl\u00fckler alan\u0131nda ise daralmalara neden olmu\u015ftur.<\/p>\n<p style=\"text-align: justify;\"><strong>YARGI TARAFSIZLI\u011eI:<\/strong> Bir yarg\u0131c\u0131n tarafs\u0131zl\u0131\u011f\u0131 onun onurudur. Yarg\u0131\u00e7, vicdan\u0131nda kurulan mahkemede tarafs\u0131zl\u0131\u011f\u0131n\u0131 etkileyecek duygular\u0131na, \u00f6znel d\u00fc\u015f\u00fcncesine ve \u00f6fkesine kay\u0131ts\u0131z kalmak zorundad\u0131r. Vicdan\u0131 etkileyen dostluk ve d\u00fc\u015fmanl\u0131k duygular\u0131, yarg\u0131c\u0131n tarafs\u0131zl\u0131\u011f\u0131n\u0131 ortadan kald\u0131r\u0131r. Hakimin verdi\u011fi veya verece\u011fi ho\u015fa gitmeyen kararlar nedeniyle i\u00e7inde ya\u015fad\u0131\u011f\u0131 sosyal \u00e7evreden d\u0131\u015flanma korkusu, meslek onuru ile asla ba\u011fda\u015fmayan bir duygu olup, bu mahalle bask\u0131s\u0131ndan kendini kurtarmas\u0131, tarafs\u0131zl\u0131\u011f\u0131na yapaca\u011f\u0131 en \u00f6nemli katk\u0131 olur.<\/p>\n<p style=\"text-align: justify;\"><strong>\u00d6ZEL HAYAT: <\/strong>Her \u00f6nemli davada yarg\u0131 siyasi d\u00fc\u015f\u00fcncelerle ku\u015fat\u0131lmakta, mahkeme hakimlerinden \u00f6nce, medya ve siyaset d\u00fcnyas\u0131n\u0131n yarg\u0131\u00e7lar\u0131 kararlar\u0131n\u0131 vererek davay\u0131 sonu\u00e7land\u0131rmaktad\u0131r. Mahkemeleri y\u00f6nlendirme ve etkileme \u00e7abalar\u0131 ile hakimlerin ve savc\u0131lar\u0131n \u00f6zel hayatlar\u0131n\u0131n didiklenerek vicdani kanaatlerinden uzakla\u015ft\u0131rma gayretleri su\u00e7tur. Savc\u0131lar\u0131m\u0131z\u0131n i\u015flenen bu su\u00e7lara kar\u015f\u0131 hareketsizli\u011fi d\u00fc\u015f\u00fcnd\u00fcr\u00fcc\u00fc ve \u00fcz\u00fcc\u00fcd\u00fcr.<\/p>\n<p style=\"text-align: justify;\"><strong>ERGENEKON:<\/strong> Yarg\u0131 karar\u0131 olmadan su\u00e7lu ilan edilen insanlar\u0131n onurlar\u0131 yok edilmektedir. Bu bir insanl\u0131k su\u00e7udur. Yasalar\u0131 uygulama a\u015famas\u0131ndaki \u00f6zensizlikler insanlar\u0131n haysiyet ve \u015ferefi \u00fczerinde onar\u0131lmas\u0131 g\u00fc\u00e7 yaralar a\u00e7maktad\u0131r. \u0130nsan onuru ve ki\u015fi dokunulmazl\u0131\u011f\u0131, insan haklar\u0131 sisteminin ve insan haklar\u0131 bildirilerinin en \u00f6nemli dayana\u011f\u0131 ve anayasa&#8217;n\u0131n da \u00fcst\u00fcnde yer alan tek de\u011ferdir. Yok edilen insanl\u0131k onurunun do\u011furdu\u011fu \u00f6fke, demokrasiden ve hukuk devletinden intikam alma duygusuna d\u00f6n\u00fc\u015fmeden gerekli olan her t\u00fcrl\u00fc d\u00fczenleme acilen yap\u0131lmal\u0131d\u0131r.<\/p>\n<p style=\"text-align: justify;\"><strong>K\u0131l\u0131\u00e7 yeni binas\u0131n\u0131 \u00e7ok sevdi<\/strong><\/p>\n<p style=\"text-align: justify;\">Anayasa Mahkemesi&#8217;nin yakla\u015f\u0131k 55.6 milyon TL&#8217;ye mal olan yeni binas\u0131n\u0131n a\u00e7\u0131l\u0131\u015f\u0131 y\u00fcksek mahkemenin kurulu\u015f y\u0131ld\u00f6n\u00fcm\u00fcnde yap\u0131ld\u0131. Ha\u015fim K\u0131l\u0131\u00e7 yeni binan\u0131n y\u00fcce divan salonunda Anadolu Ajans\u0131 muhabirlerine poz verdi. K\u0131l\u0131\u00e7 a\u00e7\u0131l\u0131\u015fta yapt\u0131\u011f\u0131 konu\u015fmada ise yarg\u0131n\u0131n sorunlar\u0131 nedeniyle de h\u00fck\u00fcmeti ele\u015ftirdi. K\u0131l\u0131\u00e7, &#8220;Yarg\u0131 reformu y\u0131llard\u0131r bitmeyen bir senfoniye d\u00f6n\u00fc\u015fm\u00fc\u015ft\u00fcr. Hemen her d\u00f6nemde bu konuda \u00e7al\u0131\u015fmalar ve tart\u0131\u015fmalar yap\u0131lm\u0131\u015f, beyanatlar verilmi\u015f ancak bir t\u00fcrl\u00fc hayata ge\u00e7irilememi\u015ftir&#8221; dedi.<\/p>\n<p style=\"text-align: justify;\"><strong>Vazge\u00e7ilmez kurum AYM<\/strong><\/p>\n<p style=\"text-align: justify;\">TBMM Ba\u015fkan\u0131 K\u00f6ksal Toptan, Anayasa Mahkemesinin Kurulu\u015funun 47. y\u0131l d\u00f6n\u00fcm\u00fcnde yapt\u0131\u011f\u0131 yaz\u0131l\u0131 a\u00e7\u0131klamada &#8220;Yasalar\u0131n, yasa g\u00fcc\u00fcnde kararnamelerin ve TBMM \u0130\u00e7t\u00fcz\u00fc\u011f\u00fcn\u00fcn Anayasaya uygunlu\u011funun denetimini yapan Anayasa Mahkemesi, hukuk devleti ilkesinin korunmas\u0131 ve hukukun \u00fcst\u00fcnl\u00fc\u011f\u00fcn\u00fcn sa\u011flanmas\u0131 y\u00f6n\u00fcnde hayati bir g\u00f6rev yerine getirmektedir&#8221; dedi.<\/p>\n<p style=\"text-align: justify;\"><strong>HEYKELLER\u0130 G\u00dcL A\u00c7TI<\/strong><\/p>\n<p style=\"text-align: justify;\">Cumhurba\u015fkan\u0131 Abdullah G\u00fcl, mahkemenin ana giri\u015findeki Atat\u00fcrk heykeli ve di\u011fer iki heykelin a\u00e7\u0131l\u0131\u015f\u0131na da ger\u00e7ekle\u015ftirdi. G\u00fcl t\u00f6rende yapt\u0131\u011f\u0131 konu\u015fmada \u015funlar\u0131 s\u00f6yledi: &#8220;Cumhuriyetimizin Anayasa&#8217;da belirtilen niteliklerinin korunarak hukuk sistemimizin geli\u015ftirilmesiyle demokrasi ve insan haklar\u0131 standartlar\u0131m\u0131z\u0131n y\u00fckseltilmesinde Anayasa Mahkemesi&#8217;nin de de\u011ferli ve yol g\u00f6sterici katk\u0131lar\u0131n\u0131n olaca\u011f\u0131na inan\u0131yorum.&#8221;<\/p>\n<p style=\"text-align: justify;\"><strong>\u2018Marangoz hatas\u0131&#8217; d\u00fczeltildi<\/strong><\/p>\n<p style=\"text-align: justify;\">Anayasa Mahkemesi&#8217;nin yeni binas\u0131ndaki bir ba\u015fka s\u00fcrpriz ise Y\u00fcce Divan salonunda avukatlarla savc\u0131lar\u0131n kar\u015f\u0131l\u0131kl\u0131 ve ayn\u0131 seviyede oturmalar\u0131na y\u00f6nelik d\u00fczenleme oldu. Avukatlar\u0131n tepkisini \u00e7eken ve &#8220;marangoz hatas\u0131&#8221; ele\u015ftirilerine neden olan mahkemelerde savc\u0131lar\u0131n k\u00fcrs\u00fcde mahkeme heyetinin yan\u0131nda oturmas\u0131 uygulamas\u0131na ilk defa son veren yeni d\u00fczenlemenin arkas\u0131nda Anayasa Mahkemesi&#8217;nin avukat k\u00f6kenli \u00fcyesi Serruh Kaleli&#8217;nin oldu\u011fu \u00f6\u011frenildi. Yeni d\u00fczenlemeye g\u00f6re, savc\u0131lar, Y\u00fcce Divan heyetinin oturdu\u011fu k\u00fcrs\u00fcn\u00fcn sol taraf\u0131nda ve sa\u011f tarafta oturan avukatlarla ayn\u0131 seviyede ve kar\u015f\u0131 kar\u015f\u0131ya oturacaklar.<\/p>\n<p style=\"text-align: justify;\"><span style=\"color: #888888;\">Kaynak : Vatan<\/span><\/p>\n<p style=\"text-align: justify;\">\n","protected":false},"excerpt":{"rendered":"<p style=\"text-align: center;\">\n<p style=\"text-align: justify;\">Anayasa Mahkemesi Ba\u015fkan\u0131 Ha\u015fim K\u0131l\u0131\u00e7 Anayasa Mahkemesinin yeni binas\u0131n\u0131n a\u00e7\u0131l\u0131\u015f\u0131nda yapt\u0131\u011f\u0131 konu\u015fma ile \u00f6nemli davalarda medya ve siyaset d\u00fcnyas\u0131n\u0131n verdikleri deme\u00e7lerle hakimleri etki alt\u0131na ald\u0131klar\u0131n\u0131 dile getirdi. Ha\u015fim K\u0131l\u0131\u00e7 &#8220;Yarg\u0131 karar\u0131 olmadan su\u00e7lu ilan edilen ki\u015filere kar\u015f\u0131 i\u015flenen su\u00e7 insanl\u0131k su\u00e7udur.&#8221; dedi.<\/p>\n<p style=\"text-align: justify;\">T\u00fcrban yasa\u011f\u0131n\u0131 ve Ergenekon soru\u015fturmas\u0131nda izlenen <\/p>\n","protected":false},"author":1,"featured_media":0,"comment_status":"open","ping_status":"closed","sticky":false,"template":"","format":"standard","meta":{"footnotes":""},"categories":[105],"tags":[],"class_list":["post-8542","post","type-post","status-publish","format-standard","hentry","category-gundem","odd"],"_links":{"self":[{"href":"http:\/\/www.korhanyilmaz.com\/index.php?rest_route=\/wp\/v2\/posts\/8542","targetHints":{"allow":["GET"]}}],"collection":[{"href":"http:\/\/www.korhanyilmaz.com\/index.php?rest_route=\/wp\/v2\/posts"}],"about":[{"href":"http:\/\/www.korhanyilmaz.com\/index.php?rest_route=\/wp\/v2\/types\/post"}],"author":[{"embeddable":true,"href":"http:\/\/www.korhanyilmaz.com\/index.php?rest_route=\/wp\/v2\/users\/1"}],"replies":[{"embeddable":true,"href":"http:\/\/www.korhanyilmaz.com\/index.php?rest_route=%2Fwp%2Fv2%2Fcomments&post=8542"}],"version-history":[{"count":0,"href":"http:\/\/www.korhanyilmaz.com\/index.php?rest_route=\/wp\/v2\/posts\/8542\/revisions"}],"wp:attachment":[{"href":"http:\/\/www.korhanyilmaz.com\/index.php?rest_route=%2Fwp%2Fv2%2Fmedia&parent=8542"}],"wp:term":[{"taxonomy":"category","embeddable":true,"href":"http:\/\/www.korhanyilmaz.com\/index.php?rest_route=%2Fwp%2Fv2%2Fcategories&post=8542"},{"taxonomy":"post_tag","embeddable":true,"href":"http:\/\/www.korhanyilmaz.com\/index.php?rest_route=%2Fwp%2Fv2%2Ftags&post=8542"}],"curies":[{"name":"wp","href":"https:\/\/api.w.org\/{rel}","templated":true}]}}