{"id":8529,"date":"2009-04-19T16:19:32","date_gmt":"2009-04-19T13:19:32","guid":{"rendered":"http:\/\/www.korhanyilmaz.com\/?p=8529"},"modified":"2009-04-19T16:19:32","modified_gmt":"2009-04-19T13:19:32","slug":"belediyenin-karaman-aski","status":"publish","type":"post","link":"http:\/\/www.korhanyilmaz.com\/?p=8529","title":{"rendered":"Belediyenin Karaman a\u015fk\u0131"},"content":{"rendered":"<p style=\"text-align: center;\"><img loading=\"lazy\" decoding=\"async\" class=\"size-full wp-image-8530 aligncenter\" title=\"Belediyenin Karaman a\u015fk\u0131 \" src=\"http:\/\/www.korhanyilmaz.com\/wp-content\/uploads\/2009\/04\/200420090433125128069.jpg\" alt=\"Belediyenin Karaman a\u015fk\u0131 \" width=\"329\" height=\"210\" \/><\/p>\n<p style=\"text-align: justify;\"><strong>\u0130stanbul Belediyesi Ad\u0131 Almanya&#8217;daki Deniz Feneri e.V. davas\u0131nda ge\u00e7en Zekeriya Karaman&#8217;\u0131n ortak oldu\u011fu \u015firkete &#8216;acil&#8217; olarak verildi. <\/strong><\/p>\n<p style=\"text-align: justify;\">\u0130stanbul B\u00fcy\u00fck\u015fehir Belediyesi&#8217;ne ba\u011fl\u0131 Dar\u00fclaceze M\u00fcd\u00fcrl\u00fc\u011f\u00fc, m\u00fcd\u00fcrl\u00fc\u011fe ba\u011fl\u0131 Kartal \u00c7ocuk Evi, \u0130smem, Yakac\u0131k Huzur Evi ve Dar\u00fclaceze Kay\u0131\u015fda\u011f\u0131 Tesisleri&#8217;nde bar\u0131nan 1240 ki\u015finin 2009 y\u0131l\u0131 i\u00e7erisindeki h\u00fcr t\u00fcrl\u00fc bireysel bak\u0131m, sa\u011fl\u0131k kontrol\u00fcn\u00fcn sa\u011flanmas\u0131, yemek, g\u00fcnl\u00fck ya\u015fam aktiviteleri ile rehabilitasyon ihtiya\u00e7lar\u0131n\u0131n kar\u015f\u0131lanmas\u0131 i\u00e7in, 25 Aral\u0131k 2008 tarihinde hizmet al\u0131m ihalesi d\u00fczenledi. <!--more--><\/p>\n<p style=\"text-align: justify;\"><strong>Mepa Medya&#8217;da tan\u0131d\u0131k isimler <\/strong><\/p>\n<p style=\"text-align: justify;\">A\u00e7\u0131k usulle ger\u00e7ekle\u015ftirilen ihaleye kat\u0131lmak i\u00e7in 11 firma ihale d\u00f6k\u00fcman\u0131 sat\u0131n al\u0131rken, 2 firma ihaleye teklif verebildi. Yap\u0131lan de\u011ferlendirme sonucunda ihaleyi, 31 milyon 484 bin liral\u0131k tek ge\u00e7erli teklifi veren Mepa Medya Pazarlama ve Prod\u00fcksiyon Hizmetleri Limited \u015eirketi kazand\u0131. \u0130haleyi alan \u015firketin ortaklar\u0131 aras\u0131nda Beyaz Holding de bulunuyor. Beyaz Holding&#8217;in ortaklar\u0131ndan biri ise Almanya&#8217;daki Deniz Feneri yolsuzlu\u011fuyla g\u00fcndeme gelen ve \u0130BB&#8217;den ald\u0131\u011f\u0131 tart\u0131\u015fmal\u0131 ihalelerle dikkati \u00e7eken Kanal 7 Y\u00f6netim Kurulu Ba\u015fkan\u0131 Zekeriya Karaman.<\/p>\n<p style=\"text-align: justify;\">Mepa Medya&#8217;n\u0131n kazand\u0131\u011f\u0131 bu ihale, 4 \u015firket taraf\u0131ndan K\u0130K&#8217;e \u015fikayet edildi. Bu \u015fikayetlerden Alsan Akaryak\u0131t Temizlik Hizmetleri&#8217;nin \u015fikayeti kabul edildi.<\/p>\n<p style=\"text-align: justify;\"><strong>T\u00fcz\u00fck ve y\u00f6netmeliklere ayk\u0131r\u0131<\/strong><\/p>\n<p style=\"text-align: justify;\">Kamu \u0130hale Kurumu yapt\u0131\u011f\u0131 incelemede ihaleyi, ihale \u015fartnamesinde gece \u00e7al\u0131\u015fma saatlerinin 17.00-08.30 olarak belirlenmesinin, i\u015f kanunu ve ilgili y\u00f6netmelik h\u00fck\u00fcmlerine ayk\u0131r\u0131 olmas\u0131 ve i\u015fi alacak firman\u0131n sorumlu\u011funda olmayan hususlarla ilgili de cezai yapt\u0131r\u0131mlar\u0131n bulunmas\u0131n\u0131 yasa, t\u00fcz\u00fck ve y\u00f6netmeliklere ayk\u0131r\u0131 bularak, 23 \u015eubat 2009 tarihinde iptal etti.<\/p>\n<p style=\"text-align: justify;\">K\u0130K&#8217;in bu karar\u0131ndan tam \u00fc\u00e7 g\u00fcn sonra yani 26 \u015eubat 2009 tarihinde \u0130BB, &#8220;2009 Y\u0131l\u0131 \u0130stanbul Dar\u00fclaceze M\u00fcd\u00fcrl\u00fc\u011f\u00fc 4 Ayl\u0131k Sakin Bak\u0131m Hizmet \u0130\u015fi&#8221; ad\u0131 alt\u0131nda yeni bir ihale ger\u00e7ekle\u015ftirdi. \u0130lans\u0131z olarak davet usul\u00fcyle ger\u00e7ekle\u015ftirilen ve \u0130hale Kanunu&#8217;nun 21-b maddesine g\u00f6re ger\u00e7ekle\u015ftirilen ihaleye, ilk ihaleyi kazanan Mepa Medya Pazarlama d\u0131\u015f\u0131nda kat\u0131lan ve teklif veren firma olmad\u0131.<\/p>\n<p style=\"text-align: justify;\">Mepa Medya Pazarlama ve Prod\u00fcksiyon Hizmetleri Limited \u015eirketi, tek ba\u015f\u0131na kat\u0131ld\u0131\u011f\u0131 bu ihaleyi 11 milyon 71 bin 798 lira teklifle kazand\u0131 ve \u015firketle 4 Mart 2009 tarihinde s\u00f6zle\u015fme imzaland\u0131.<\/p>\n<p style=\"text-align: justify;\"><strong>\u0130haleye eski unvan\u0131yla girdi<\/strong><\/p>\n<p style=\"text-align: justify;\">Bu arada Mepa Medya&#8217;n\u0131n, 15 Aral\u0131k 2008 tarihinde unvan\u0131n\u0131 Lapis E\u011fitim Organizasyon olarak de\u011fi\u015ftirmesine ra\u011fmen, 25 Aral\u0131k 2008 ve 26 \u015eubat 2009 tarihli ihalelere eski \u00fcnvan\u0131yla kat\u0131lmas\u0131 dikkat \u00e7ekti. \u0130haleyi kazanan \u015firketin, ihale tarihinden 6 g\u00fcn \u00f6nce ama\u00e7 ve konusunda de\u011fi\u015fikli\u011fe gitmesi ise dikkat \u00e7ekti. Ticaret Sicil Gazetesi kay\u0131tlar\u0131na g\u00f6re 25 Aral\u0131k tarihindeki ihaleden 6 g\u00fcn \u00f6nce 19 Aral\u0131k tarihinde \u015firket ortaklar\u0131, &#8220;ama\u00e7 ve konu tadili&#8221; i\u00e7in topland\u0131.<\/p>\n<p style=\"text-align: justify;\">Toplant\u0131 neticesinde, 15 Aral\u0131k 2008 tarihinde isim de\u011fi\u015fikli\u011fine giden \u015firket, ama\u00e7 ve konu ba\u015fl\u0131\u011f\u0131 alt\u0131na, &#8220;\u0130nsan sa\u011fl\u0131\u011f\u0131 ve toplum sa\u011fl\u0131\u011f\u0131 ile ilgili her nevi muayene, huzurevi, klinik, sa\u011fl\u0131k merkezi, dispanser, sa\u011fl\u0131k evi, sa\u011fl\u0131k dan\u0131\u015fma merkezi, do\u011fum evi, jimnastik salonu, fizyoterapi salonu, \u00e7ocuk kre\u015fi, hastane, bak\u0131mevi, rehabilitasyon merkezi, tan\u0131 ve tedavi merkezi, ba\u011f\u0131mll\u0131k tedavi merkezleri, diyaliz merkezi, g\u00f6r\u00fcnt\u00fcleme merkezi, ila\u00e7 deposu ve benzeri tesisleri kurmak, i\u015fletmek, kamu ve \u00f6zel ihalelere girmek&#8230;&#8221; \u015feklinde bir madde ekletti. Bu maddeyle \u015firketin ihale \u015fartnamesine uygun hale getirildi\u011fi iddia edildi. .<\/p>\n<p style=\"text-align: justify;\"><strong>21-b acil durum hallerinde uygulan\u0131yor<\/strong><\/p>\n<p style=\"text-align: justify;\">Kamu \u0130hale Kanunu madde 21; a\u015fa\u011f\u0131da belirtilen hallerde pazarl\u0131k usul\u00fc ile ihale yap\u0131labilir; b) Do\u011fal afetler, salg\u0131n hastal\u0131klar, can veya mal kayb\u0131 tehlikesi gibi ani ve beklenmeyen veya idare taraf\u0131ndan \u00f6nceden \u00f6ng\u00f6r\u00fclemeyen olaylar\u0131n ortaya \u00e7\u0131kmas\u0131 \u00fczerine ihalenin ivedi olarak yap\u0131lmas\u0131n\u0131n zorunlu olmas\u0131.<\/p>\n<p style=\"text-align: justify;\"><strong>Alman savc\u0131 sorumlu tutmu\u015ftu<\/strong><\/p>\n<p style=\"text-align: justify;\">Almanya&#8217;daki Deniz Feneri Derne\u011fi e.V&#8217;deki yolsuzlukla ilgili davada savc\u0131 Kerstin L\u00f6tz, Almanya&#8217;daki san\u0131klar\u0131n as\u0131l failler olmad\u0131\u011f\u0131n\u0131, as\u0131l faiilerin T\u00fcrkiye&#8217;de oldu\u011funu belirterek, t\u00fcm yap\u0131lanlardan Deniz Feneri kurucular\u0131ndan Kanal 7 y\u00f6netim kurulu ba\u015fkan\u0131 Zekeriya Karaman&#8217;\u0131 sorumlu tutmu\u015ftu. Savc\u0131 L\u00f6tz Mehmet G\u00fcrhan, Mehmet Ta\u015fkan ve Firdevsi Ermi\u015f&#8217;in yarg\u0131land\u0131\u011f\u0131 davada bu san\u0131klar\u0131n i\u015f ba\u015f\u0131nda g\u00f6r\u00fcld\u00fcklerini ancak t\u00fcm y\u00f6netim ve kontrol\u00fcn T\u00fcrkiye&#8217;den yap\u0131ld\u0131\u011f\u0131n\u0131 ve Zekeriya Karaman isminin \u00f6n plana \u00e7\u0131kt\u0131\u011f\u0131n\u0131 ileri s\u00fcrm\u00fc\u015ft\u00fc. Karaman ise bu haberleri yalanlam\u0131\u015ft\u0131.<\/p>\n<p style=\"text-align: justify;\"><span style=\"color: #888888;\">Kaynak : Vatan<\/span><\/p>\n","protected":false},"excerpt":{"rendered":"<p style=\"text-align: center;\">\n<p style=\"text-align: justify;\">\u0130stanbul Belediyesi Ad\u0131 Almanya&#8217;daki Deniz Feneri e.V. davas\u0131nda ge\u00e7en Zekeriya Karaman&#8217;\u0131n ortak oldu\u011fu \u015firkete &#8216;acil&#8217; olarak verildi. <\/p>\n<p style=\"text-align: justify;\">\u0130stanbul B\u00fcy\u00fck\u015fehir Belediyesi&#8217;ne ba\u011fl\u0131 Dar\u00fclaceze M\u00fcd\u00fcrl\u00fc\u011f\u00fc, m\u00fcd\u00fcrl\u00fc\u011fe ba\u011fl\u0131 Kartal \u00c7ocuk Evi, \u0130smem, Yakac\u0131k Huzur Evi ve Dar\u00fclaceze Kay\u0131\u015fda\u011f\u0131 Tesisleri&#8217;nde bar\u0131nan 1240 ki\u015finin 2009 y\u0131l\u0131 i\u00e7erisindeki h\u00fcr t\u00fcrl\u00fc bireysel bak\u0131m, sa\u011fl\u0131k <\/p>\n","protected":false},"author":1,"featured_media":0,"comment_status":"open","ping_status":"closed","sticky":false,"template":"","format":"standard","meta":{"footnotes":""},"categories":[105],"tags":[],"class_list":["post-8529","post","type-post","status-publish","format-standard","hentry","category-gundem","odd"],"_links":{"self":[{"href":"http:\/\/www.korhanyilmaz.com\/index.php?rest_route=\/wp\/v2\/posts\/8529","targetHints":{"allow":["GET"]}}],"collection":[{"href":"http:\/\/www.korhanyilmaz.com\/index.php?rest_route=\/wp\/v2\/posts"}],"about":[{"href":"http:\/\/www.korhanyilmaz.com\/index.php?rest_route=\/wp\/v2\/types\/post"}],"author":[{"embeddable":true,"href":"http:\/\/www.korhanyilmaz.com\/index.php?rest_route=\/wp\/v2\/users\/1"}],"replies":[{"embeddable":true,"href":"http:\/\/www.korhanyilmaz.com\/index.php?rest_route=%2Fwp%2Fv2%2Fcomments&post=8529"}],"version-history":[{"count":0,"href":"http:\/\/www.korhanyilmaz.com\/index.php?rest_route=\/wp\/v2\/posts\/8529\/revisions"}],"wp:attachment":[{"href":"http:\/\/www.korhanyilmaz.com\/index.php?rest_route=%2Fwp%2Fv2%2Fmedia&parent=8529"}],"wp:term":[{"taxonomy":"category","embeddable":true,"href":"http:\/\/www.korhanyilmaz.com\/index.php?rest_route=%2Fwp%2Fv2%2Fcategories&post=8529"},{"taxonomy":"post_tag","embeddable":true,"href":"http:\/\/www.korhanyilmaz.com\/index.php?rest_route=%2Fwp%2Fv2%2Ftags&post=8529"}],"curies":[{"name":"wp","href":"https:\/\/api.w.org\/{rel}","templated":true}]}}