{"id":8520,"date":"2009-04-20T08:13:40","date_gmt":"2009-04-20T05:13:40","guid":{"rendered":"http:\/\/www.korhanyilmaz.com\/?p=8520"},"modified":"2009-04-20T08:13:40","modified_gmt":"2009-04-20T05:13:40","slug":"mesut-yilmaz-ozel-izinle-haberal%e2%80%99a-gitti","status":"publish","type":"post","link":"http:\/\/www.korhanyilmaz.com\/?p=8520","title":{"rendered":"Mesut Y\u0131lmaz \u00f6zel izinle Haberal\u2019a gitti"},"content":{"rendered":"<p style=\"text-align: center;\"><img loading=\"lazy\" decoding=\"async\" class=\"size-full wp-image-8521 aligncenter\" title=\"Mesut Y\u0131lmaz \u00f6zel izinle Haberal\u2019a gitti \" src=\"http:\/\/www.korhanyilmaz.com\/wp-content\/uploads\/2009\/04\/200420090431260251266.jpg\" alt=\"Mesut Y\u0131lmaz \u00f6zel izinle Haberal\u2019a gitti \" width=\"329\" height=\"210\" \/><\/p>\n<p style=\"text-align: justify;\"><strong>Ergenekon&#8217;un 12&#8217;inci dalgas\u0131nda tutuklanan Prof. Dr. Mehmet Haberal&#8217;\u0131 hastenede ziyarete gelen eski bakan \u0130stemihan Talay ilgin\u00e7 bir iddia ortaya att\u0131 <\/strong><\/p>\n<p style=\"text-align: justify;\">Ergenekon soru\u015fturmas\u0131 kapsam\u0131nda tutuklanan ve Metris Cezaevi&#8217;nde rahats\u0131zlan\u0131nca \u0130stanbul \u00dcniversitesi Kardiyoloji Enstit\u00fcs\u00fc&#8217;ne kald\u0131r\u0131lan Prof. Dr. Mehmet Haberal&#8217;a eski siyaset\u00e7ilerden ziyaret\u00e7i ak\u0131n\u0131 ya\u015fand\u0131.<\/p>\n<p style=\"text-align: justify;\">Prof. Mehmet Haberal&#8217;\u0131 d\u00fcn ziyaret edenler aras\u0131nda eski ba\u015fbakanlardan, Rize Milletvekili Mesut Y\u0131lmaz da vard\u0131.<br \/>\nSavc\u0131l\u0131ktan \u00f6zel izinle ziyareti ger\u00e7ekle\u015ftiren Y\u0131lmaz, \u00e7\u0131k\u0131\u015fta &#8220;Morali \u00e7ok bozuk. Yap\u0131lanlar\u0131 hazmedemiyor&#8221; dedi. Bu arada Y\u00d6K Ba\u015fkan\u0131 Yusuf Ziya \u00d6zcan da d\u00fcn Haberal&#8217;\u0131 arayarak sa\u011fl\u0131k durumunu sordu. <!--more-->\n<\/p>\n<p style=\"text-align: justify;\"><strong>&#8216;\u0130stese Cumhurba\u015fkan\u0131 olurdu&#8217;<\/strong><\/p>\n<p style=\"text-align: justify;\">Haberal&#8217;\u0131 eski Ba\u015fbakan Mesut Y\u0131lmaz&#8217;\u0131n d\u0131\u015f\u0131nda eski Meclis Ba\u015fkan\u0131 H\u00fcsamettin Cindoruk, eski \u0130\u00e7i\u015fleri Bakan\u0131 \u0130smet Sezgin, Eski K\u00fclt\u00fcr ve Turizm Bakan\u0131 \u0130stemihan Talay ve eski Bakan \u015e\u00fckr\u00fc Sina G\u00fcrel gibi isimler ziyaret etti. Y\u0131lmaz hastane \u00e7\u0131k\u0131\u015f\u0131 yapt\u0131\u011f\u0131 a\u00e7\u0131klamada &#8220;Hakikaten \u00fclkemizde yarg\u0131 siyasalla\u015fm\u0131\u015f. Bunu T\u00fcrkiye&#8217;deki sayg\u0131n hukuk\u00e7ular ifade ediyor. Ya\u015fanan olaylara ak\u0131l erdirmek m\u00fcmk\u00fcn de\u011fil. Bu b\u00fcy\u00fck bir tehlike&#8221; diye konu\u015ftu. Eski K\u00fclt\u00fcr ve Turizm Bakan\u0131 \u0130stemihan Talay da ziyaret sonras\u0131 yapt\u0131\u011f\u0131 a\u00e7\u0131klamada Haberal i\u00e7in &#8216;pek muhterem bir ki\u015fi&#8217; de\u011ferlendirmesinde bulunarak, Ecevit&#8217;in Haberal&#8217;a Cumhurba\u015fkanl\u0131\u011f\u0131 teklif etti\u011fini, ancak Haberal&#8217;\u0131n &#8216;Ben Meclis&#8217;te se\u00e7ilmi\u015f birisi de\u011filim. Bu g\u00f6revi yapabilecek Meclis&#8217;te g\u00f6rev alan pek \u00e7ok g\u00fczel insan var&#8217; diyerek reddetti\u011fini aktard\u0131.<\/p>\n<p style=\"text-align: justify;\"><span style=\"color: #888888;\">Kaynak : Vatan<\/span><\/p>\n","protected":false},"excerpt":{"rendered":"<p style=\"text-align: center;\">\n<p style=\"text-align: justify;\">Ergenekon&#8217;un 12&#8217;inci dalgas\u0131nda tutuklanan Prof. Dr. Mehmet Haberal&#8217;\u0131 hastenede ziyarete gelen eski bakan \u0130stemihan Talay ilgin\u00e7 bir iddia ortaya att\u0131 <\/p>\n<p style=\"text-align: justify;\">Ergenekon soru\u015fturmas\u0131 kapsam\u0131nda tutuklanan ve Metris Cezaevi&#8217;nde rahats\u0131zlan\u0131nca \u0130stanbul \u00dcniversitesi Kardiyoloji Enstit\u00fcs\u00fc&#8217;ne kald\u0131r\u0131lan Prof. Dr. Mehmet Haberal&#8217;a eski siyaset\u00e7ilerden ziyaret\u00e7i ak\u0131n\u0131 ya\u015fand\u0131.<\/p>\n<p style=\"text-align: justify;\">Prof. Mehmet Haberal&#8217;\u0131 <\/p>\n","protected":false},"author":1,"featured_media":0,"comment_status":"open","ping_status":"closed","sticky":false,"template":"","format":"standard","meta":{"footnotes":""},"categories":[105],"tags":[],"class_list":["post-8520","post","type-post","status-publish","format-standard","hentry","category-gundem","odd"],"_links":{"self":[{"href":"http:\/\/www.korhanyilmaz.com\/index.php?rest_route=\/wp\/v2\/posts\/8520","targetHints":{"allow":["GET"]}}],"collection":[{"href":"http:\/\/www.korhanyilmaz.com\/index.php?rest_route=\/wp\/v2\/posts"}],"about":[{"href":"http:\/\/www.korhanyilmaz.com\/index.php?rest_route=\/wp\/v2\/types\/post"}],"author":[{"embeddable":true,"href":"http:\/\/www.korhanyilmaz.com\/index.php?rest_route=\/wp\/v2\/users\/1"}],"replies":[{"embeddable":true,"href":"http:\/\/www.korhanyilmaz.com\/index.php?rest_route=%2Fwp%2Fv2%2Fcomments&post=8520"}],"version-history":[{"count":0,"href":"http:\/\/www.korhanyilmaz.com\/index.php?rest_route=\/wp\/v2\/posts\/8520\/revisions"}],"wp:attachment":[{"href":"http:\/\/www.korhanyilmaz.com\/index.php?rest_route=%2Fwp%2Fv2%2Fmedia&parent=8520"}],"wp:term":[{"taxonomy":"category","embeddable":true,"href":"http:\/\/www.korhanyilmaz.com\/index.php?rest_route=%2Fwp%2Fv2%2Fcategories&post=8520"},{"taxonomy":"post_tag","embeddable":true,"href":"http:\/\/www.korhanyilmaz.com\/index.php?rest_route=%2Fwp%2Fv2%2Ftags&post=8520"}],"curies":[{"name":"wp","href":"https:\/\/api.w.org\/{rel}","templated":true}]}}