{"id":8506,"date":"2009-04-18T17:34:42","date_gmt":"2009-04-18T14:34:42","guid":{"rendered":"http:\/\/www.korhanyilmaz.com\/?p=8506"},"modified":"2009-04-18T17:34:42","modified_gmt":"2009-04-18T14:34:42","slug":"zileli-vicdanen-cok-rahatim","status":"publish","type":"post","link":"http:\/\/www.korhanyilmaz.com\/?p=8506","title":{"rendered":"Zileli: Vicdanen \u00e7ok rahat\u0131m&#8230;"},"content":{"rendered":"<p style=\"text-align: center;\"><img loading=\"lazy\" decoding=\"async\" class=\"size-full wp-image-8507 aligncenter\" title=\"Zileli: Vicdanen \u00e7ok rahat\u0131m... \" src=\"http:\/\/www.korhanyilmaz.com\/wp-content\/uploads\/2009\/04\/281ebb24c10fa54db4bf0181x.jpg\" alt=\"Zileli: Vicdanen \u00e7ok rahat\u0131m... \" width=\"333\" height=\"175\" \/><\/p>\n<p style=\"text-align: justify;\">Ecevit&#8217;in ba\u015fbakanl\u0131ktan uzakla\u015ft\u0131r\u0131lmak istendi\u011fi iddias\u0131na doktoru Zileli&#8217;nin yan\u0131t\u0131: Bana rapor i\u00e7in bir telkin olmad\u0131. Biz hi\u00e7bir zaman &#8220;Ecevit&#8217;e i\u015fini yapamaz raporu verelim&#8221; diye konu\u015fmad\u0131k..      <img loading=\"lazy\" decoding=\"async\" src=\"http:\/\/img.sabah.com.tr\/i3\/sp.gif\" alt=\"\" width=\"1\" height=\"1\" \/> Ergenekon operasyonlar\u0131yla eski Ba\u015fbakan B\u00fclent Ecevit&#8217;in 2002&#8217;de &#8216;i\u015f g\u00f6remez&#8217; raporuyla siyasetten tasfiye edilmek istendi\u011fi iddialar\u0131 yeniden g\u00fcndemde. Ecevit&#8217;in tedavisini \u00fcstlenen Ba\u015fkent \u00dcniversitesi Hastanesi N\u00f6roloji B\u00f6l\u00fcm\u00fc Ba\u015fkan\u0131 Prof. Dr. Turgut Zileli, bu s\u00fcreci SABAH&#8217;a daha \u00f6nce \u015f\u00f6yle anlatm\u0131\u015ft\u0131:<!--more--><\/p>\n<p style=\"text-align: justify;\">* <strong><em>Ecevit, hastanenize ilk ne zaman geldi?<br \/>\n<\/em><\/strong>Geldi\u011finde parkinson te\u015fhisi vard\u0131. Y\u00fcr\u00fcyebilecek haldeydi ama hareketleri \u00e7ok k\u0131s\u0131tl\u0131yd\u0131. Zek\u00e2s\u0131nda bir \u015fey yoktu. Bize geldi\u011fi zaman ila\u00e7lar\u0131 hi\u00e7 tanzim edilmemi\u015fti.<\/p>\n<p style=\"text-align: justify;\">* <strong><em>Nas\u0131l bir tedavi uygulad\u0131n\u0131z?<br \/>\n<\/em><\/strong>Parkinson&#8217;un tedavisi bellidir. Endopa diye bir ila\u00e7 var. Endopa, v\u00fccutta &#8216;dopamin&#8217; maddesine \u00e7evriliyor.<\/p>\n<p style=\"text-align: justify;\">* <strong><em>\u0130lac\u0131 verdikten sonra hastada ne gibi etkiler, belirtiler olabilir?<br \/>\n<\/em><\/strong>Parkinson, dopamin eksikli\u011fi hastal\u0131\u011f\u0131. Dopamin takviyesiyle d\u00fczeliyor. Y\u00fczde y\u00fcz bir iyile\u015fme de\u011fil ama iyile\u015fiyor. Say\u0131n Ecevit&#8217;in ikinci hastal\u0131\u011f\u0131 da \u00e7ok \u00e7ok \u00f6nemliydi. Ecevit buraya geldi\u011fi zaman fevkalade k\u00f6t\u00fc beslenmi\u015f, zay\u0131f, y\u00fcr\u00fcyemeyecek haldeydi. Ve bak\u0131ms\u0131zd\u0131. Y\u0131kanmam\u0131\u015f, temizlenmemi\u015fti. Buraya geldi, beslendi. Asl\u0131nda parkinson i\u00e7in de\u011fil ba\u011f\u0131rsak \u015fik\u00e2yetiyle gelmi\u015fti. Akci\u011ferde &#8217;emboli&#8217; vard\u0131. O s\u0131rada kaburga k\u0131r\u0131\u011f\u0131n\u0131 fark ettik. Evde d\u00fc\u015fm\u00fc\u015f, kimse fark\u0131na varmam\u0131\u015f. 10 g\u00fcn burada tedavi ettik.<\/p>\n<p style=\"text-align: justify;\">* <strong><em>Dopamin, parkinsonda titremeyi engelliyor de\u011fil mi?<br \/>\n<\/em><\/strong>Gayet tabii. Titreme durduruldu. Ecevit&#8217;in ba\u015fbakanl\u0131k yapamayaca\u011f\u0131 noktas\u0131nda en ufac\u0131k bir not yoktu. Ama d\u0131\u015far\u0131dan herkes bir \u015feyler s\u00f6yl\u00fcyordu. Bizi politikan\u0131n i\u00e7ine sokmak istiyorlar. Biz doktoruz. Politikayla ne alakam\u0131z var? Hele hasta oldu\u011fu takdirde d\u00fc\u015fmanl\u0131k, milliyet\u00e7ilik olmaz. Hasta vard\u0131r. Ba\u015fbakan da olmaz, cumhurba\u015fkan\u0131 da olmaz. Ben cumhurba\u015fkan\u0131 da ba\u015fbakan da tedavi ettim.<\/p>\n<p style=\"text-align: justify;\">* <strong><em>Sizi bu y\u00fczden su\u00e7luyorlar. &#8216;Hastaya g\u00f6re de\u011fil, ba\u015fbakana g\u00f6re tedavi&#8217; yapt\u0131\u011f\u0131n\u0131z iddias\u0131 var.<br \/>\n<\/em><\/strong>Bana Hitler de Stalin de gelse ayn\u0131 tedaviyi yapar\u0131m. Hekimlikte hi\u00e7bir zaman politik d\u00fc\u015f\u00fcncemiz olmaz. Ecevit&#8217;i hasta olarak g\u00f6rd\u00fck, ba\u015fbakan olarak de\u011fil. Biz hi\u00e7bir zaman Ecevit&#8217;e &#8220;Rapor verelim, i\u015fini yapamaz&#8221; meselesini konu\u015fmad\u0131k. Bir tek kelime konu\u015fulmad\u0131.<\/p>\n<p style=\"text-align: justify;\">* <strong><em>B\u00f6yle bir bask\u0131, telkin oldu mu?<br \/>\n<\/em><\/strong>Hekime bask\u0131 yap\u0131lmaz. M\u00fchim olan Ecevit&#8217;in sa\u011fl\u0131\u011f\u0131yd\u0131. Kaburgas\u0131n\u0131 k\u0131rm\u0131\u015ft\u0131, kontrol i\u00e7in kap\u0131s\u0131na kadar gidildi. Rah\u015fan Han\u0131m, bizi o gece eve almad\u0131.<\/p>\n<p style=\"text-align: justify;\">* <strong><em>Bu bask\u0131 iddialar\u0131 nereden \u00e7\u0131kt\u0131?<br \/>\n<\/em><\/strong>Aralar\u0131nda konu\u015fmu\u015flar. Demi\u015fler ki; Ecevit hasta oldu\u011fu i\u00e7in sa\u011fl\u0131k raporu als\u0131n ve raporlu oldu\u011fu d\u00f6nemde ba\u015fbakanl\u0131\u011fa Devlet Bah\u00e7eli vekalet etsin. Rapor doldu\u011fu zaman Ecevit g\u00f6revinin ba\u015f\u0131na d\u00f6ns\u00fcn. Bunu s\u00f6ylemek H\u00fcsamettin Bey&#8217;e (\u00d6zkan) d\u00fc\u015fm\u00fc\u015f. H\u00fcsamettin Bey rapordan s\u00f6z edince, Rah\u015fan Han\u0131m taraf\u0131ndan terk edilmi\u015f. Tamamen durum bu. Kas\u0131tl\u0131 rapor iddialar\u0131 kesinlikle do\u011fru de\u011fil. Konu\u015fulmad\u0131 bile. Fonksiyonlar\u0131 yerinde olan bir insana ben farkl\u0131 bir rapor veremem ki!<\/p>\n<p style=\"text-align: justify;\">* <strong><em>Say\u0131n Ecevit&#8217;i Ba\u015fkent Hastanesi&#8217;nden ald\u0131ktan sonra GATA&#8217;ya neden g\u00f6t\u00fcrd\u00fcler?<br \/>\n<\/em><\/strong>H\u00fcsamettin Bey, Mehmet Haberal&#8217;\u0131n arkada\u015f\u0131. H\u00fcsamettin Beyler ald\u0131klar\u0131 bir karar\u0131 Ecevit&#8217;e iletmi\u015fler; &#8220;Size rapor alal\u0131m, bir ay istirahat edin. Yerinize Bah\u00e7eli baks\u0131n&#8221; demi\u015f. Bunu duyan Rah\u015fan Ecevit &#8220;Komplo kuruluyor&#8221; diye k\u0131yameti kopard\u0131. Ald\u0131 g\u00f6t\u00fcrd\u00fc hastay\u0131. Bana rapor i\u00e7in herhangi bir telkin olmad\u0131, olamaz da. Rah\u015fan Han\u0131m &#8220;\u015f\u00fcpheli rapor verecekler&#8221; diye buradan al\u0131p GATA&#8217;ya g\u00f6t\u00fcrd\u00fc. Ortopedi b\u00f6l\u00fcm\u00fcne, uzmana g\u00f6t\u00fcrd\u00fcler. Ancak ortopedi bu i\u015flerden anlamaz ki. Tamamen ayr\u0131 bir olay.<\/p>\n<p style=\"text-align: justify;\">* <strong><em>Ortopedik bir hastal\u0131\u011f\u0131 var m\u0131yd\u0131?<br \/>\n<\/em><\/strong>K\u0131r\u0131k dolay\u0131s\u0131yla vard\u0131. Ancak burada tedavi edildi. GATA&#8217;ya g\u00f6t\u00fcr\u00fclmesinin nedeni tamamen buraya g\u00fcvenilmemesi.<\/p>\n<p style=\"text-align: justify;\">* <strong><em>\u00d6l\u00fcm\u00fcnde herhangi bir ku\u015fku g\u00f6r\u00fcyor musunuz?<br \/>\n<\/em><\/strong>B\u00f6yle bir hasta Dan\u0131\u015ftay sald\u0131r\u0131s\u0131nda hayat\u0131n\u0131 kaybeden ba\u015fkan\u0131n cenazesine g\u00f6t\u00fcr\u00fclmemeliydi. Burada tedavisi, bak\u0131m\u0131 yap\u0131ld\u0131. Gayet iyiydi. Ben her g\u00fcn rutin kontrollerini yap\u0131yordum. Bizim sevenlerimiz oldu\u011fu gibi d\u00fc\u015fmanlar\u0131m\u0131z da var. \u00c7amur atmak istiyorlar bize. Burada yap\u0131lmas\u0131 gereken ne varsa yap\u0131ld\u0131. Amerika&#8217;ya da gitse ayn\u0131 tedavi uygulan\u0131rd\u0131. Ben vicdanen rahat\u0131m.\n<\/p>\n<p style=\"text-align: justify;\"><span style=\"color: #888888;\">Kaynak : Sabah<\/span><\/p>\n","protected":false},"excerpt":{"rendered":"<p style=\"text-align: center;\">\n<p style=\"text-align: justify;\">Ecevit&#8217;in ba\u015fbakanl\u0131ktan uzakla\u015ft\u0131r\u0131lmak istendi\u011fi iddias\u0131na doktoru Zileli&#8217;nin yan\u0131t\u0131: Bana rapor i\u00e7in bir telkin olmad\u0131. Biz hi\u00e7bir zaman &#8220;Ecevit&#8217;e i\u015fini yapamaz raporu verelim&#8221; diye konu\u015fmad\u0131k.. Ergenekon operasyonlar\u0131yla eski Ba\u015fbakan B\u00fclent Ecevit&#8217;in 2002&#8217;de &#8216;i\u015f g\u00f6remez&#8217; raporuyla siyasetten tasfiye edilmek istendi\u011fi iddialar\u0131 yeniden g\u00fcndemde. Ecevit&#8217;in tedavisini \u00fcstlenen Ba\u015fkent \u00dcniversitesi Hastanesi N\u00f6roloji B\u00f6l\u00fcm\u00fc Ba\u015fkan\u0131 <\/p>\n","protected":false},"author":1,"featured_media":0,"comment_status":"open","ping_status":"closed","sticky":false,"template":"","format":"standard","meta":{"footnotes":""},"categories":[105],"tags":[],"class_list":["post-8506","post","type-post","status-publish","format-standard","hentry","category-gundem","odd"],"_links":{"self":[{"href":"http:\/\/www.korhanyilmaz.com\/index.php?rest_route=\/wp\/v2\/posts\/8506","targetHints":{"allow":["GET"]}}],"collection":[{"href":"http:\/\/www.korhanyilmaz.com\/index.php?rest_route=\/wp\/v2\/posts"}],"about":[{"href":"http:\/\/www.korhanyilmaz.com\/index.php?rest_route=\/wp\/v2\/types\/post"}],"author":[{"embeddable":true,"href":"http:\/\/www.korhanyilmaz.com\/index.php?rest_route=\/wp\/v2\/users\/1"}],"replies":[{"embeddable":true,"href":"http:\/\/www.korhanyilmaz.com\/index.php?rest_route=%2Fwp%2Fv2%2Fcomments&post=8506"}],"version-history":[{"count":0,"href":"http:\/\/www.korhanyilmaz.com\/index.php?rest_route=\/wp\/v2\/posts\/8506\/revisions"}],"wp:attachment":[{"href":"http:\/\/www.korhanyilmaz.com\/index.php?rest_route=%2Fwp%2Fv2%2Fmedia&parent=8506"}],"wp:term":[{"taxonomy":"category","embeddable":true,"href":"http:\/\/www.korhanyilmaz.com\/index.php?rest_route=%2Fwp%2Fv2%2Fcategories&post=8506"},{"taxonomy":"post_tag","embeddable":true,"href":"http:\/\/www.korhanyilmaz.com\/index.php?rest_route=%2Fwp%2Fv2%2Ftags&post=8506"}],"curies":[{"name":"wp","href":"https:\/\/api.w.org\/{rel}","templated":true}]}}