{"id":8502,"date":"2009-04-14T13:32:14","date_gmt":"2009-04-14T10:32:14","guid":{"rendered":"http:\/\/www.korhanyilmaz.com\/?p=8502"},"modified":"2009-04-14T13:32:14","modified_gmt":"2009-04-14T10:32:14","slug":"erkalin-para-odulu-cyddye-gidecek","status":"publish","type":"post","link":"http:\/\/www.korhanyilmaz.com\/?p=8502","title":{"rendered":"Erkal&#8217;\u0131n para \u00f6d\u00fcl\u00fc \u00c7YDD&#8217;ye gidecek"},"content":{"rendered":"<p><img loading=\"lazy\" decoding=\"async\" class=\"alignleft size-full wp-image-8503\" style=\"margin-left: 10px; margin-right: 10px;\" title=\"7765923\" src=\"http:\/\/www.korhanyilmaz.com\/wp-content\/uploads\/2009\/04\/7765923.gif\" alt=\"7765923\" width=\"160\" height=\"160\" \/><strong><\/strong><\/p>\n<p style=\"text-align: justify;\"><strong>&#8220;Ayd\u0131n Do\u011fan \u00d6d\u00fcl\u00fc&#8221;, tiyatro sanat\u00e7\u0131s\u0131 Genco Erkal&#8217;a verildi. Erkal para \u00f6d\u00fcl\u00fcn\u00fc \u00c7YDD Ba\u015fkan\u0131 T\u00fcrkan Saylan&#8217;a teslim edece\u011fini s\u00f6yledi.<\/strong><\/p>\n<p style=\"text-align: justify;\">Hilton Oteli&#8217;nde ger\u00e7ekle\u015ftirilen \u00f6d\u00fcl t\u00f6reni, sanat\u00e7\u0131 Genco Erkal&#8217;\u0131n\u00a0 sanat ya\u015fam\u0131 ve \u00f6d\u00fcl t\u00f6reninin tan\u0131t\u0131m\u0131 hakk\u0131ndaki video g\u00f6sterimiyle ba\u015flad\u0131.<\/p>\n<p style=\"text-align: justify;\">T\u00f6rende konu\u015fan Ayd\u0131n Do\u011fan Vakf\u0131 Y\u00fcr\u00fctme Kurulu Ba\u015fkan\u0131 Candan Fetvac\u0131,\u00a0 Ayd\u0131n Do\u011fan \u00d6d\u00fcl\u00fc&#8217;n\u00fcn 13 y\u0131ld\u0131r k\u00fclt\u00fcr, sanat veya bilim alan\u0131nda sayg\u0131n,\u00a0 tan\u0131nm\u0131\u015f, T\u00fcrkiye ve d\u00fcnyada \u00f6nemli hizmetlerde bulunmu\u015f ki\u015filere verildi\u011fini\u00a0 an\u0131msatt\u0131.<\/p>\n<p style=\"text-align: justify;\">Bu y\u0131lki \u00f6d\u00fcl\u00fcn konusunun &#8220;tiyatro&#8221; olarak belirlendi\u011fini dile getiren\u00a0 Fetvac\u0131, sanatlar\u0131n en eskisi olan tiyatronun, insan\u0131n var oldu\u011fu s\u00fcrece ona ayna\u00a0 tutacak bir sanat dal\u0131 oldu\u011funu vurgulad\u0131.<!--more--><\/p>\n<p style=\"text-align: justify;\">T\u00fcrkiye&#8217;de tiyatronun zaman zaman siyasi ve ekonomik nedenlerle durgunluk\u00a0 d\u00f6nemleri ya\u015fad\u0131\u011f\u0131n\u0131, ancak her zaman canl\u0131l\u0131\u011f\u0131n\u0131 korudu\u011funu ve toplumun\u00a0 yans\u0131mas\u0131 g\u00f6revini yerine getirdi\u011fini belirten Fetvac\u0131, \u00f6d\u00fcl\u00fcn bu y\u0131lki se\u00e7ici\u00a0 kurulunun Do\u011fan H\u0131zlan, Orhan Alkaya, Lemi Bilgin, Cevat \u00c7apan, Dikmen G\u00fcr\u00fcn,\u00a0 Gencay G\u00fcr\u00fcn, \u00d6zdemir Nutku, Turgut \u00d6zakman, Se\u00e7kin Selvi, Sevda \u015eener ve Ay\u015feg\u00fcl\u00a0 Y\u00fcksel&#8217;den olu\u015ftu\u011funu bildirdi.<\/p>\n<p style=\"text-align: justify;\">\u0130stanbul Valisi Muammer G\u00fcler ise \u00f6d\u00fcl\u00fcn T\u00fcrk k\u00fclt\u00fcr\u00fcne b\u00fcy\u00fck hizmetler\u00a0 sundu\u011funu ifade ederek, Do\u011fan Grubu&#8217;nun e\u011fitim alan\u0131ndaki yat\u0131r\u0131mlar\u0131n\u0131 her zaman\u00a0 takdir ettiklerini s\u00f6yledi.<\/p>\n<p style=\"text-align: justify;\">Ayd\u0131n Do\u011fan \u00f6d\u00fcllerinin kurumsalla\u015ft\u0131\u011f\u0131n\u0131 belirten G\u00fcler, tiyatronun da\u00a0 ya\u015fam\u0131n sahneye yans\u0131mas\u0131 oldu\u011funu dile getirdi.<\/p>\n<p style=\"text-align: justify;\">Konu\u015fmalar\u0131n ard\u0131ndan tiyatro sanat\u00e7\u0131s\u0131 Genco Erkal&#8217;a \u00f6d\u00fcl\u00fcn\u00fc, Do\u011fan\u00a0 Holding Y\u00f6netim Kurulu Ba\u015fkan\u0131 Ayd\u0131n Do\u011fan verdi. \u0130stanbul Valisi G\u00fcler ise\u00a0 Erkal&#8217;a 60 bin liral\u0131k \u00e7eki sundu.<\/p>\n<p style=\"text-align: justify;\"><strong>POL\u0130T\u0130KA B\u00dcT\u00dcN A\u011eIRLI\u011eIYLA HAYATIN \u0130\u00c7\u0130NDE <\/strong><\/p>\n<p style=\"text-align: justify;\">Tiyatro sanat\u00e7\u0131s\u0131 Genco Erkal, kendisini, bu \u00f6d\u00fcle lay\u0131k g\u00f6ren Ayd\u0131n\u00a0 Do\u011fan Vakf\u0131&#8217;na ve se\u00e7ici kurula te\u015fekk\u00fcr etti.<\/p>\n<p style=\"text-align: justify;\">Bu ak\u015famki konu\u015fmas\u0131nda \u00e7ocuklu\u011fundan, babas\u0131ndan, dostlar\u0131ndan,\u00a0 yazarlardan, izleyicilerden ve b\u00fcy\u00fck ustalardan bahsetmeyi planlad\u0131\u011f\u0131n\u0131 anlatan\u00a0 Erkal, \u015f\u00f6yle konu\u015ftu: &#8220;Ancak \u00f6yle bir karanl\u0131k d\u00f6nem ya\u015f\u0131yoruz ki&#8230; Birden bire bak\u0131yorsunuz\u00a0 politika hayat\u0131n i\u00e7ine b\u00fct\u00fcn a\u011f\u0131rl\u0131\u011f\u0131yla giriyor. Hi\u00e7bir \u015fey politikadan ba\u011f\u0131ms\u0131z\u00a0 d\u00fc\u015f\u00fcn\u00fclemez. Bu nedenle 50 y\u0131ld\u0131r politik tiyatro yap\u0131yorum. Ergenekon&#8217;un bug\u00fcnk\u00fc\u00a0 dalgas\u0131 her \u015feyi de\u011fi\u015ftirdi. Yapmay\u0131 d\u00fc\u015f\u00fcnd\u00fc\u011f\u00fcm konu\u015fman\u0131n hi\u00e7bir anlam\u0131 kalmad\u0131.\u00a0 \u00c7\u00fcnk\u00fc bu ba\u015fka bir \u015fey. \u015eu bir ger\u00e7ek ki, bu insanlar bu \u00fclkede muhalefet\u00a0 istemiyorlar. Kesinlikle muhalefet istemiyorlar. Hepimizi belli bir cemaatin\u00a0 neferi yapmadan da rahat etmeyecekler. Bizi de rahat b\u0131rakmayacaklar.&#8221;<\/p>\n<p style=\"text-align: justify;\">T\u00f6rene \u00c7a\u011fda\u015f Ya\u015fam\u0131 Destekleme Derne\u011fi (\u00c7YDD) Genel Ba\u015fkan\u0131 T\u00fcrkan\u00a0 Saylan&#8217;\u0131 da davet etti\u011fini, ancak ya\u015fananlardan \u00e7ok derinden sars\u0131lmas\u0131 ve hasta\u00a0 olmas\u0131 nedeniyle geceye kat\u0131lamad\u0131\u011f\u0131n\u0131 anlatan Erkal, Saylan&#8217;\u0131n aralar\u0131nda\u00a0 olmas\u0131n\u0131 \u00e7ok istedi\u011fini belirtti.<\/p>\n<p style=\"text-align: justify;\">Ayd\u0131nl\u0131k gelece\u011fe ula\u015fmada en b\u00fcy\u00fck sorunun e\u011fitim oldu\u011funu dile getiren\u00a0 Erkal, &#8220;Ama nas\u0131l e\u011fitim? \u0130nsana kul olmay\u0131 \u00f6\u011freten bir e\u011fitim de\u011fil, kendi\u00a0 kaderini kendi \u00e7izen, \u00f6zg\u00fcn bir insan olmay\u0131 gerekti\u011fine inand\u0131\u011f\u0131m bir e\u011fitim. Bu\u00a0 nedenle bu de\u011ferli \u00f6d\u00fcl\u00fcn onurunu kendime ay\u0131r\u0131p, parasal yan\u0131n\u0131 e\u011fitime\u00a0 ba\u011f\u0131\u015flayaca\u011f\u0131m. Bu \u00e7eki T\u00fcrkan Saylan&#8217;a verece\u011fim. Onun bu paray\u0131 en iyi \u015fekilde\u00a0 de\u011ferlendirece\u011fine inanc\u0131m sonsuz. Yar\u0131n sabah evinde ziyaret ederek, bu \u00e7eki\u00a0 kendisine ula\u015ft\u0131raca\u011f\u0131m&#8221; diye konu\u015ftu.<\/p>\n<p style=\"text-align: justify;\">Mini bir konserle sona eren t\u00f6rene, \u0130stanbul Valisi Muammer G\u00fcler&#8217;in e\u015fi\u00a0 Neval G\u00fcler, Do\u011fan Yay\u0131n Holding \u0130cra Kurulu Ba\u015fkan\u0131 Mehmet Ali Yal\u00e7\u0131nda\u011f, Vuslat\u00a0 Do\u011fan Sabanc\u0131, Beg\u00fcmhan Do\u011fan Faralyal\u0131, Altan \u00d6ymen, Rutkay Aziz, Tar\u0131k Akan,\u00a0 Derya Sazak ve G\u00fcneri Civao\u011flu&#8217;nun da aralar\u0131nda bulundu\u011fu i\u015f ve sanat\u00a0 d\u00fcnyas\u0131ndan davetliler kat\u0131ld\u0131.<\/p>\n<p style=\"text-align: justify;\"><span style=\"color: #888888;\">Kaynak : H\u00fcrriyet<\/span><\/p>\n<p style=\"text-align: justify;\">\n","protected":false},"excerpt":{"rendered":"<\/p>\n<p style=\"text-align: justify;\">&#8220;Ayd\u0131n Do\u011fan \u00d6d\u00fcl\u00fc&#8221;, tiyatro sanat\u00e7\u0131s\u0131 Genco Erkal&#8217;a verildi. Erkal para \u00f6d\u00fcl\u00fcn\u00fc \u00c7YDD Ba\u015fkan\u0131 T\u00fcrkan Saylan&#8217;a teslim edece\u011fini s\u00f6yledi.<\/p>\n<p style=\"text-align: justify;\">Hilton Oteli&#8217;nde ger\u00e7ekle\u015ftirilen \u00f6d\u00fcl t\u00f6reni, sanat\u00e7\u0131 Genco Erkal&#8217;\u0131n sanat ya\u015fam\u0131 ve \u00f6d\u00fcl t\u00f6reninin tan\u0131t\u0131m\u0131 hakk\u0131ndaki video g\u00f6sterimiyle ba\u015flad\u0131.<\/p>\n<p style=\"text-align: justify;\">T\u00f6rende konu\u015fan Ayd\u0131n Do\u011fan Vakf\u0131 Y\u00fcr\u00fctme Kurulu Ba\u015fkan\u0131 Candan Fetvac\u0131, Ayd\u0131n Do\u011fan <\/p>\n","protected":false},"author":1,"featured_media":0,"comment_status":"open","ping_status":"closed","sticky":false,"template":"","format":"standard","meta":{"footnotes":""},"categories":[8],"tags":[],"class_list":["post-8502","post","type-post","status-publish","format-standard","hentry","category-kultur-sanat","odd"],"_links":{"self":[{"href":"http:\/\/www.korhanyilmaz.com\/index.php?rest_route=\/wp\/v2\/posts\/8502","targetHints":{"allow":["GET"]}}],"collection":[{"href":"http:\/\/www.korhanyilmaz.com\/index.php?rest_route=\/wp\/v2\/posts"}],"about":[{"href":"http:\/\/www.korhanyilmaz.com\/index.php?rest_route=\/wp\/v2\/types\/post"}],"author":[{"embeddable":true,"href":"http:\/\/www.korhanyilmaz.com\/index.php?rest_route=\/wp\/v2\/users\/1"}],"replies":[{"embeddable":true,"href":"http:\/\/www.korhanyilmaz.com\/index.php?rest_route=%2Fwp%2Fv2%2Fcomments&post=8502"}],"version-history":[{"count":0,"href":"http:\/\/www.korhanyilmaz.com\/index.php?rest_route=\/wp\/v2\/posts\/8502\/revisions"}],"wp:attachment":[{"href":"http:\/\/www.korhanyilmaz.com\/index.php?rest_route=%2Fwp%2Fv2%2Fmedia&parent=8502"}],"wp:term":[{"taxonomy":"category","embeddable":true,"href":"http:\/\/www.korhanyilmaz.com\/index.php?rest_route=%2Fwp%2Fv2%2Fcategories&post=8502"},{"taxonomy":"post_tag","embeddable":true,"href":"http:\/\/www.korhanyilmaz.com\/index.php?rest_route=%2Fwp%2Fv2%2Ftags&post=8502"}],"curies":[{"name":"wp","href":"https:\/\/api.w.org\/{rel}","templated":true}]}}