{"id":8482,"date":"2009-04-19T09:38:35","date_gmt":"2009-04-19T06:38:35","guid":{"rendered":"http:\/\/www.korhanyilmaz.com\/?p=8482"},"modified":"2009-04-19T09:38:35","modified_gmt":"2009-04-19T06:38:35","slug":"doktorlardan-haberal%e2%80%99a-gece-acil-mudahale","status":"publish","type":"post","link":"http:\/\/www.korhanyilmaz.com\/?p=8482","title":{"rendered":"Doktorlardan Haberal\u2019a gece acil m\u00fcdahale"},"content":{"rendered":"<p style=\"text-align: justify;\"><img loading=\"lazy\" decoding=\"async\" class=\"aligncenter size-full wp-image-8483\" title=\"Ba\u015fkent \u00dcniversitesi Rekt\u00f6r\u00fc Prof. Dr. Mehmet Haberal\" src=\"http:\/\/www.korhanyilmaz.com\/wp-content\/uploads\/2009\/04\/7784082.jpg\" alt=\"Ba\u015fkent \u00dcniversitesi Rekt\u00f6r\u00fc Prof. Dr. Mehmet Haberal\" width=\"200\" height=\"200\" \/><strong>Ergenekon soru\u015fturmas\u0131 kapsam\u0131nda \u00f6nceki g\u00fcn tutuklanan ve g\u00f6t\u00fcr\u00fcld\u00fc\u011f\u00fc Metris Cezaevi&#8217;nde rahats\u0131zlan\u0131nca \u0130stanbul \u00dcniversitesi Kardiyoloji Enstit\u00fcs\u00fc&#8217;ne kald\u0131r\u0131lan Ba\u015fkent \u00dcniversitesi Rekt\u00f6r\u00fc Prof. Dr. Mehmet Haberal&#8217;\u0131n sa\u011fl\u0131k durumu ciddiyetini koruyor.<\/strong><\/p>\n<p style=\"text-align: justify;\">Kalp spazm\u0131 \u015f\u00fcphesiyle hastaneye getirilen ve yo\u011fun bak\u0131mda tedavisi s\u00fcren Haberal&#8217;\u0131n rahats\u0131zl\u0131\u011f\u0131n\u0131n gece artt\u0131\u011f\u0131, doktorlar\u0131n acil m\u00fcdahalede bulundu\u011fu bildirildi. Kardiyoloji Enstit\u00fcs\u00fc M\u00fcd\u00fcr\u00fc Prof. Dr. Erhan Kans\u0131z, &#8220;Tetkikler s\u00fcr\u00fcyor. \u015eikayetlerinde gerileme var. Ancak bir problem geli\u015febilir diye, tetkikleri geni\u015fletece\u011fiz. \u00d6nceden tedavi g\u00f6r\u00fcyormu\u015f. Kardiyolog arkada\u015flar\u0131m\u0131z\u0131n takibinde. Pazartesi (yar\u0131n) belki yo\u011fun bak\u0131mdan \u00e7\u0131kabilir, ancak taburcu edemeyiz. Bir checkup&#8217;tan ge\u00e7irece\u011fiz&#8221; diye konu\u015ftu.<!--more--><\/p>\n<p style=\"text-align: justify;\">Eski Ba\u015fbakan Yard\u0131mc\u0131s\u0131 H\u00fcsamettin \u00d6zkan, \u00f6nceki gece hastaneye gelerek Prof. Haberal&#8217;\u0131 ziyaret etmek istedi. Ancak g\u00f6r\u00fc\u015femeyen \u00d6zkan doktorlardan bilgi ald\u0131. Yakla\u015f\u0131k 5 dakika s\u00fcren ziyaretin ard\u0131ndan \u00d6zkan, &#8220;\u00c7ok iyi bir insand\u0131. Dostumdu. Bu duruma d\u00fc\u015fmesi hepimizi \u00fczd\u00fc. Buras\u0131 hukuk devleti. Hukuk gere\u011fini yapar&#8221; dedi. Haberal&#8217;\u0131 d\u00fcn de Tunceli Milletvekili Kamer Gen\u00e7 ve eski Bakan L\u00fctfullah Kayalar ziyaret etmek istedi. Gen\u00e7 ve Kayalar da Haberal&#8217;\u0131 g\u00f6remedi.<\/p>\n<p style=\"text-align: justify;\"><strong>Onur konu\u011fuydu <\/strong><\/p>\n<p style=\"text-align: justify;\">Bu arada Prof. Dr. Mehmet Haberal, \u0130stanbul&#8217;da bug\u00fcn ba\u015flayacak ve iki g\u00fcn s\u00fcrecek 5. D\u00fcnya \u00c7ocuk Organ Nakli Kongresi&#8217;nin onur konu\u011fuydu ve a\u00e7\u0131l\u0131\u015f konu\u015fmas\u0131n\u0131 yapmas\u0131 bekleniyordu. Kongre organizasyonundan Prof. Dr. O\u011fuz S\u00f6ylemezo\u011flu, &#8220;Haberal&#8217;\u0131n konu\u015fma yapmas\u0131 planlanan saate, bilimsel \u00e7al\u0131\u015fmalar\u0131n\u0131n anlat\u0131laca\u011f\u0131 bir konferans ekleniyor&#8221; dedi.<\/p>\n<p style=\"text-align: justify;\"><span style=\"color: #888888;\">Kaynak : H\u00fcrriyet<\/span><\/p>\n","protected":false},"excerpt":{"rendered":"<p style=\"text-align: justify;\">Ergenekon soru\u015fturmas\u0131 kapsam\u0131nda \u00f6nceki g\u00fcn tutuklanan ve g\u00f6t\u00fcr\u00fcld\u00fc\u011f\u00fc Metris Cezaevi&#8217;nde rahats\u0131zlan\u0131nca \u0130stanbul \u00dcniversitesi Kardiyoloji Enstit\u00fcs\u00fc&#8217;ne kald\u0131r\u0131lan Ba\u015fkent \u00dcniversitesi Rekt\u00f6r\u00fc Prof. Dr. Mehmet Haberal&#8217;\u0131n sa\u011fl\u0131k durumu ciddiyetini koruyor.<\/p>\n<p style=\"text-align: justify;\">Kalp spazm\u0131 \u015f\u00fcphesiyle hastaneye getirilen ve yo\u011fun bak\u0131mda tedavisi s\u00fcren Haberal&#8217;\u0131n rahats\u0131zl\u0131\u011f\u0131n\u0131n gece artt\u0131\u011f\u0131, doktorlar\u0131n acil m\u00fcdahalede bulundu\u011fu bildirildi. Kardiyoloji Enstit\u00fcs\u00fc M\u00fcd\u00fcr\u00fc Prof. Dr. <\/p>\n","protected":false},"author":1,"featured_media":0,"comment_status":"open","ping_status":"closed","sticky":false,"template":"","format":"standard","meta":{"footnotes":""},"categories":[105],"tags":[],"class_list":["post-8482","post","type-post","status-publish","format-standard","hentry","category-gundem","odd"],"_links":{"self":[{"href":"http:\/\/www.korhanyilmaz.com\/index.php?rest_route=\/wp\/v2\/posts\/8482","targetHints":{"allow":["GET"]}}],"collection":[{"href":"http:\/\/www.korhanyilmaz.com\/index.php?rest_route=\/wp\/v2\/posts"}],"about":[{"href":"http:\/\/www.korhanyilmaz.com\/index.php?rest_route=\/wp\/v2\/types\/post"}],"author":[{"embeddable":true,"href":"http:\/\/www.korhanyilmaz.com\/index.php?rest_route=\/wp\/v2\/users\/1"}],"replies":[{"embeddable":true,"href":"http:\/\/www.korhanyilmaz.com\/index.php?rest_route=%2Fwp%2Fv2%2Fcomments&post=8482"}],"version-history":[{"count":0,"href":"http:\/\/www.korhanyilmaz.com\/index.php?rest_route=\/wp\/v2\/posts\/8482\/revisions"}],"wp:attachment":[{"href":"http:\/\/www.korhanyilmaz.com\/index.php?rest_route=%2Fwp%2Fv2%2Fmedia&parent=8482"}],"wp:term":[{"taxonomy":"category","embeddable":true,"href":"http:\/\/www.korhanyilmaz.com\/index.php?rest_route=%2Fwp%2Fv2%2Fcategories&post=8482"},{"taxonomy":"post_tag","embeddable":true,"href":"http:\/\/www.korhanyilmaz.com\/index.php?rest_route=%2Fwp%2Fv2%2Ftags&post=8482"}],"curies":[{"name":"wp","href":"https:\/\/api.w.org\/{rel}","templated":true}]}}