{"id":8474,"date":"2009-04-18T21:21:50","date_gmt":"2009-04-18T18:21:50","guid":{"rendered":"http:\/\/www.korhanyilmaz.com\/?p=8474"},"modified":"2009-04-18T21:21:50","modified_gmt":"2009-04-18T18:21:50","slug":"erdoganin-avrupa-kulubu-uyesi-oldugunun-resmidir","status":"publish","type":"post","link":"http:\/\/www.korhanyilmaz.com\/?p=8474","title":{"rendered":"Erdo\u011fan&#039;\u0131n Avrupa Kul\u00fcb\u00fc \u00fcyesi oldu\u011funun resmidir"},"content":{"rendered":"<p style=\"text-align: center;\"><img loading=\"lazy\" decoding=\"async\" class=\"aligncenter size-full wp-image-8476\" title=\"Erdo\u011fan'\u0131n Avrupa Kul\u00fcb\u00fc \u00fcyesi oldu\u011funun resmidir \" src=\"http:\/\/www.korhanyilmaz.com\/wp-content\/uploads\/2009\/04\/63675ebffb94564d9ad679c6x1.jpg\" alt=\"63675ebffb94564d9ad679c6x1\" width=\"333\" height=\"175\" \/><\/p>\n<p style=\"text-align: justify;\">Erdo\u011fan, d\u00fcnya siyasetini y\u00f6nlendiren liderlerle birlikte d\u00fcn Schr\u00f6der i\u00e7in d\u00fczenlenen sembolik do\u011fum g\u00fcn\u00fc partisine kat\u0131larak, T\u00fcrkiye&#8217;nin art\u0131k Avrupa politikas\u0131n\u0131n akt\u00f6r\u00fc oldu\u011funu g\u00f6sterdi..<\/p>\n<p style=\"text-align: justify;\">Almanya&#8217;n\u0131n Hannover kenti, d\u00fcn ak\u015fam saatlerinde, d\u00fcnya siyasetinin \u00f6nemli isimlerini a\u011f\u0131rlad\u0131 ve nostaljik mini zirveye tan\u0131k oldu. Ba\u015fbakan Tayyip Erdo\u011fan, eski Almanya Ba\u015fbakan\u0131 olan, \u015fu anda ise Rus Gazprom \u015firketine \u00e7al\u0131\u015fan ve TNKBP petrol \u015firketi m\u00fcd\u00fcr\u00fc Gerhard Schr\u00f6der&#8217;in &#8216;\u00f6zel&#8217; davetlisiydi. Schr\u00f6der&#8217;in 65&#8217;inci ya\u015fg\u00fcn\u00fc kutlamas\u0131na, Erdo\u011fan ile birlikte 170 kadar se\u00e7kin davetli kat\u0131ld\u0131. Fransa&#8217;n\u0131n eski Cumhurba\u015fkan\u0131 Jacques Chirac&#8217;\u0131n da davetliler aras\u0131nda bulundu\u011fu bu \u00f6zel do\u011fum g\u00fcn\u00fc partisine son anda Rusya Ba\u015fbakan Vladimir Putin gelemedi. <!--more-->Kutlamaya Alman Sosyal Demokrat Parti&#8217;nin (SPD) Ba\u015fkan\u0131 Franz Munteferin, ba\u015fbakan aday\u0131 ve D\u0131\u015fi\u015fleri Bakan\u0131 Franz Walter Steinmeier kat\u0131ld\u0131. Bas\u0131na kapal\u0131 yap\u0131lan ve \u00e7ok dar bir davetli listesinin bulundu\u011fu bu kutlamada, sadece siyaset\u00e7iler de\u011fil, ayn\u0131 zamanda Almanya&#8217;n\u0131n \u00fcnl\u00fc sinema sanat\u00e7\u0131s\u0131 Veronika Ferres gibi \u00f6nemli simalar da bulunuyordu. Bu kutlaman\u0131n modet\u00f6rl\u00fc\u011f\u00fcn\u00fc, Almanya&#8217;n\u0131n \u00fcnl\u00fc modet\u00f6r\u00fc Thomas Gottschalk \u00fcstlendi.<\/p>\n<p style=\"text-align: justify;\"><strong>BA\u015eBA\u015eA G\u00d6R\u00dc\u015eME<br \/>\n<\/strong>Hannover&#8217;e d\u00fcn, saat 15:00 s\u0131ralar\u0131nda inen Ba\u015fbakan Erdo\u011fan, arkada\u015f\u0131 Schr\u00f6der taraf\u0131ndan, &#8216;\u00f6zel&#8217; olarak kar\u015f\u0131land\u0131. Ba\u015fbakan ve heyeti i\u00e7in havaliman\u0131nda T\u00fcrk i\u015fadam\u0131 Adil Aslan&#8217;a ait olan \u015firketten limuzin kiraland\u0131. Ba\u015fbakan ve Schr\u00f6der ile T\u00fcrk heyeti, bu limuzinlerle Erdo\u011fan&#8217;\u0131n kald\u0131\u011f\u0131 &#8216;Maritim&#8217; adl\u0131 otele hareket etti. Maritim&#8217;de Erdo\u011fan ve Schr\u00f6der aras\u0131nda ba\u015f ba\u015fa g\u00f6r\u00fc\u015fme ger\u00e7ekle\u015fti. Burada AB&#8217;nin \u00f6nemli do\u011falgaz projesi Nabucco&#8217;nun da i\u00e7inde bulundu\u011fu bir \u00e7ok kritik konuda g\u00f6r\u00fc\u015f al\u0131\u015fveri\u015finin ger\u00e7ekle\u015fti\u011fi san\u0131l\u0131yor. Schr\u00f6der&#8217;in do\u011fum g\u00fcn\u00fc, Hannover&#8217;e yakla\u015f\u0131k 60 km. mesafede buluna &#8216;Iserhanger&#8217; civar\u0131ndaki, Otel Seefugium&#8217;da yap\u0131ld\u0131. 170 kadar se\u00e7kin davetli, geceyi ge\u00e7irmek \u00fczere, otelin yak\u0131nlar\u0131ndaki di\u011fer otelleri doldurdu. Konuklar\u0131n 4 ayr\u0131 kontrol noktas\u0131ndan ge\u00e7erek ula\u015ft\u0131klar\u0131 otele bas\u0131n mensuplar\u0131 al\u0131nmad\u0131. Gazeteciler sadece otele 1 kilometre mesafedeki yol ayr\u0131m\u0131nda davetlilerin geli\u015flerini izleyebildi. Davetliler de yol ayr\u0131m\u0131nda \u00f6zel ara\u00e7lar\u0131n\u0131 b\u0131rak\u0131p minib\u00fcslerle partinin yap\u0131ld\u0131\u011f\u0131 yere g\u00f6t\u00fcr\u00fcld\u00fc.<\/p>\n<p style=\"text-align: justify;\"><strong>S\u0130NATRA D\u0130NLED\u0130LER<br \/>\n<\/strong>Erdo\u011fan&#8217;a ak\u015fam yeme\u011fi s\u0131ras\u0131nda sadece terc\u00fcman\u0131 e\u015flik etti. Saat 18.00&#8217;de Otel Seefugium&#8217;a gelen davetliler, yemek \u00f6ncesinde sohbet etti. Saat 19:30&#8217;da yemek i\u00e7in otelin yak\u0131n\u0131nda bulunan b\u00fcy\u00fck beyaz \u00e7ad\u0131ra ge\u00e7ildi. Davetliler i\u00e7in otelde s\u0131k\u0131 ancak rahats\u0131z etmeyen g\u00fcvenlik \u00f6nlemleri al\u0131nd\u0131. Erdo\u011fan, Schr\u00f6der&#8217;in do\u011fum g\u00fcn\u00fcne eli bo\u015f gelmedi. Hediye olarak, Erdo\u011fan, Y\u0131ld\u0131z Porselen&#8217;den al\u0131nan bir vazo sundu. Schr\u00f6der, ya\u015fg\u00fcn\u00fcnde en sevdi\u011fi par\u00e7a olan Frank Sinatra&#8217;n\u0131n My Way&#8217;ini \u00e7ald\u0131rd\u0131. Bu par\u00e7an\u0131n her \u00e7al\u0131n\u0131\u015f\u0131nda g\u00f6zleri dolan Schr\u00f6der, son olarak Ba\u015fbakanl\u0131ktan ayr\u0131l\u0131rken de, Alman ordusunun bandosuna My Way&#8217;i \u00e7ald\u0131rm\u0131\u015ft\u0131. Erdo\u011fan, bug\u00fcn de Alman gazetecilerle bir araya gelecek. Sivil toplum \u00f6rg\u00fct\u00fc temsilcilerini de kabul edecek olan Erdo\u011fan, daha sonra vatanda\u015flara hitaben bir konu\u015fma yapacak. Erdo\u011fan, daha sonra T\u00fcrkiye&#8217;ye d\u00f6necek.<\/p>\n<h6 style=\"text-align: justify;\">Partiye 150 \u00fcnl\u00fc ki\u015fi davet edildi<\/h6>\n<\/p>\n<p style=\"text-align: justify;\">* Parti Almanya eski Ba\u015fbakan\u0131 Gerhard Schr\u00f6der&#8217;in 65&#8217;inci do\u011fum g\u00fcn\u00fc kutlamas\u0131 i\u00e7in yap\u0131l\u0131yor.<\/p>\n<p style=\"text-align: justify;\">* Schr\u00f6der&#8217;in do\u011fumg\u00fcn\u00fc asl\u0131nda 7 Nisan. O tarihte e\u015fi ve aile \u00e7evresi ile kutlam\u0131\u015f.<\/p>\n<p style=\"text-align: justify;\">* Schr\u00f6der, partisi SPD&#8217;nin resmi bir do\u011fumg\u00fcn\u00fc partisi d\u00fczenlemesine kar\u015f\u0131 \u00e7\u0131km\u0131\u015f.<\/p>\n<p style=\"text-align: justify;\">* Resmi bir nitelik ta\u015f\u0131mayan parti, Hannover kentindeki Seefugium Oteli&#8217;nde d\u00fczenlenecek.<\/p>\n<p style=\"text-align: justify;\">* 150 ki\u015filik bir davetli listesi var. Listede Ba\u015fbakan Tayyip Erdo\u011fan, Fransa eski Cumhurba\u015fkan\u0131 Jacques Chirac, Almanya D\u0131\u015fi\u015fleri Bakan\u0131 Steinmeier, Scorpions grubu solisti Klaus Meine, \u00e7ok say\u0131da eski bakan, i\u015f adam\u0131, \u015firket y\u00f6neticileri yer al\u0131yor.<\/p>\n<p style=\"text-align: justify;\">* Sch\u00f6der, 2005&#8217;teki se\u00e7im yenilgisinin ard\u0131ndan avukatl\u0131k ve Rus Enerji \u015firketi Gazprom&#8217;a dan\u0131\u015fmanl\u0131k yap\u0131yor.<\/p>\n<h6 style=\"text-align: justify;\">Hem AB hem de AKP kapatma davas\u0131nda destek oldu<\/h6>\n<p style=\"text-align: justify;\">\n<p style=\"text-align: justify;\">Ba\u015fbakan Tayyip Erdo\u011fan&#8217;\u0131n do\u011fum g\u00fcn\u00fcne kat\u0131ld\u0131\u011f\u0131 Almanya eski Ba\u015fbakan\u0131 \u015eans\u00f6lye Schr\u00f6der ile \u00e7ok \u00f6zel dostlu\u011fu bulunuyor. Erdo\u011fan&#8217;a, &#8220;\u00fcst\u00fcn cesaret ve onur&#8221; \u00f6d\u00fcl\u00fc veren Schr\u00f6der, AK Parti aleyhine a\u00e7\u0131lan kapatma davas\u0131n\u0131, &#8220;onursuz bir giri\u015fim&#8221; olarak nitelendirmi\u015fti. Ba\u015fbakanl\u0131\u011f\u0131 d\u00f6neminde, Tayyip Erdo\u011fan&#8217;la kurdu\u011fu \u00f6zel dostlukla bilinen ve T\u00fcrkiye&#8217;nin AB \u00fcyelik m\u00fczakerelerine ba\u015flamas\u0131nda etkili olan Schr\u00f6der, 7 y\u0131ll\u0131k ba\u015fbakanl\u0131\u011f\u0131 d\u00f6neminde; i\u00e7eride ve d\u0131\u015far\u0131da tutarl\u0131 politikalar\u0131n\u0131n yan\u0131 s\u0131ra, T\u00fcrkiye&#8217;nin Avrupa Birli\u011fi adayl\u0131\u011f\u0131n\u0131n en ate\u015fli savunucular\u0131ndan biri oldu. Aral\u0131k 1999&#8217;da Finlandiya&#8217;n\u0131n ba\u015fkenti Helsinki&#8217;de yap\u0131lan AB zirvesinde, T\u00fcrkiye&#8217;ye AB aday\u0131 stat\u00fcs\u00fc, Schr\u00f6der ve birka\u00e7 devlet ba\u015fkan\u0131n\u0131n y\u00fcr\u00fctt\u00fckleri olumlu kampanya sonucu verildi. \u015eubat 2004&#8217;te parti ba\u015fkanl\u0131\u011f\u0131ndan istifa eden Schr\u00f6der, 2005 se\u00e7imlerini kaybetti ve ba\u015fbakanl\u0131\u011f\u0131 Angela Merkel&#8217;e b\u0131rakt\u0131. Erdo\u011fan ve Schr\u00f6der dostlu\u011funu peki\u015ftiren baz\u0131 olaylar \u015f\u00f6yle:<\/p>\n<p style=\"text-align: justify;\">* Ba\u015fbakan Tayyip Erdo\u011fan, Schr\u00f6der&#8217;in ba\u015fbakanl\u0131\u011f\u0131 d\u00f6neminde Almanya&#8217;n\u0131n en prestijli \u00f6d\u00fcllerinden biri olan; &#8220;Quadriga&#8221;ya lay\u0131k g\u00f6r\u00fcld\u00fc. Ba\u015fbakanl\u0131k koltu\u011funa yeni oturmu\u015f olan Erdo\u011fan, Latince&#8217;de; vizyon, cesaret, sorumluluk anlam\u0131na gelen &#8220;Quadriga&#8221;y\u0131 Schr\u00f6der&#8217;in elinden ald\u0131.<\/p>\n<p style=\"text-align: justify;\">* Schr\u00f6der, Expo 2015 i\u00e7in Milano ve \u0130zmir&#8217;in m\u00fccadelesinde T\u00fcrkiye&#8217;ye \u00f6nemli destek verdi. Gerhard Schr\u00f6der, EXPO delegelerinin kat\u0131l\u0131m\u0131yla 13-15 \u015eubat tarihleri aras\u0131nda d\u00fczenlenecek 2. Uluslararas\u0131 Sempozyuma kat\u0131lmak i\u00e7in \u0130zmir&#8217;e geldi ve delegelerden \u0130zmir ad\u0131na oy istedi.<\/p>\n<p style=\"text-align: justify;\">* Schr\u00f6der, Kas\u0131m 2005&#8217;te AK Parti \u0130stanbul \u0130l Ba\u015fkanl\u0131\u011f\u0131&#8217;n\u0131n Grand Cevahir Otel&#8217;de d\u00fczenledi\u011fi iftar yeme\u011fine kat\u0131ld\u0131. Ba\u015fbakan Erdo\u011fan&#8217;la iftar yeme\u011finde bir araya gelen Schr\u00f6der, T\u00fcrkiye&#8217;ye AB yolunda verdi\u011fi deste\u011fi bir kez daha yineledi. Konu\u015fmas\u0131na, &#8220;Herkese hay\u0131rl\u0131 Ramazanlar&#8221; diyerek ba\u015flayan Schr\u00f6der, uzun s\u00fcre alk\u0131\u015fland\u0131.<\/p>\n<p style=\"text-align: justify;\">* AK Parti&#8217;ye a\u00e7\u0131lan kapatma davas\u0131 hakk\u0131nda SABAH&#8217;a konu\u015fan Schr\u00f6der &#8220;Bu sadece yukardan gelen bir darbe giri\u015fimi de\u011fil, ayn\u0131 zamanda T\u00fcrk halk\u0131n\u0131n iradesine kar\u015f\u0131 yap\u0131lan onursuz bir giri\u015fimdir. Herkes bilmelidir ki demokrasiyi geriye d\u00f6nd\u00fcrmeye \u00e7al\u0131\u015fmak ba\u015far\u0131s\u0131zl\u0131kla sonu\u00e7lanacakt\u0131r&#8221; demi\u015fti.<\/p>\n<p style=\"text-align: justify;\">* 600 i\u015fadam\u0131yla T\u00fcrkiye&#8217;ye gelen Schr\u00f6der, Kuzey K\u0131br\u0131s konusunda AB&#8217;nin verdi\u011fi s\u00f6zleri tutmad\u0131\u011f\u0131n\u0131 s\u00f6yledi. Erdo\u011fan&#8217;la Ba\u015fbakanl\u0131k Konutu&#8217;nda yemek yedi. Yemekte, Schr\u00f6der ile \u00f6zel dostlu\u011fu bulunan Ba\u015fbakan Erdo\u011fan&#8217;\u0131n Dan\u0131\u015fman\u0131 C\u00fcneyd Zapsu da yer ald\u0131. Ba\u015fbakan Erdo\u011fan&#8217;la bir araya geldi\u011finde terc\u00fcmeleri \u00e7o\u011funlukla Zapsu yapt\u0131.<\/p>\n<p style=\"text-align: justify;\">* Nisan 2004&#8217;te K\u00f6ln&#8217;de T\u00fcrk-Alman Ticaret ve Sanayi Odas\u0131&#8217;n\u0131n a\u00e7\u0131l\u0131\u015f\u0131na Ba\u015fbakan Erdo\u011fan&#8217;la birlikte kat\u0131ld\u0131. Toplant\u0131n\u0131n sunucusu RTL kanal\u0131 haber spikeri T\u00fcrk k\u0131z\u0131 Nazan Eckes&#8217;e \u00f6vg\u00fcler ya\u011fd\u0131rarak, entegrasyona \u00f6rnek g\u00f6sterdi.<\/p>\n<p style=\"text-align: justify;\"><span style=\"color: #888888;\">Kaynak : Sabah<\/span><\/p>\n","protected":false},"excerpt":{"rendered":"<p style=\"text-align: center;\">\n<p style=\"text-align: justify;\">Erdo\u011fan, d\u00fcnya siyasetini y\u00f6nlendiren liderlerle birlikte d\u00fcn Schr\u00f6der i\u00e7in d\u00fczenlenen sembolik do\u011fum g\u00fcn\u00fc partisine kat\u0131larak, T\u00fcrkiye&#8217;nin art\u0131k Avrupa politikas\u0131n\u0131n akt\u00f6r\u00fc oldu\u011funu g\u00f6sterdi..<\/p>\n<p style=\"text-align: justify;\">Almanya&#8217;n\u0131n Hannover kenti, d\u00fcn ak\u015fam saatlerinde, d\u00fcnya siyasetinin \u00f6nemli isimlerini a\u011f\u0131rlad\u0131 ve nostaljik mini zirveye tan\u0131k oldu. Ba\u015fbakan Tayyip Erdo\u011fan, eski Almanya Ba\u015fbakan\u0131 olan, \u015fu anda <\/p>\n","protected":false},"author":1,"featured_media":0,"comment_status":"open","ping_status":"closed","sticky":false,"template":"","format":"standard","meta":{"footnotes":""},"categories":[105],"tags":[],"class_list":["post-8474","post","type-post","status-publish","format-standard","hentry","category-gundem","odd"],"_links":{"self":[{"href":"http:\/\/www.korhanyilmaz.com\/index.php?rest_route=\/wp\/v2\/posts\/8474","targetHints":{"allow":["GET"]}}],"collection":[{"href":"http:\/\/www.korhanyilmaz.com\/index.php?rest_route=\/wp\/v2\/posts"}],"about":[{"href":"http:\/\/www.korhanyilmaz.com\/index.php?rest_route=\/wp\/v2\/types\/post"}],"author":[{"embeddable":true,"href":"http:\/\/www.korhanyilmaz.com\/index.php?rest_route=\/wp\/v2\/users\/1"}],"replies":[{"embeddable":true,"href":"http:\/\/www.korhanyilmaz.com\/index.php?rest_route=%2Fwp%2Fv2%2Fcomments&post=8474"}],"version-history":[{"count":0,"href":"http:\/\/www.korhanyilmaz.com\/index.php?rest_route=\/wp\/v2\/posts\/8474\/revisions"}],"wp:attachment":[{"href":"http:\/\/www.korhanyilmaz.com\/index.php?rest_route=%2Fwp%2Fv2%2Fmedia&parent=8474"}],"wp:term":[{"taxonomy":"category","embeddable":true,"href":"http:\/\/www.korhanyilmaz.com\/index.php?rest_route=%2Fwp%2Fv2%2Fcategories&post=8474"},{"taxonomy":"post_tag","embeddable":true,"href":"http:\/\/www.korhanyilmaz.com\/index.php?rest_route=%2Fwp%2Fv2%2Ftags&post=8474"}],"curies":[{"name":"wp","href":"https:\/\/api.w.org\/{rel}","templated":true}]}}