{"id":847,"date":"2008-04-18T08:42:44","date_gmt":"2008-04-18T05:42:44","guid":{"rendered":"http:\/\/www.korhanyilmaz.com\/?p=847"},"modified":"2008-04-18T08:42:44","modified_gmt":"2008-04-18T05:42:44","slug":"washington%e2%80%99da-%e2%80%98yargi-darbesi%e2%80%99-tartisildi","status":"publish","type":"post","link":"http:\/\/www.korhanyilmaz.com\/?p=847","title":{"rendered":"Washington\u2019da \u2018yarg\u0131 darbesi\u2019 tart\u0131\u015f\u0131ld\u0131"},"content":{"rendered":"<p style=\"text-align: center;\"><img loading=\"lazy\" decoding=\"async\" class=\"alignnone\" src=\"http:\/\/www.korhanyilmaz.com\/wp-content\/uploads\/2008\/04\/brook1234.jpg\" alt=\"\" width=\"360\" height=\"120\" \/><\/p>\n<p style=\"text-align: justify;\">Washington&#8217;daki Brookings Enstit\u00fcs\u00fc&#8217;nde yap\u0131lan panelde, Adalet ve Kalk\u0131nma Partisi&#8217;nin (AKP) kapat\u0131lmas\u0131 i\u00e7in a\u00e7\u0131lan dava de\u011ferlendirildi.<\/p>\n<p style=\"text-align: justify;\">&#8220;Yarg\u0131 Darbesi mi?&#8221; ba\u015fl\u0131kl\u0131 panele eski D\u0131\u015fi\u015fleri Bakanlar\u0131ndan ve Anayasa Hukuku Profes\u00f6r\u00fc M\u00fcmtaz Soysal, Gazi \u00dcniversitesi Hukuk Fak\u00fcltesi \u00d6\u011fretim \u00dcyesi Levent K\u00f6ker ve Turkish Daily News gazetesi yazar\u0131 Mustafa Akyol kat\u0131ld\u0131. K\u00f6ker ve Akyol konuya \u2018demokrasi&#8217; a\u00e7\u0131s\u0131ndan bakarken, Soysal, konuyu \u2018hukuki&#8217; olarak de\u011ferlendiriyor. <!--more--><\/p>\n<p style=\"text-align: justify;\">Parti kapatma davas\u0131n\u0131n de\u011ferlendirildi\u011fi panele kat\u0131lan, Gazi \u00dcniversitesi Hukuk Fak\u00fcltesi \u00d6\u011fretim \u00dcyesi Levent K\u00f6ker, ayn\u0131 zamanda AKP&#8217;nin talebiyle yeni bir Anayasa tasla\u011f\u0131 haz\u0131rlayan Profes\u00f6r Ergun \u00d6zbudun&#8217;un ba\u015fkanl\u0131\u011f\u0131ndaki komisyonun \u00fcyelerinden.<\/p>\n<p style=\"text-align: justify;\">Profes\u00f6r K\u00f6ker, kapatma davas\u0131n\u0131 &#8220;bir \u00e7at\u0131\u015fma&#8221; olarak g\u00f6r\u00fcyor. Ancak K\u00f6ker, bu \u00e7at\u0131\u015fman\u0131n &#8220;gelenekselciler ve modernlik yanl\u0131lar\u0131 aras\u0131nda de\u011fil, demokrasi yanl\u0131lar\u0131yla devletin koruyucular\u0131, cumhuriyetin sahipleri aras\u0131nda oldu\u011funu&#8221; d\u00fc\u015f\u00fcn\u00fcyor.<\/p>\n<p style=\"text-align: justify;\">K\u00f6ker, T\u00fcrkiye&#8217;nin Avrupa Konseyi \u00fcyesi oldu\u011funu, biri hari\u00e7 son 10 parti kapatma davas\u0131n\u0131n Avrupa \u0130nsan Haklar\u0131 Mahkemesi taraf\u0131ndan uygunsuz bulundu\u011funu hat\u0131rlatt\u0131.<\/p>\n<p style=\"text-align: justify;\">Panelde s\u00f6z alan T\u00fcrkish Daily News gazetesi yazar\u0131 Mustafa Akyol da kapatma davas\u0131n\u0131 daha geni\u015f, tarihi ve siyasi bir a\u00e7\u0131dan yorumlad\u0131. Akyol, T\u00fcrkiye&#8217;nin Frans\u0131z modeline uygun bir laikli\u011fi benimsedi\u011fini hat\u0131rlatt\u0131, T\u00fcrkiye&#8217;nin kurucular\u0131n\u0131n, &#8220;Frans\u0131zlar\u0131n a\u015f\u0131r\u0131 laiklik yakla\u015f\u0131m\u0131ndan ilham buldu\u011funu&#8217; s\u00f6yledi.<\/p>\n<p style=\"text-align: justify;\">Akyol, &#8220;Sormam\u0131z gereken soru \u015fu: T\u00fcrkiye&#8217;nin ger\u00e7ekten bu kadar kat\u0131, liberal olmayan bir laiklik sistemine ihtiyac\u0131 var m\u0131&#8221; diye konu\u015ftu. Akyol, T\u00fcrkiye&#8217;nin Afganistan veya Pakistan gibi bir \u00fclke olmad\u0131\u011f\u0131n\u0131, T\u00fcrkiye&#8217;deki \u0130slam anlay\u0131\u015f\u0131n\u0131n \u00e7ok daha \u00e7a\u011fda\u015f oldu\u011funu, bu nedenle bu kadar kat\u0131 bir laikli\u011fe ihtiya\u00e7 duyulmad\u0131\u011f\u0131n\u0131 savundu.<\/p>\n<p style=\"text-align: justify;\">Akyol, \u0130slamc\u0131l\u0131kla su\u00e7lanan kesimlerin, T\u00fcrkiye&#8217;de laikli\u011fin y\u0131k\u0131lmas\u0131n\u0131 de\u011fil, Amerikan modeline uygun bir laiklik istediklerini s\u00f6yledi.<\/p>\n<p style=\"text-align: justify;\">Anayasa Hukuku Profes\u00f6r\u00fc M\u00fcmtaz Soysal ise T\u00fcrkiye Cumhuriyeti&#8217;nin M\u00fcsl\u00fcman bir toplum i\u00e7erisinde demokrasiyi muhafaza etmeye \u00e7al\u0131\u015ft\u0131\u011f\u0131n\u0131 belirtti.<\/p>\n<p style=\"text-align: justify;\">Bu konuda, Avrupa&#8217;n\u0131n tutumunu ele\u015ftiren Soysal Amerika&#8217;n\u0131n daha anlay\u0131\u015fl\u0131 bir yakla\u015f\u0131m sergiledi\u011fini s\u00f6yledi. Soysal, Amerika&#8217;da da yarg\u0131n\u0131n siyasi sistemi muhafaza etti\u011fini hat\u0131rlatt\u0131.<\/p>\n<p style=\"text-align: justify;\">Soysal, T\u00fcrkiye&#8217;de anayasal sistemin i\u015flemekte oldu\u011funu s\u00f6yledi. M\u00fcmtaz Soysal, demokrasinin devaml\u0131l\u0131\u011f\u0131n\u0131 sa\u011flayan Anayasal sistemin, \u00e7o\u011funluk ilkesinin hukukun \u00fcst\u00fcnl\u00fc\u011f\u00fc ilkesini ihlal etmemesini garanti etti\u011fini s\u00f6yledi. Soysal, &#8220;Cumhuriyetin, ba\u015fka g\u00fc\u00e7lerin m\u00fcdahalesini beklemektense kurumlar\u0131n\u0131 kullanarak sorunlar\u0131n\u0131 a\u015fmaya \u00e7al\u0131\u015f\u0131yor&#8221; diye konu\u015ftu. &#8220;Ba\u015far\u0131s\u0131z askeri darbelerin ele\u015ftirildi\u011fini&#8221; hat\u0131rlatan Soysal, &#8220;\u015fu anda kanunlar\u0131n dahilinde, Anayasaya uygun ve ola\u011fan bir s\u00fcrecin i\u015fledi\u011fini&#8221; savundu.<\/p>\n<p style=\"text-align: justify;\">Soysal, sistemin kendini koruma mekanizmas\u0131 bulundu\u011funu ve bu mekanizman\u0131n demokratik sistemin d\u0131\u015f\u0131ndan gelebilecek m\u00fcdahalelerin \u00f6n\u00fcne ge\u00e7ti\u011fini s\u00f6yledi.<\/p>\n<p style=\"text-align: justify;\"><span style=\"color: #888888;\">Kaynak : Star Gazetesi\u00a0<\/span><\/p>\n","protected":false},"excerpt":{"rendered":"<p style=\"text-align: center;\">\n<p style=\"text-align: justify;\">Washington&#8217;daki Brookings Enstit\u00fcs\u00fc&#8217;nde yap\u0131lan panelde, Adalet ve Kalk\u0131nma Partisi&#8217;nin (AKP) kapat\u0131lmas\u0131 i\u00e7in a\u00e7\u0131lan dava de\u011ferlendirildi.<\/p>\n<p style=\"text-align: justify;\">&#8220;Yarg\u0131 Darbesi mi?&#8221; ba\u015fl\u0131kl\u0131 panele eski D\u0131\u015fi\u015fleri Bakanlar\u0131ndan ve Anayasa Hukuku Profes\u00f6r\u00fc M\u00fcmtaz Soysal, Gazi \u00dcniversitesi Hukuk Fak\u00fcltesi \u00d6\u011fretim \u00dcyesi Levent K\u00f6ker ve Turkish Daily News gazetesi yazar\u0131 Mustafa Akyol kat\u0131ld\u0131. K\u00f6ker ve <\/p>\n","protected":false},"author":1,"featured_media":0,"comment_status":"open","ping_status":"open","sticky":false,"template":"","format":"standard","meta":{"footnotes":""},"categories":[3],"tags":[],"class_list":["post-847","post","type-post","status-publish","format-standard","hentry","category-dunya","odd"],"_links":{"self":[{"href":"http:\/\/www.korhanyilmaz.com\/index.php?rest_route=\/wp\/v2\/posts\/847","targetHints":{"allow":["GET"]}}],"collection":[{"href":"http:\/\/www.korhanyilmaz.com\/index.php?rest_route=\/wp\/v2\/posts"}],"about":[{"href":"http:\/\/www.korhanyilmaz.com\/index.php?rest_route=\/wp\/v2\/types\/post"}],"author":[{"embeddable":true,"href":"http:\/\/www.korhanyilmaz.com\/index.php?rest_route=\/wp\/v2\/users\/1"}],"replies":[{"embeddable":true,"href":"http:\/\/www.korhanyilmaz.com\/index.php?rest_route=%2Fwp%2Fv2%2Fcomments&post=847"}],"version-history":[{"count":0,"href":"http:\/\/www.korhanyilmaz.com\/index.php?rest_route=\/wp\/v2\/posts\/847\/revisions"}],"wp:attachment":[{"href":"http:\/\/www.korhanyilmaz.com\/index.php?rest_route=%2Fwp%2Fv2%2Fmedia&parent=847"}],"wp:term":[{"taxonomy":"category","embeddable":true,"href":"http:\/\/www.korhanyilmaz.com\/index.php?rest_route=%2Fwp%2Fv2%2Fcategories&post=847"},{"taxonomy":"post_tag","embeddable":true,"href":"http:\/\/www.korhanyilmaz.com\/index.php?rest_route=%2Fwp%2Fv2%2Ftags&post=847"}],"curies":[{"name":"wp","href":"https:\/\/api.w.org\/{rel}","templated":true}]}}