{"id":8459,"date":"2009-04-18T21:54:55","date_gmt":"2009-04-18T19:54:55","guid":{"rendered":"http:\/\/www.korhanyilmaz.com\/?p=8459"},"modified":"2009-04-18T21:54:55","modified_gmt":"2009-04-18T19:54:55","slug":"baykal-bu-ulkenin-dekanlari-iceride-kimsenin-kili-kipirdamiyor","status":"publish","type":"post","link":"http:\/\/www.korhanyilmaz.com\/?p=8459","title":{"rendered":"Baykal: Bu \u00fclkenin dekanlar\u0131 i\u00e7eride kimsenin k\u0131l\u0131 k\u0131p\u0131rdam\u0131yor"},"content":{"rendered":"<p style=\"text-align: center;\"><img loading=\"lazy\" decoding=\"async\" class=\"size-full wp-image-8460 aligncenter\" title=\"CHP Genel Ba\u015fkan\u0131 Deniz Baykal\" src=\"http:\/\/www.korhanyilmaz.com\/wp-content\/uploads\/2009\/04\/bayjalll.jpg\" alt=\"CHP Genel Ba\u015fkan\u0131 Deniz Baykal\" width=\"300\" height=\"219\" \/><\/p>\n<p style=\"text-align: center;\">\n<p style=\"text-align: justify;\">CHP Genel Ba\u015fkan\u0131 Deniz Baykal,&#8221;Ergenekon&#8221; soru\u015fturmas\u0131 kapsam\u0131nda ger\u00e7ekle\u015ftirilen g\u00f6zalt\u0131larla ilgili &#8220;O insanlar orada. Yani Mehmet Haberal can derdinde. Yani bu memleketin namuslu d\u00fcr\u00fcst profes\u00f6rleri, dekanlar\u0131 cezaevlerinde ac\u0131 \u00e7ekiyorlar. Kimsenin k\u0131l\u0131 k\u0131p\u0131rdam\u0131yor&#8221; dedi.<\/p>\n<p style=\"text-align: justify;\">Bunun &#8220;\u00c7ok ac\u0131 bir manzara oldu\u011funu&#8221; ifade eden Baykal, &#8220;Bu tabloyu, inan\u0131yorum art\u0131k ayd\u0131nl\u0131\u011fa kavu\u015fturacak tek g\u00fc\u00e7 milletin kendisidir. Ne \u00e7i\u00e7ek g\u00f6ndererek, ne sempati deme\u00e7leri vererek bu gidi\u015fi \u00f6nlemek m\u00fcmk\u00fcn de\u011fildir. Bu gidi\u015fi \u00f6nleyecek olan milletin iradesidir, milletin kendisidir&#8221; diye konu\u015ftu. <!--more--><\/p>\n<p style=\"text-align: justify;\">CHP Genel Merkezi&#8217;nde il ba\u015fkanlar\u0131, b\u00fcy\u00fck\u015fehir, il, il\u00e7e ve belde belediye ba\u015fkanlar\u0131, milletvekilleri, MYK, PM ve YDK \u00fcyelerinin kat\u0131l\u0131m\u0131yla d\u00fczenlenen toplant\u0131da konu\u015fan Baykal, &#8220;Ergenekon&#8221; soru\u015fturmas\u0131yla ilgili ya\u015fanan s\u00fcreci de de\u011ferlendirdi.<br \/>\nBunun hukuki de\u011fil, siyasi bir dava oldu\u011funu ileri s\u00fcren Baykal, yarg\u0131lama yap\u0131l\u0131rken g\u00f6zalt\u0131na almalar\u0131n s\u00fcrd\u00fc\u011f\u00fcn\u00fc, iki iddianame yaz\u0131ld\u0131\u011f\u0131n\u0131, \u00fc\u00e7\u00fcnc\u00fc iddianamenin haz\u0131rl\u0131\u011f\u0131n\u0131n devam etti\u011fini s\u00f6yledi.<br \/>\nDavada i\u00e7 i\u00e7e ge\u00e7mi\u015f karma\u015f\u0131k bir s\u00fcre\u00e7 ya\u015fand\u0131\u011f\u0131n\u0131 kaydeden Baykal, s\u00f6zlerini \u015f\u00f6yle s\u00fcrd\u00fcrd\u00fc:<br \/>\n&#8220;\u0130ddianame ciddi bir olayd\u0131r. Ba\u015f\u0131 bellidir, sonu bellidir, kapsam\u0131 bellidir. Kimler neyle ni\u00e7in su\u00e7lan\u0131yor bellidir. Su\u00e7laman\u0131n hukuki dayanaklar\u0131, maddi temelleri, kan\u0131tlar\u0131, tan\u0131klar\u0131 bellidir. B\u00f6yle oldu\u011fu zaman iddianame olur. \u015eimdi bizim burada g\u00f6rd\u00fc\u011f\u00fcm\u00fcz bu nitelikte bir iddianame mi? Ne ba\u015f\u0131 belli, ne sonu belli. Ne hukuki dayana\u011f\u0131, ne maddi olay\u0131 belli. Bir haham \u00e7\u0131km\u0131\u015f iddialar ortaya atm\u0131\u015f. O iddialara dayal\u0131 olarak M\u0130T, Ba\u015fbakanl\u0131\u011f\u0131 uyarm\u0131\u015f. S\u0131k\u0131\u015ft\u0131r\u0131l\u0131nca, &#8216;Deli sa\u00e7mas\u0131 ama ne yapay\u0131m g\u00f6ndermek durumundayd\u0131m&#8221; diyor. S\u00f6yleyen M\u0130T, g\u00f6nderen kurulu\u015f. &#8216;\u0130nand\u0131r\u0131c\u0131 buluyor musunuz bunlar\u0131?&#8217; diye sorunca, &#8216;\u0130nand\u0131r\u0131c\u0131 bulmuyorum, deli sa\u00e7mas\u0131 ama elimde tutamam g\u00f6nderdim&#8217;. Sen elinde tutam\u0131yorsun g\u00f6nderiyorsun, &#8216;M\u0130T&#8217;ten geldi&#8217; diye o, ciddiye al\u0131yor. O savc\u0131ya havale ediyor. B\u00f6yle ciddiyetsiz i\u015f olur mu? Arkas\u0131ndan anla\u015f\u0131l\u0131yor ki o ifade i\u015fkence alt\u0131nda al\u0131nm\u0131\u015f. \u0130\u015fkence alt\u0131nda ifadenin al\u0131nd\u0131\u011f\u0131 nice zaman ge\u00e7tikten sonra itiraf ediliyor ama g\u00f6nderilirken &#8216;i\u015fkence alt\u0131nda al\u0131nm\u0131\u015ft\u0131r&#8217; diye bir a\u00e7\u0131klama yok. Ne bi\u00e7im i\u015f? B\u00f6yle hukuk, adalet olur mu?&#8221;<br \/>\nDavada bir haham ve bir sab\u0131kal\u0131n\u0131n tan\u0131k olarak g\u00f6sterildi\u011fini belirten Baykal, bunun \u00fcz\u00fcnt\u00fc verici bir manzara oldu\u011funu s\u00f6yledi.<\/p>\n<p><strong>&#8220;YANLI\u015e OLDU\u011eUNU S\u00d6YLED\u0130 HERKES&#8221;- <\/strong>\n<\/p>\n<p style=\"text-align: justify;\">Bu davan\u0131n etraf\u0131nda toplumun en sayg\u0131de\u011fer insanlar\u0131n\u0131n &#8220;o nedenle, bu nedenle teker teker, b\u00fcy\u00fck ac\u0131lar\u0131 \u00e7ekmek \u00fczere g\u00f6zalt\u0131na al\u0131nd\u0131klar\u0131n\u0131, haks\u0131zl\u0131klara maruz kald\u0131klar\u0131n\u0131 ve T\u00fcrkiye&#8217;nin bunu seyretti\u011fini&#8221; ifade eden Baykal, \u015fimdi yava\u015f yava\u015f insanlar\u0131n &#8220;bu kadar olmaz&#8221; demeye ba\u015flad\u0131klar\u0131n\u0131 kaydetti.<br \/>\nBaykal, &#8220;(Bu kadar da olmaz) de\u011fil. Hi\u00e7 olmaz, hi\u00e7, hi\u00e7 olmaz&#8230; Yanl\u0131\u015f sadece falan ki\u015fi filan ki\u015fi al\u0131nd\u0131\u011f\u0131 i\u00e7in de\u011fil, ta ba\u015f\u0131ndan beri yap\u0131lan yanl\u0131\u015f, yanl\u0131\u015f&#8230; Hukukta yok b\u00f6yle bir \u015fey&#8221; diye konu\u015ftu.<br \/>\nYarg\u0131tay Onursal Ba\u015fkan\u0131 Sami Sel\u00e7uk&#8217;un davan\u0131n iddianamesini ele\u015ftirdi\u011fini hat\u0131rlatan Baykal, &#8220;T\u00fcrkiye&#8217;de Yarg\u0131tay Onursal Ba\u015fkan\u0131&#8217;n\u0131n b\u00f6yle s\u00f6yleyece\u011fi bir iddianameyle bu memleketin d\u00fcr\u00fcst namuslu evlatlar\u0131na bu ac\u0131lar\u0131 \u00e7ektirmenin kabul edilebilir bir taraf\u0131 var m\u0131?&#8221; ifadesini kulland\u0131.<br \/>\nBaz\u0131 hukuk\u00e7ularla T\u00fcrkiye Barolar Birli\u011fi&#8217;nin de s\u00fcre\u00e7le ilgili ele\u015ftirileri oldu\u011funu, Sel\u00e7uk&#8217;un son olarak &#8220;Dava A&#8217;dan Z&#8217;ye siyasalla\u015ft\u0131&#8221; a\u00e7\u0131klamas\u0131nda bulundu\u011funu hat\u0131rlatan Baykal, &#8220;\u00c7\u0131kt\u0131\u011f\u0131 zaman zaten siyasald\u0131. CHP onu s\u00f6ylemi\u015fti. \u015eimdi art\u0131k A&#8217;dan Z&#8217;ye kadar siyasalla\u015ft\u0131\u011f\u0131n\u0131 bu memleketin d\u00fcr\u00fcst ciddi hukuk\u00e7ular\u0131 da s\u00f6yl\u00fcyor&#8221; dedi.<\/p>\n<p style=\"text-align: justify;\">T\u00fcrk Ceza Kanunu&#8217;nu haz\u0131rlayan hukuk\u00e7unun &#8220;Yap\u0131lanlar\u0131n uygun olmad\u0131\u011f\u0131n\u0131&#8221; dile getirdi\u011fini ifade eden Baykal, &#8220;T\u00dcS\u0130AD bile mahcup mahcup \u015fikayet etme noktas\u0131na geliyor. Tasavvur edin. T\u00dcS\u0130AD bile \u015fikayet\u00e7i olmaya ba\u015flam\u0131\u015f. En ihtiyatl\u0131, en ho\u015fg\u00f6r\u00fcl\u00fc olmaya haz\u0131r, en b\u00fcy\u00fck bask\u0131lara maruz kalm\u0131\u015f olan bu kurulu\u015flar bile yava\u015f yava\u015f &#8216;biz de \u00f6yle uygun g\u00f6rm\u00fcyoruz&#8217; deme noktas\u0131na geliyorlar&#8221; \u015feklinde konu\u015ftu.<br \/>\nBaykal, TBMM Ba\u015fkan\u0131 K\u00f6ksal Toptan&#8217;\u0131n da &#8220;yanl\u0131\u015f&#8221; de\u011ferlendirmesinde bulundu\u011funu belirterek, \u015fu g\u00f6r\u00fc\u015fleri dile getirdi:<br \/>\n&#8220;Bu neyi g\u00f6steriyor? Bu yanl\u0131\u015f. Ne oldu peki, ne oldu? Yanl\u0131\u015f oldu\u011funu s\u00f6yledi herkes. Yani o insanlar orada. Yani Mehmet Haberal can derdinde. Yani bu memleketin namuslu, d\u00fcr\u00fcst profes\u00f6rleri, dekanlar\u0131 cezaevlerinde ac\u0131 \u00e7ekiyorlar. Kimsenin k\u0131l\u0131 k\u0131p\u0131rdam\u0131yor. \u00c7ok ac\u0131 bir manzara. Bu tabloyu inan\u0131yorum art\u0131k ayd\u0131nl\u0131\u011fa kavu\u015fturacak tek g\u00fc\u00e7 milletin kendisidir. Ne \u00e7i\u00e7ek g\u00f6ndererek, ne sempati deme\u00e7leri vererek bu gidi\u015fi \u00f6nlemek m\u00fcmk\u00fcn de\u011fildir. Bu gidi\u015fi \u00f6nleyecek olan milletin iradesidir, milletin kendisidir.&#8221;<br \/>\nValilerin &#8220;yer yer oyuncak oldu\u011funu&#8221; savunan Baykal, &#8220;Namuslu d\u00fcr\u00fcst, i\u015finin gere\u011fini yapan devletin valileri de var. Ama ne yaz\u0131k ki \u00e7\u00fcr\u00fcme ba\u015flam\u0131\u015f. AKP militanlar\u0131 olarak valiler kullan\u0131l\u0131yor. Kimsenin sesi \u00e7\u0131km\u0131yor. Hukukta, adalette var m\u0131 b\u00f6yle bir \u015fey? Bu gidi\u015f iyi bir gidi\u015f mi?&#8221; s\u00f6zlerini kulland\u0131.<\/p>\n<p><strong>T\u00dcRK\u0130YE-AZERBAYCAN \u0130L\u0130\u015eK\u0130LER\u0130 <\/strong>\n<\/p>\n<p style=\"text-align: justify;\">T\u00fcrkiye&#8217;nin temel ulusal yararlar\u0131n\u0131 tahrip eden bir d\u0131\u015f politika izlendi\u011fini de savunan Baykal, &#8220;B\u00fct\u00fcn kom\u015fular\u0131m\u0131zla iyi ili\u015fkiler kuraca\u011f\u0131z, sorunlar\u0131 \u00e7\u00f6zece\u011fiz&#8221; denilmesine ra\u011fmen var olan iyi ili\u015fkileri de tehlikeye sokacak ad\u0131mlar at\u0131lmaya ba\u015fland\u0131\u011f\u0131n\u0131 s\u00f6yledi.<br \/>\nT\u00fcrkiye&#8217;nin en sa\u011flam, en g\u00fcvenilir, en de\u011ferli dostluk ili\u015fkilerinin &#8220;macerac\u0131, \u00f6n\u00fcn\u00fc sonunu hesap etmeden ortaya konulan politikalar\u0131n&#8221; kurban\u0131 olarak ortaya \u00e7\u0131kmaya ba\u015flad\u0131\u011f\u0131n\u0131 ifade eden Baykal, &#8220;\u015eimdi Azerbaycan ile \u00e7ok ciddi s\u0131k\u0131nt\u0131lar i\u00e7ine girmeye ba\u015flad\u0131k. T\u00fcrk-Azerbaycan dostlu\u011fu ciddi \u015fekilde bu iktidar d\u00f6neminde tehlikeye at\u0131lmaya ba\u015flanm\u0131\u015ft\u0131r. Ortada elde edilen bir sonu\u00e7 yoktur. Ama \u015fimdiden bedel \u00f6denmeye ba\u015flanm\u0131\u015ft\u0131r. Gereksiz yere, yanl\u0131\u015f olarak T\u00fcrkiye i\u00e7in \u00e7ok a\u011f\u0131r sonu\u00e7lar do\u011furacak bedeller \u00f6denmeye ba\u015flanm\u0131\u015ft\u0131r. Bilinmelidir ki o bedeller sadece T\u00fcrkiye i\u00e7in de\u011fil, Avrupa Birli\u011fi, Bat\u0131 d\u00fcnyas\u0131 i\u00e7in de \u00e7ok \u00f6nemli bedeller olarak ortaya \u00e7\u0131kacakt\u0131r.&#8221;\n<\/p>\n<p style=\"text-align: justify;\"><span style=\"color: #888888;\">Kaynak : Radikal<\/span><\/p>\n<p style=\"text-align: justify;\">\n","protected":false},"excerpt":{"rendered":"<p style=\"text-align: center;\">\n<p style=\"text-align: center;\">\n<p style=\"text-align: justify;\">CHP Genel Ba\u015fkan\u0131 Deniz Baykal,&#8221;Ergenekon&#8221; soru\u015fturmas\u0131 kapsam\u0131nda ger\u00e7ekle\u015ftirilen g\u00f6zalt\u0131larla ilgili &#8220;O insanlar orada. Yani Mehmet Haberal can derdinde. Yani bu memleketin namuslu d\u00fcr\u00fcst profes\u00f6rleri, dekanlar\u0131 cezaevlerinde ac\u0131 \u00e7ekiyorlar. Kimsenin k\u0131l\u0131 k\u0131p\u0131rdam\u0131yor&#8221; dedi.<\/p>\n<p style=\"text-align: justify;\">Bunun &#8220;\u00c7ok ac\u0131 bir manzara oldu\u011funu&#8221; ifade eden Baykal, &#8220;Bu tabloyu, inan\u0131yorum art\u0131k <\/p>\n","protected":false},"author":1,"featured_media":0,"comment_status":"open","ping_status":"closed","sticky":false,"template":"","format":"standard","meta":{"footnotes":""},"categories":[105],"tags":[],"class_list":["post-8459","post","type-post","status-publish","format-standard","hentry","category-gundem","odd"],"_links":{"self":[{"href":"http:\/\/www.korhanyilmaz.com\/index.php?rest_route=\/wp\/v2\/posts\/8459","targetHints":{"allow":["GET"]}}],"collection":[{"href":"http:\/\/www.korhanyilmaz.com\/index.php?rest_route=\/wp\/v2\/posts"}],"about":[{"href":"http:\/\/www.korhanyilmaz.com\/index.php?rest_route=\/wp\/v2\/types\/post"}],"author":[{"embeddable":true,"href":"http:\/\/www.korhanyilmaz.com\/index.php?rest_route=\/wp\/v2\/users\/1"}],"replies":[{"embeddable":true,"href":"http:\/\/www.korhanyilmaz.com\/index.php?rest_route=%2Fwp%2Fv2%2Fcomments&post=8459"}],"version-history":[{"count":0,"href":"http:\/\/www.korhanyilmaz.com\/index.php?rest_route=\/wp\/v2\/posts\/8459\/revisions"}],"wp:attachment":[{"href":"http:\/\/www.korhanyilmaz.com\/index.php?rest_route=%2Fwp%2Fv2%2Fmedia&parent=8459"}],"wp:term":[{"taxonomy":"category","embeddable":true,"href":"http:\/\/www.korhanyilmaz.com\/index.php?rest_route=%2Fwp%2Fv2%2Fcategories&post=8459"},{"taxonomy":"post_tag","embeddable":true,"href":"http:\/\/www.korhanyilmaz.com\/index.php?rest_route=%2Fwp%2Fv2%2Ftags&post=8459"}],"curies":[{"name":"wp","href":"https:\/\/api.w.org\/{rel}","templated":true}]}}